{"id":315194,"date":"2022-06-07T01:00:14","date_gmt":"2022-06-06T23:00:14","guid":{"rendered":"https:\/\/www.focolare.org\/les-jeunes-et-loecumenisme\/"},"modified":"2024-05-15T21:03:11","modified_gmt":"2024-05-15T19:03:11","slug":"les-jeunes-et-loecumenisme","status":"publish","type":"post","link":"https:\/\/www.focolare.org\/fr\/les-jeunes-et-loecumenisme\/","title":{"rendered":"Les jeunes et l&rsquo;\u0153cum\u00e9nisme"},"content":{"rendered":"<p><em>En Am\u00e9rique latine, la majorit\u00e9 de la population appartient \u00e0 l&rsquo;\u00c9glise catholique romaine mais la relation entre les diff\u00e9rentes \u00c9glises se d\u00e9veloppe depuis un certain temps. Le travail partag\u00e9 dans le domaine social permet aux chr\u00e9tiens de trouver de plus en plus d&rsquo;espaces pour une v\u00e9ritable unit\u00e9. L&rsquo;un des moments les plus forts est la semaine de pri\u00e8re pour l&rsquo;unit\u00e9 des chr\u00e9tiens, c\u00e9l\u00e9br\u00e9e dans l&rsquo;h\u00e9misph\u00e8re sud autour de la f\u00eate de Pentec\u00f4te. Les jeunes prennent de plus en plus l&rsquo;initiative de mener des actions concr\u00e8tes.\u00a0 <\/em>  <img alt=\"\" alt=\"\" loading=\"lazy\" decoding=\"async\" class=\"wp-image-248951 alignright\" src=\"https:\/\/www.focolare.org\/wp-content\/uploads\/2022\/06\/La-urgencia-de-la-fraternidad-y-la-cooperacio\u0301n-ecume\u0301nica-579x340.jpg\" alt=\"\" width=\"375\" height=\"220\" \/>Les jeunes ont toujours \u00e9t\u00e9 attir\u00e9s par ce qui est inconnu, par ce qui est diff\u00e9rent d&rsquo;eux, par tout ce qui repr\u00e9sente quelque chose de nouveau, m\u00eame dans le domaine religieux; ils sont de plus en plus ouverts \u00e0 ceux qui ne sont pas de leur propre \u00e9glise. C&rsquo;est une exp\u00e9rience men\u00e9e par<em> <a href=\"https:\/\/ikumeni.org\/\">Ikum\u00e9ni<\/a><\/em>, un atelier destin\u00e9 aux jeunes chr\u00e9tiens d&rsquo;Am\u00e9rique latine (ou latino-am\u00e9ricaines) appartenant \u00e0 diff\u00e9rentes \u00e9glises et traditions chr\u00e9tiennes.  \u00ab\u00a0D\u00e8s le premier jour, j&rsquo;ai compris que cela allait \u00eatre un d\u00e9fi personnel pour chacune des personnes pr\u00e9sentes, \u00e0 commencer par moi, qui fr\u00e9quente quotidiennement des personnes majoritairement catholiques, comme moi.\u00a0 Dans ce cours, tout \u00e9tait nouveau et chaque participant venait d&rsquo;une \u00e9glise diff\u00e9rente\u00a0\u00bb, raconte Carolina Bojac\u00e1, une jeune Colombienne du mouvement des Focolari.  <img alt=\"\" alt=\"\" loading=\"lazy\" decoding=\"async\" class=\"wp-image-248950 alignleft\" src=\"https:\/\/www.focolare.org\/wp-content\/uploads\/2022\/06\/Ikumeni-de-Creas-2-608x340.jpg\" alt=\"\" width=\"411\" height=\"230\" \/>Des jeunes chr\u00e9tiens de diff\u00e9rentes traditions deviennent compagnons de route dans cette formation qui constitue une exp\u00e9rience sans pr\u00e9c\u00e9dent dans le domaine \u0153cum\u00e9nique. \u00c0 partir d&rsquo;une foi commune en Christ, chacun se pr\u00e9pare \u00e0 servir, que ce soit dans le domaine du d\u00e9veloppement durable, de la paix ou de l&rsquo;aide humanitaire.  \u00ab\u00a0En ao\u00fbt 2021, j&rsquo;ai assist\u00e9, sous forme virtuelle &#8211; poursuit Carolina \u2013 \u00e0 une formation pour les jeunes sur les bonnes pratiques \u0153cum\u00e9niques et interreligieuses. D\u00e8s le d\u00e9but, une tr\u00e8s bonne atmosph\u00e8re s&rsquo;est cr\u00e9\u00e9e entre tous et nous avons ressenti une forte envie de nouer des relations et de mieux nous conna\u00eetre&#8230; En abordant chaque question, nous nous sommes \u00e9galement rendu compte que, pour avancer, nous devions souvent nous d\u00e9faire des pr\u00e9jug\u00e9s ou des id\u00e9es pr\u00e9con\u00e7ues qui se cr\u00e9ent souvent au sein d&rsquo;une communaut\u00e9 et qui ne nous permettent pas d&rsquo;ouvrir notre esprit et notre c\u0153ur pour accueillir l&rsquo;autre. Ce n&rsquo;est qu&rsquo;ainsi qu&rsquo;il est possible de d\u00e9couvrir la beaut\u00e9 de ce qui nous unit mais aussi les diff\u00e9rences qui font de nous ce que nous sommes en tant que \u00c9glise ou r\u00e9alit\u00e9, sans que cela ne soit un obstacle pour travailler ensemble \u00e0 un monde plus fraternel. Au fil des mois, nous avons appris \u00e0 nous conna\u00eetre et nous avons eu notre premi\u00e8re rencontre en face \u00e0 face. C&rsquo;\u00e9tait vraiment agr\u00e9able de voir nos relations se renforcer, de pouvoir s&#8217;embrasser, prier, dialoguer et d\u00e9couvrir la diversit\u00e9 et la richesse de chacun, y compris la mienne\u00a0\u00bb.  Les jeunes qui suivent cet atelier se pr\u00e9parent au service commun. Comme le dit le document <em>Servir le monde bless\u00e9<\/em> du Conseil \u0153cum\u00e9nique des \u00c9glises et du Conseil pontifical pour le dialogue interreligieux. Les chr\u00e9tiens doivent maintenant ressentir l&rsquo;urgence d&rsquo;un t\u00e9moignage commun : les chr\u00e9tiens ensemble au service, s&rsquo;impliquant \u00e9galement avec les personnes d&rsquo;autres religions dans une solidarit\u00e9 interreligieuse.  Carolina et son groupe ont \u00e9galement retrouss\u00e9 leurs manches : \u00ab\u00a0En d\u00e9cembre, avec une autre fille du mouvement des Focolari qui participait \u00e9galement au cours, nous avons voulu apporter des cadeaux \u00e0 une communaut\u00e9 indig\u00e8ne d\u00e9plac\u00e9e par la violence, dans la banlieue de Bogota. Nous avons propos\u00e9 l&rsquo;id\u00e9e \u00e0 tout le monde et la r\u00e9ponse a \u00e9t\u00e9 tr\u00e8s positive : beaucoup ont donn\u00e9 quelque chose et ont assur\u00e9 leurs pri\u00e8res, montrant que, m\u00eame si nous appartenons \u00e0 une \u00e9glise diff\u00e9rente, ce qui nous motive est cet amour inspir\u00e9 par J\u00e9sus qui est notre mod\u00e8le commun. Pour terminer notre formation, poursuit Carolina, chacun de nous a d\u00fb raconter ses activit\u00e9s lors d&rsquo;une r\u00e9union en pr\u00e9sence qui a eu lieu \u00e0 Buenos Aires, en Argentine. Nous avons rencontr\u00e9 les participants du cours <em>Ikum\u00e9ni, <\/em>mais nous avons \u00e9galement eu la pr\u00e9sence de membres d&rsquo;autres religions qui ont joyeusement partag\u00e9 leurs pens\u00e9es et leurs actions concr\u00e8tes. C&rsquo;\u00e9tait un moment sp\u00e9cial de pouvoir nous ouvrir \u00e9galement au dialogue interreligieux\u00a0\u00bb.  Une exp\u00e9rience totalement nouvelle ; un t\u00e9moignage de la fraternit\u00e9 qui se construit \u00e0 partir de l&rsquo;effort de chacun et du grand d\u00e9sir de se conna\u00eetre et de faire de grandes choses, tous ensemble.  \u00ab\u00a0M\u00eame si le cours est termin\u00e9, conclut Carolina, ce n&rsquo;est que le premier pas pour r\u00e9pondre \u00e0 un appel personnel et continuer \u00e0 renforcer nos relations, afin de pouvoir nous entraider dans ces actions qui dilatent nos c\u0153urs et continuer \u00e0 travailler pour que le monde uni devienne une r\u00e9alit\u00e9\u00a0\u00bb. <\/p>\n<p style=\"text-align: right;\"><em>Carlos Mana<\/em><\/p>\n","protected":false},"excerpt":{"rendered":"<p>En Am\u00e9rique latine, la majorit\u00e9 de la population appartient \u00e0 l&rsquo;\u00c9glise catholique romaine mais la relation entre les diff\u00e9rentes \u00c9glises se d\u00e9veloppe depuis un certain temps. Le travail partag\u00e9 dans le domaine social permet aux chr\u00e9tiens de trouver de plus en plus d&rsquo;espaces pour une v\u00e9ritable unit\u00e9. L&rsquo;un des moments les plus forts est la semaine de pri\u00e8re pour l&rsquo;unit\u00e9 des chr\u00e9tiens, c\u00e9l\u00e9br\u00e9e dans l&rsquo;h\u00e9misph\u00e8re sud entre l&rsquo;Ascension et la Pentec\u00f4te. Les jeunes prennent de plus en plus l&rsquo;initiative de mener des actions concr\u00e8tes.\u00a0<\/p>\n","protected":false},"author":33,"featured_media":0,"comment_status":"open","ping_status":"open","sticky":false,"template":"","format":"standard","meta":{"give_campaign_id":0,"_seopress_robots_primary_cat":"","_seopress_titles_title":"","_seopress_titles_desc":"","_seopress_robots_index":"","_et_pb_use_builder":"","_et_pb_old_content":"","_et_gb_content_width":"","footnotes":""},"categories":[47],"tags":[],"class_list":["post-315194","post","type-post","status-publish","format-standard","hentry","category-non-classifiee"],"_links":{"self":[{"href":"https:\/\/www.focolare.org\/fr\/wp-json\/wp\/v2\/posts\/315194","targetHints":{"allow":["GET"]}}],"collection":[{"href":"https:\/\/www.focolare.org\/fr\/wp-json\/wp\/v2\/posts"}],"about":[{"href":"https:\/\/www.focolare.org\/fr\/wp-json\/wp\/v2\/types\/post"}],"author":[{"embeddable":true,"href":"https:\/\/www.focolare.org\/fr\/wp-json\/wp\/v2\/users\/33"}],"replies":[{"embeddable":true,"href":"https:\/\/www.focolare.org\/fr\/wp-json\/wp\/v2\/comments?post=315194"}],"version-history":[{"count":0,"href":"https:\/\/www.focolare.org\/fr\/wp-json\/wp\/v2\/posts\/315194\/revisions"}],"wp:attachment":[{"href":"https:\/\/www.focolare.org\/fr\/wp-json\/wp\/v2\/media?parent=315194"}],"wp:term":[{"taxonomy":"category","embeddable":true,"href":"https:\/\/www.focolare.org\/fr\/wp-json\/wp\/v2\/categories?post=315194"},{"taxonomy":"post_tag","embeddable":true,"href":"https:\/\/www.focolare.org\/fr\/wp-json\/wp\/v2\/tags?post=315194"}],"curies":[{"name":"wp","href":"https:\/\/api.w.org\/{rel}","templated":true}]}}