{"id":315216,"date":"2022-06-23T01:00:28","date_gmt":"2022-06-22T23:00:28","guid":{"rendered":"https:\/\/www.focolare.org\/dixieme-rencontre-mondiale-des-familles-appelees-a-nourrir-leglise\/"},"modified":"2024-05-15T21:03:15","modified_gmt":"2024-05-15T19:03:15","slug":"dixieme-rencontre-mondiale-des-familles-appelees-a-nourrir-leglise","status":"publish","type":"post","link":"https:\/\/www.focolare.org\/fr\/dixieme-rencontre-mondiale-des-familles-appelees-a-nourrir-leglise\/","title":{"rendered":"Dixi\u00e8me Rencontre Mondiale des Familles : appel\u00e9es \u00e0 nourrir l&rsquo;\u00c9glise"},"content":{"rendered":"<p><em>L&rsquo;amour familial : vocation et chemin de saintet\u00e9. Tel est le th\u00e8me de la dixi\u00e8me Rencontre Mondiale des Familles qui se tiendra \u00e0 Rome du 22 au 26 juin 2022. Le t\u00e9moignage de quelques couples de \u00ab\u00a0Familles Nouvelles\u00a0\u00bb, une branche du mouvement des Focolari, qui participeront \u00e0 l&rsquo;\u00e9v\u00e9nement.<\/em>  <img alt=\"\" alt=\"\" loading=\"lazy\" decoding=\"async\" class=\"wp-image-249367 alignright\" src=\"https:\/\/www.focolare.org\/wp-content\/uploads\/2022\/06\/Foto-con-\u00a9--604x340.jpg\" alt=\"\" width=\"365\" height=\"206\" \/>Un moment de c\u00e9l\u00e9bration et de partage pour \u00eatre embrass\u00e9 par l&rsquo;Eglise, <em>\u00ab\u00a0famille de familles\u00a0\u00bb<\/em> (Al 87) et se sentir partie int\u00e9grante de ce peuple en marche. Du 22 au 26 juin 2022, Rome accueillera la <a href=\"https:\/\/www.romefamily2022.com\/fr\/\" target=\"_blank\" rel=\"noopener\"><strong>X\u00e8me Rencontre Mondiale des Familles<\/strong><\/a>, un \u00e9v\u00e9nement n\u00e9 sous l&rsquo;impulsion de saint Jean-Paul II en 1994 et repris tous les trois ans depuis lors dans des lieux diff\u00e9rents. La rencontre, comme l&rsquo;a annonc\u00e9 le pape Fran\u00e7ois dans un message vid\u00e9o, se tiendra cette fois sous une forme \u00ab\u00a0multicentrique et \u00e9tendue\u00a0\u00bb, pour r\u00e9pondre aux besoins dict\u00e9s par la pand\u00e9mie et au d\u00e9sir de tr\u00e8s nombreuses personnes d&rsquo;y participer. En effet, de nombreuses familles \u00e0 travers le monde suivront l&rsquo;\u00e9v\u00e9nement dans leurs dioc\u00e8ses respectifs, tandis que d&rsquo;autres auront la joie de vivre cet \u00e9v\u00e9nement sur place.  <em>\u00ab\u00a0C&rsquo;est la troisi\u00e8me fois que nous participons \u00e0 la <strong>Rencontre Mondiale des Familles<\/strong> et, chaque fois, nous en revenons toujours combl\u00e9s de gr\u00e2ces.\u00a0\u00bb<\/em>  <div id=\"attachment_249371\" style=\"width: 388px\" class=\"wp-caption alignleft\"><img alt=\"\" alt=\"\" loading=\"lazy\" decoding=\"async\" aria-describedby=\"caption-attachment-249371\" class=\"wp-image-249371\" src=\"https:\/\/www.focolare.org\/wp-content\/uploads\/2022\/06\/WhatsApp-Image-2022-06-22-at-17.10.47-604x340.jpeg\" alt=\"\" width=\"378\" height=\"213\" \/><p id=\"caption-attachment-249371\" class=\"wp-caption-text\">Dori et Istvan Mezaros, Serbie<\/p><\/div>  Istavan et Dori Mezaros (Serbie), sont les r\u00e9f\u00e9rents du Mouvement Familles Nouvelles en Europe de l&rsquo;Est et ils racontent l&rsquo;importance et la joie d&rsquo;\u00eatre pr\u00e9sents \u00e0 cet \u00e9v\u00e9nement.\u00a0 <em>\u00ab\u00a0En 2018, \u00e0 Dublin (Irlande), nous avons d\u00e9couvert le merveilleux tr\u00e9sor que le Saint-P\u00e8re nous a offert avec l&rsquo;Exhortation Apostolique \u00ab\u00a0Amoris Laetitia\u00a0\u00bb, un v\u00e9ritable guide \u00e0 utiliser quotidiennement dans la sph\u00e8re familiale. Aujourd&rsquo;hui, nous sommes reconnaissants \u00e0 Dieu de pouvoir \u00eatre \u00e0 Rome, \u00e0 la fois pour vivre un moment de grande joie, mais aussi pour partager avec le Saint-P\u00e8re et l&rsquo;\u00c9glise universelle les difficult\u00e9s que vit la famille. Nous voudrions comprendre comment approcher les familles, \u00e9galement d&rsquo;une mani\u00e8re nouvelle, comment les accompagner, surtout lorsqu\u2019elles souffrent.\u00a0\u00bb<\/em>  Le th\u00e8me choisi par le pape Fran\u00e7ois pour cette dixi\u00e8me Rencontre Mondiale des Familles est <strong>\u00ab\u00a0L&rsquo;amour familial : vocation et chemin de saintet\u00e9\u00a0\u00bb.<\/strong> Une vocation aujourd&rsquo;hui plus que jamais mise \u00e0 l&rsquo;\u00e9preuve.  <div id=\"attachment_249363\" style=\"width: 372px\" class=\"wp-caption alignright\"><img alt=\"\" alt=\"\" loading=\"lazy\" decoding=\"async\" aria-describedby=\"caption-attachment-249363\" class=\"wp-image-249363\" src=\"https:\/\/www.focolare.org\/wp-content\/uploads\/2022\/06\/Soraia-e-Joao-Francisco-Giovani-510x340.jpeg\" alt=\"\" width=\"362\" height=\"241\" \/><p id=\"caption-attachment-249363\" class=\"wp-caption-text\">Jo\u00e3o Francisco e Soraia Giov\u00e0ni, Br\u00e9sil<\/p><\/div>  <em>\u00ab\u00a0Dans notre pays, l&rsquo;Argentine, la premi\u00e8re difficult\u00e9 que rencontre un jeune couple est de trouver une stabilit\u00e9 \u00e9conomique, mais la grande pauvret\u00e9, le manque de travail et l&rsquo;inflation n&rsquo;aident pas les jeunes dans cette recherche\u00a0\u00bb,<\/em> racontent Liliana et Ricardo Galli\u00a0qui, pendant des ann\u00e9es, ont accompagn\u00e9 \u00e0 diff\u00e9rents niveaux les <em>Familles Nouvelles<\/em> en Argentine et qui sont aujourd&rsquo;hui responsables de la formation des familles dans la Cit\u00e9 pilote internationale des Focolari \u00e0 Loppiano (Italie). <em>\u00ab\u00a0De plus &#8211; <\/em>poursuivent-ils<em> &#8211; lorsque la famille s&rsquo;agrandit, que les enfants arrivent et grandissent, on ne peut compter sur aucune aide institutionnelle pour accompagner les couples dans cette \u00e9tape, sans oublier qu&rsquo;une forte la\u00efcit\u00e9, fruit de l&rsquo;individualisme et de la consommation facile, n\u2019aide pas les jeunes \u00e0 b\u00e2tir un projet.\u00a0\u00bb<\/em> <em>Le d\u00e9fi consiste donc \u00e0 soutenir la famille, \u00e0 prendre en compte la dimension communautaire de son projet et \u00e0 s&rsquo;en occuper comme tel. Vivre en r\u00e9seau avec d&rsquo;autres familles aide \u00e0 maintenir cet amour familial et \u00e0 ne pas se sentir seuls.\u00a0\u00bb<\/em>  <div id=\"attachment_249364\" style=\"width: 365px\" class=\"wp-caption alignleft\"><img alt=\"\" alt=\"\" loading=\"lazy\" decoding=\"async\" aria-describedby=\"caption-attachment-249364\" class=\"wp-image-249364\" src=\"https:\/\/www.focolare.org\/wp-content\/uploads\/2022\/06\/Liliana-e-Ricardo-Galli-604x340.jpeg\" alt=\"\" width=\"355\" height=\"200\" \/><p id=\"caption-attachment-249364\" class=\"wp-caption-text\">Ricardo et Liliana Galli, Argentine<\/p><\/div>  <em>\u00ab\u00a0L&rsquo;amour v\u00e9cu dans les familles est une force permanente pour la vie de l&rsquo;\u00c9glise\u00a0\u00bb<\/em>, lit-on dans <em>Amoris Leatitia<\/em> (Al 88), et pour cela, il faut veiller \u00e0 ce que cette union soit soutenue, comme le racontent Joao et Soraia Giovani, responsables depuis des ann\u00e9es de <em>Familles Nouvelles<\/em> au Br\u00e9sil. <em>\u00ab\u00a0Depuis que nous nous sommes mari\u00e9s, la foi nous a guid\u00e9s dans notre relation avec Dieu et avec l&rsquo;autre. Pour nous, le mariage est un chemin de saintet\u00e9 que nous construisons chaque jour. Avec une grande joie, nous avons accueilli nos enfants et, avec d&rsquo;autres familles, nous avons essay\u00e9 de mettre en pratique les paroles de l&rsquo;\u00c9vangile, en grandissant dans la foi. Bien s\u00fbr, les d\u00e9fis n&rsquo;ont pas manqu\u00e9 pendant ces 25 ann\u00e9es de mariage et parfois nous n&rsquo;avions pas de r\u00e9ponses, mais le d\u00e9sir d&rsquo;\u00eatre fid\u00e8les \u00e0 l&rsquo;amour de Dieu a \u00e9t\u00e9 un phare. Nous avons toujours appris \u00e0 nous dire tout et, en cas de difficult\u00e9, nous savions comment demander de l&rsquo;aide. Deux paroles de l&rsquo;\u00c9vangile nous ont guid\u00e9s jusqu&rsquo;ici : \u00ab\u00a0Le Seigneur fait des merveilles pour ceux qui mettent sa confiance en Lui\u00a0\u00bb et \u00ab\u00a0Celui qui croit en Lui ne sera pas d\u00e9\u00e7u\u00a0\u00bb. La gr\u00e2ce du mariage est merveilleuse et nous remercions Dieu pour notre vie commune.\u00a0\u00bb<\/em> <\/p>\n<p style=\"text-align: right;\">\u00a0 \u00a0 \u00a0 \u00a0 \u00a0 \u00a0 \u00a0 \u00a0 \u00a0 \u00a0 \u00a0 \u00a0 \u00a0 \u00a0 \u00a0 \u00a0 \u00a0 \u00a0 \u00a0 \u00a0 \u00a0 \u00a0 \u00a0 \u00a0 \u00a0 \u00a0 \u00a0 \u00a0 \u00a0 \u00a0 \u00a0 \u00a0 \u00a0 \u00a0 \u00a0 \u00a0 \u00a0 \u00a0 \u00a0 \u00a0 \u00a0 \u00a0 \u00a0 \u00a0 \u00a0 \u00a0 \u00a0 \u00a0 \u00a0 \u00a0 \u00a0 \u00a0 \u00a0 \u00a0 \u00a0 \u00a0 \u00a0 \u00a0 \u00a0 \u00a0 \u00a0 \u00a0 \u00a0 \u00a0 \u00a0 \u00a0 \u00a0 \u00a0 \u00a0 \u00a0 \u00a0 \u00a0 \u00a0 \u00a0 \u00a0 \u00a0 \u00a0 \u00a0 \u00a0 <em>Maria Grazia Berretta<\/em><\/p>\n","protected":false},"excerpt":{"rendered":"<p>L&rsquo;amour familial : vocation et chemin de saintet\u00e9. Tel est le th\u00e8me de la dixi\u00e8me Rencontre Mondiale des Familles qui se tiendra \u00e0 Rome du 22 au 26 juin 2022. Le t\u00e9moignage de quelques couples de \u00ab\u00a0Familles Nouvelles\u00a0\u00bb, une branche du mouvement des Focolari, qui participeront \u00e0 l&rsquo;\u00e9v\u00e9nement.<\/p>\n","protected":false},"author":33,"featured_media":0,"comment_status":"open","ping_status":"open","sticky":false,"template":"","format":"standard","meta":{"give_campaign_id":0,"_seopress_robots_primary_cat":"","_seopress_titles_title":"","_seopress_titles_desc":"","_seopress_robots_index":"","_et_pb_use_builder":"","_et_pb_old_content":"","_et_gb_content_width":"","footnotes":""},"categories":[47],"tags":[],"class_list":["post-315216","post","type-post","status-publish","format-standard","hentry","category-non-classifiee"],"_links":{"self":[{"href":"https:\/\/www.focolare.org\/fr\/wp-json\/wp\/v2\/posts\/315216","targetHints":{"allow":["GET"]}}],"collection":[{"href":"https:\/\/www.focolare.org\/fr\/wp-json\/wp\/v2\/posts"}],"about":[{"href":"https:\/\/www.focolare.org\/fr\/wp-json\/wp\/v2\/types\/post"}],"author":[{"embeddable":true,"href":"https:\/\/www.focolare.org\/fr\/wp-json\/wp\/v2\/users\/33"}],"replies":[{"embeddable":true,"href":"https:\/\/www.focolare.org\/fr\/wp-json\/wp\/v2\/comments?post=315216"}],"version-history":[{"count":0,"href":"https:\/\/www.focolare.org\/fr\/wp-json\/wp\/v2\/posts\/315216\/revisions"}],"wp:attachment":[{"href":"https:\/\/www.focolare.org\/fr\/wp-json\/wp\/v2\/media?parent=315216"}],"wp:term":[{"taxonomy":"category","embeddable":true,"href":"https:\/\/www.focolare.org\/fr\/wp-json\/wp\/v2\/categories?post=315216"},{"taxonomy":"post_tag","embeddable":true,"href":"https:\/\/www.focolare.org\/fr\/wp-json\/wp\/v2\/tags?post=315216"}],"curies":[{"name":"wp","href":"https:\/\/api.w.org\/{rel}","templated":true}]}}