{"id":315232,"date":"2022-07-12T01:00:42","date_gmt":"2022-07-11T23:00:42","guid":{"rendered":"https:\/\/www.focolare.org\/turquie-visite-au-phanar-un-chemin-commun-vers-lunite\/"},"modified":"2024-05-15T21:03:18","modified_gmt":"2024-05-15T19:03:18","slug":"turquie-visite-au-phanar-un-chemin-commun-vers-lunite","status":"publish","type":"post","link":"https:\/\/www.focolare.org\/fr\/turquie-visite-au-phanar-un-chemin-commun-vers-lunite\/","title":{"rendered":"Turquie : Visite au Phanar, un chemin commun vers l&rsquo;unit\u00e9"},"content":{"rendered":"<p><em>Le 8 juin 2022, Margaret Karram et Jes\u00fas Mor\u00e1n, ainsi que quelques membres du Mouvement des Focolari, ont \u00e9t\u00e9 re\u00e7us en audience par Sa Saintet\u00e9 le Patriarche \u0152cum\u00e9nique Bartholom\u00e9e Ier. La rencontre, qui s&rsquo;est d\u00e9roul\u00e9e au Phanar, si\u00e8ge du Patriarcat \u0152cum\u00e9nique de Constantinople, a port\u00e9 sur l&rsquo;amiti\u00e9 fructueuse entre le Mouvement des Focolari et le Patriarcat, n\u00e9e il y a 55 ans avec la visite de Chiara Lubich \u00e0 son pr\u00e9d\u00e9cesseur bien-aim\u00e9, le Patriarche Ath\u00e9nagoras, et sur le \u2018\u2019chemin commun\u2019\u2019 entrepris pour \u0153uvrer ensemble \u00e0 l&rsquo;unit\u00e9 des chr\u00e9tiens et de tous les peuples de la terre.<\/em> <\/p>\n<p style=\"text-align: right;\"><em>Maria Grazia Berretta<\/em><\/p>\n<p style=\"text-align: left;\">Lien vers la vid\u00e9o :<\/p>\n<p> <a href=\"https:\/\/www.youtube.com\/watch?v=2Y2cV4qLtC4\" target=\"_blank\" rel=\"noopener\">https:\/\/www.youtube.com\/watch?v=2Y2cV4qLtC4<\/a><\/p>\n","protected":false},"excerpt":{"rendered":"<p>Le 8 juin 2022, Margaret Karram et Jes\u00fas Mor\u00e1n, ainsi que quelques membres du Mouvement des Focolari, ont \u00e9t\u00e9 re\u00e7us en audience par Sa Saintet\u00e9 le Patriarche \u0152cum\u00e9nique Bartholom\u00e9e Ier. La rencontre, qui s&rsquo;est d\u00e9roul\u00e9e au Phanar, si\u00e8ge du Patriarcat \u0152cum\u00e9nique de Constantinople, a port\u00e9 sur l&rsquo;amiti\u00e9 fructueuse entre le Mouvement des Focolari et le Patriarcat, n\u00e9e il y a 55 ans avec la visite de Chiara Lubich \u00e0 son pr\u00e9d\u00e9cesseur bien-aim\u00e9, le Patriarche Ath\u00e9nagoras, et sur le \u2018\u2019chemin commun\u2019\u2019 entrepris pour \u0153uvrer ensemble \u00e0 l&rsquo;unit\u00e9 des chr\u00e9tiens et de tous les peuples de la terre.<\/p>\n","protected":false},"author":33,"featured_media":0,"comment_status":"open","ping_status":"open","sticky":false,"template":"","format":"standard","meta":{"give_campaign_id":0,"_seopress_robots_primary_cat":"","_seopress_titles_title":"","_seopress_titles_desc":"","_seopress_robots_index":"","_et_pb_use_builder":"","_et_pb_old_content":"","_et_gb_content_width":"","footnotes":""},"categories":[47],"tags":[],"class_list":["post-315232","post","type-post","status-publish","format-standard","hentry","category-non-classifiee"],"_links":{"self":[{"href":"https:\/\/www.focolare.org\/fr\/wp-json\/wp\/v2\/posts\/315232","targetHints":{"allow":["GET"]}}],"collection":[{"href":"https:\/\/www.focolare.org\/fr\/wp-json\/wp\/v2\/posts"}],"about":[{"href":"https:\/\/www.focolare.org\/fr\/wp-json\/wp\/v2\/types\/post"}],"author":[{"embeddable":true,"href":"https:\/\/www.focolare.org\/fr\/wp-json\/wp\/v2\/users\/33"}],"replies":[{"embeddable":true,"href":"https:\/\/www.focolare.org\/fr\/wp-json\/wp\/v2\/comments?post=315232"}],"version-history":[{"count":0,"href":"https:\/\/www.focolare.org\/fr\/wp-json\/wp\/v2\/posts\/315232\/revisions"}],"wp:attachment":[{"href":"https:\/\/www.focolare.org\/fr\/wp-json\/wp\/v2\/media?parent=315232"}],"wp:term":[{"taxonomy":"category","embeddable":true,"href":"https:\/\/www.focolare.org\/fr\/wp-json\/wp\/v2\/categories?post=315232"},{"taxonomy":"post_tag","embeddable":true,"href":"https:\/\/www.focolare.org\/fr\/wp-json\/wp\/v2\/tags?post=315232"}],"curies":[{"name":"wp","href":"https:\/\/api.w.org\/{rel}","templated":true}]}}