{"id":315242,"date":"2022-07-19T01:00:07","date_gmt":"2022-07-18T23:00:07","guid":{"rendered":"https:\/\/www.focolare.org\/argentine-clayss-centre-latino-americain-dapprentissage-et-de-service-solidaire-fete-ses-20-ans\/"},"modified":"2024-05-15T21:03:20","modified_gmt":"2024-05-15T19:03:20","slug":"argentine-clayss-centre-latino-americain-dapprentissage-et-de-service-solidaire-fete-ses-20-ans","status":"publish","type":"post","link":"https:\/\/www.focolare.org\/fr\/argentine-clayss-centre-latino-americain-dapprentissage-et-de-service-solidaire-fete-ses-20-ans\/","title":{"rendered":"Argentine : CLAYSS, Centre Latino-Am\u00e9ricain d&rsquo;Apprentissage et de Service Solidaire, f\u00eate ses 20 ans."},"content":{"rendered":"<p><em>Le service d&rsquo;apprentissage et de solidarit\u00e9 consiste \u00e0 apprendre et \u00e0 utiliser les connaissances acquises en classe pour transformer la r\u00e9alit\u00e9 ; et \u00e0 apprendre dans la r\u00e9alit\u00e9 ce qui ne peut pas toujours \u00eatre appris en classe. CLAYSS, bas\u00e9 en Argentine, a construit des r\u00e9seaux et des partenariats avec des \u00e9tablissements d&rsquo;enseignement du monde entier. <\/em>  Un parcours de vingt ans dans l&rsquo;\u00e9ducation, ce n&rsquo;est pas rien. N\u00e9 d&rsquo;un \u00ab\u00a0r\u00eave fou\u00a0\u00bb \u00e0 Buenos Aires en 2002, en pleine crise \u00e9conomique et sociale,\u00a0 <a href=\"https:\/\/clayss.org\/\">CLAYSS<\/a> <em>(Centre Latino-Am\u00e9ricain d&rsquo;Apprentissage et de Service Solidaire)<\/em> a \u00e9tendu son action non seulement \u00e0 l&rsquo;Am\u00e9rique latine mais aussi \u00e0 de nombreux pays d&rsquo;Europe, d&rsquo;Asie et d&rsquo;Afrique. Un large r\u00e9seau construit avec des \u00e9tablissements d&rsquo;enseignement impliquant toutes les tranches d&rsquo;\u00e2ge, du jardin d&rsquo;enfants \u00e0 l&rsquo;universit\u00e9.  Pour c\u00e9l\u00e9brer ces 20 premi\u00e8res ann\u00e9es, 20 conf\u00e9rences ont \u00e9t\u00e9 organis\u00e9es dans 20 villes. \u00c0 l&rsquo;occasion de l&rsquo;\u00e9tape \u00e0 Rome, \u00e0 l&rsquo;Universit\u00e9 LUMSA, nous rencontrons <strong>Nieves Tapia<\/strong>, fondatrice et directrice de <strong>CLAYSS<\/strong>.  <em>\u00ab\u00a0L&rsquo;apprentissage par le service solidaire <\/em>&#8211; explique le professeur Tapia<em> &#8211; associe la th\u00e9orie et la pratique, permettant aux enfants comme aux jeunes \u00e9tudiants universitaires d&rsquo;apprendre, en mettant en pratique ce qu&rsquo;ils savent au service des autres.\u00a0\u00bb<\/em>  Fin ao\u00fbt, le XXVe S\u00e9minaire international sur l&rsquo;apprentissage et le service de solidaire se tiendra \u00e0 Buenos Aires, tandis que des travaux sont d\u00e9j\u00e0 en cours pour pr\u00e9parer une conf\u00e9rence qui se tiendra \u00e0 Rome en octobre et \u00e0 laquelle participeront une centaine d&rsquo;universit\u00e9s catholiques.  En effet, <em>\u00ab\u00a0<strong>Uniservitate<\/strong> est un programme mondial visant \u00e0 promouvoir l&rsquo;apprentissage et le service solidaires dans les \u00e9tablissements d&rsquo;enseignement sup\u00e9rieur catholiques\u00a0\u00bb<\/em>, explique Mme <strong>Nieves Tapia<\/strong>. Elle ajoute : <em>\u00ab\u00a0L&rsquo;objectif est de g\u00e9n\u00e9rer un changement syst\u00e9mique par l&rsquo;institutionnalisation de l&rsquo;apprentissage et du service solidaire afin qu&rsquo;ils deviennent un outil permettant aux \u00e9tablissements d&rsquo;enseignement sup\u00e9rieur de remplir leur mission, d&rsquo;offrir une \u00e9ducation int\u00e9grale aux nouvelles g\u00e9n\u00e9rations et de les impliquer dans un engagement actif face aux probl\u00e8mes de notre \u00e9poque.\u00a0\u00bb<\/em>  Le r\u00e9seau mondial <strong><em>Uniservitate<\/em> <\/strong>est pr\u00e9sent dans 26 pays sur 5 continents gr\u00e2ce \u00e0 des partenariats avec plus de 30 universit\u00e9s et \u00e9tablissements d&rsquo;enseignement. <\/p>\n<p style=\"text-align: right;\">\u00a0\u00a0\u00a0\u00a0\u00a0\u00a0\u00a0\u00a0\u00a0\u00a0\u00a0\u00a0\u00a0\u00a0\u00a0\u00a0\u00a0\u00a0\u00a0\u00a0\u00a0\u00a0\u00a0\u00a0\u00a0\u00a0\u00a0\u00a0\u00a0\u00a0\u00a0\u00a0\u00a0\u00a0\u00a0\u00a0\u00a0\u00a0\u00a0\u00a0\u00a0\u00a0\u00a0\u00a0\u00a0\u00a0\u00a0\u00a0\u00a0\u00a0\u00a0\u00a0\u00a0\u00a0\u00a0\u00a0\u00a0\u00a0\u00a0\u00a0\u00a0\u00a0\u00a0\u00a0\u00a0\u00a0\u00a0\u00a0\u00a0\u00a0\u00a0\u00a0\u00a0\u00a0\u00a0\u00a0\u00a0\u00a0\u00a0\u00a0\u00a0\u00a0\u00a0\u00a0\u00a0\u00a0\u00a0\u00a0\u00a0\u00a0\u00a0\u00a0\u00a0\u00a0\u00a0\u00a0\u00a0\u00a0\u00a0\u00a0\u00a0\u00a0\u00a0\u00a0\u00a0\u00a0\u00a0\u00a0\u00a0\u00a0\u00a0\u00a0\u00a0\u00a0\u00a0\u00a0\u00a0\u00a0\u00a0\u00a0\u00a0\u00a0\u00a0\u00a0\u00a0\u00a0\u00a0\u00a0\u00a0 <em>Carlos Mana<\/em><\/p>\n<p> Notre interview. Activer les sous-titres fran\u00e7ais  https:\/\/www.youtube.com\/watch?v=mzFTDiOJhJQ<\/p>\n","protected":false},"excerpt":{"rendered":"<p>Le service d&rsquo;apprentissage et de solidarit\u00e9 consiste \u00e0 apprendre et \u00e0 utiliser les connaissances acquises en classe pour transformer la r\u00e9alit\u00e9 ; et \u00e0 apprendre dans la r\u00e9alit\u00e9 ce qui ne peut pas toujours \u00eatre appris en classe. CLAYSS, bas\u00e9 en Argentine, a construit des r\u00e9seaux et des partenariats avec des \u00e9tablissements d&rsquo;enseignement du monde entier.<\/p>\n","protected":false},"author":33,"featured_media":0,"comment_status":"open","ping_status":"open","sticky":false,"template":"","format":"standard","meta":{"give_campaign_id":0,"_seopress_robots_primary_cat":"","_seopress_titles_title":"","_seopress_titles_desc":"","_seopress_robots_index":"","_et_pb_use_builder":"","_et_pb_old_content":"","_et_gb_content_width":"","footnotes":""},"categories":[47],"tags":[],"class_list":["post-315242","post","type-post","status-publish","format-standard","hentry","category-non-classifiee"],"_links":{"self":[{"href":"https:\/\/www.focolare.org\/fr\/wp-json\/wp\/v2\/posts\/315242","targetHints":{"allow":["GET"]}}],"collection":[{"href":"https:\/\/www.focolare.org\/fr\/wp-json\/wp\/v2\/posts"}],"about":[{"href":"https:\/\/www.focolare.org\/fr\/wp-json\/wp\/v2\/types\/post"}],"author":[{"embeddable":true,"href":"https:\/\/www.focolare.org\/fr\/wp-json\/wp\/v2\/users\/33"}],"replies":[{"embeddable":true,"href":"https:\/\/www.focolare.org\/fr\/wp-json\/wp\/v2\/comments?post=315242"}],"version-history":[{"count":0,"href":"https:\/\/www.focolare.org\/fr\/wp-json\/wp\/v2\/posts\/315242\/revisions"}],"wp:attachment":[{"href":"https:\/\/www.focolare.org\/fr\/wp-json\/wp\/v2\/media?parent=315242"}],"wp:term":[{"taxonomy":"category","embeddable":true,"href":"https:\/\/www.focolare.org\/fr\/wp-json\/wp\/v2\/categories?post=315242"},{"taxonomy":"post_tag","embeddable":true,"href":"https:\/\/www.focolare.org\/fr\/wp-json\/wp\/v2\/tags?post=315242"}],"curies":[{"name":"wp","href":"https:\/\/api.w.org\/{rel}","templated":true}]}}