{"id":315256,"date":"2022-08-05T01:00:07","date_gmt":"2022-08-04T23:00:07","guid":{"rendered":"https:\/\/www.focolare.org\/evangile-vecu-seigneur-quand-mon-frere-commettra-une-faute-a-mon-egard-combien-de-fois-lui-pardonnerai-je-jusqua-sept-fois-mt-18-21\/"},"modified":"2024-05-15T21:03:22","modified_gmt":"2024-05-15T19:03:22","slug":"evangile-vecu-seigneur-quand-mon-frere-commettra-une-faute-a-mon-egard-combien-de-fois-lui-pardonnerai-je-jusqua-sept-fois-mt-18-21","status":"publish","type":"post","link":"https:\/\/www.focolare.org\/fr\/evangile-vecu-seigneur-quand-mon-frere-commettra-une-faute-a-mon-egard-combien-de-fois-lui-pardonnerai-je-jusqua-sept-fois-mt-18-21\/","title":{"rendered":"\u00c9vangile v\u00e9cu : Seigneur, quand mon fr\u00e8re commettra une faute \u00e0 mon \u00e9gard, combien de fois lui pardonnerai-je ? Jusqu&rsquo;\u00e0 sept fois ? (Mt 18, 21)"},"content":{"rendered":"<p><em>Le pardon est un exercice constant dans notre vie quotidienne et est cette exp\u00e9rience qui permet \u00e0 l&rsquo;amour de Dieu de nous remettre sur pied. Reconna\u00eetre que nous sommes pardonn\u00e9s est le point de d\u00e9part pour essayer d&rsquo;\u00eatre mis\u00e9ricordieux, ouvrir notre regard sur l&rsquo;autre et \u00eatre vraiment libre. <\/em>  <strong>File d&rsquo;attente<\/strong> Satisfait d&rsquo;\u00eatre arriv\u00e9 \u00e0 temps pour le rendez-vous chez le m\u00e9decin, tout \u00e0 coup, dans la file d&rsquo;attente, une dame me d\u00e9passe comme si de rien n&rsquo;\u00e9tait. La r\u00e9bellion monte en moi et je suis sur le point de me faire entendre, mais&#8230; \u00e0 la pens\u00e9e de certaines sc\u00e8nes de la guerre en Ukraine, je d\u00e9cide soudain de transformer mes droits en courtoisie, en accueil. Mais comme il est difficile de mettre de c\u00f4t\u00e9 l&rsquo;id\u00e9e de ce que l&rsquo;on consid\u00e8re comme son droit ! A la maison, je raconte alors ce qui m&rsquo;est arriv\u00e9 et aussi le v\u00e9cu intime. Notre fille a\u00een\u00e9e, apr\u00e8s un long silence, intervient en racontant sa derni\u00e8re exp\u00e9rience : elle aussi \u00e9tait dans la file d&rsquo;attente du secr\u00e9tariat de l&rsquo;universit\u00e9 et, face \u00e0 l&rsquo;irrespect d&rsquo;un \u00e9tudiant impoli, elle l&rsquo;a fortement r\u00e9primand\u00e9 jusqu&rsquo;\u00e0 la honte. \u00ab\u00a0Peut-\u00eatre que j&rsquo;avais tort\u00a0\u00bb, a-t-elle ajout\u00e9. Nous finissons par conclure que, petite ou grande, la guerre nous guette mais qu&rsquo;il est possible de la gagner par le pardon. (F.I. &#8211; Italie)  <strong>Une le\u00e7on \u00e0 retenir<\/strong> Ma femme est enseignante et un jour, alors qu&rsquo;elle \u00e9tait \u00e0 l&rsquo;\u00e9cole, j&rsquo;\u00e9tais rest\u00e9 \u00e0 la maison pour lui faire une surprise. Je me suis mis \u00e0 faire ces petits travaux de r\u00e9paration et de nettoyage que parfois nous n\u00e9gligeons \u00e0 cause des nombreux engagements. J\u2019\u00e9tais heureux \u00e0 l&rsquo;id\u00e9e que cela lui plairait, mais d\u00e8s qu&rsquo;elle est rentr\u00e9e, elle s&rsquo;est plainte d&rsquo;avoir trouv\u00e9 la porte d&rsquo;entr\u00e9e ouverte : \u00ab\u00a0Tu ne penses pas aux voleurs ?\u00a0\u00bb. J&rsquo;\u00e9tais confus. Je ne me souvenais pas de l&rsquo;avoir laiss\u00e9e ouverte mais je ne voulais pas r\u00e9criminer\u00a0; alors m\u00eame si j&rsquo;\u00e9tais d\u00e9sol\u00e9, j&rsquo;ai d\u00e9cid\u00e9 de ne pas alimenter la col\u00e8re. L&rsquo;apr\u00e8s-midi, ma femme m&rsquo;a demand\u00e9 de parler. Elle voulait se racheter : \u00ab\u00a0En voyant tout ce que tu as fait et en pensant \u00e0 la fa\u00e7on dont je t&rsquo;ai grond\u00e9 pour une broutille, je me suis sentie humili\u00e9e par mon aveuglement. Par ton silence, tu m&rsquo;as donn\u00e9 une vraie le\u00e7on\u00a0\u00bb. Quelques jours plus tard, elle me confia qu\u2019apr\u00e8s avoir racont\u00e9 \u00e0 l&rsquo;\u00e9cole ce qui s&rsquo;\u00e9tait pass\u00e9 entre nous, un climat de grand respect s&rsquo;\u00e9tait cr\u00e9\u00e9 dans la classe comme jamais auparavant. (L.D. &#8211; Hongrie) <\/p>\n<p style=\"text-align: right;\"><em>Sous la direction de Maria Grazia Berretta<\/em><\/p>\n<p> <em>(extrait de Il Vangelo del Giorno, Citt\u00e0 Nuova, ann\u00e9e VIII, no.2, juillet-ao\u00fbt 2022)<\/em><\/p>\n","protected":false},"excerpt":{"rendered":"<p>Le pardon est un exercice constant dans notre vie quotidienne et est cette exp\u00e9rience qui permet \u00e0 l&rsquo;amour de Dieu de nous remettre sur pied. Reconna\u00eetre que nous sommes pardonn\u00e9s est le point de d\u00e9part pour essayer d&rsquo;\u00eatre mis\u00e9ricordieux, ouvrir notre regard sur l&rsquo;autre et \u00eatre vraiment libre.<\/p>\n","protected":false},"author":33,"featured_media":0,"comment_status":"open","ping_status":"open","sticky":false,"template":"","format":"standard","meta":{"give_campaign_id":0,"_seopress_robots_primary_cat":"","_seopress_titles_title":"","_seopress_titles_desc":"","_seopress_robots_index":"","_et_pb_use_builder":"","_et_pb_old_content":"","_et_gb_content_width":"","footnotes":""},"categories":[47],"tags":[],"class_list":["post-315256","post","type-post","status-publish","format-standard","hentry","category-non-classifiee"],"_links":{"self":[{"href":"https:\/\/www.focolare.org\/fr\/wp-json\/wp\/v2\/posts\/315256","targetHints":{"allow":["GET"]}}],"collection":[{"href":"https:\/\/www.focolare.org\/fr\/wp-json\/wp\/v2\/posts"}],"about":[{"href":"https:\/\/www.focolare.org\/fr\/wp-json\/wp\/v2\/types\/post"}],"author":[{"embeddable":true,"href":"https:\/\/www.focolare.org\/fr\/wp-json\/wp\/v2\/users\/33"}],"replies":[{"embeddable":true,"href":"https:\/\/www.focolare.org\/fr\/wp-json\/wp\/v2\/comments?post=315256"}],"version-history":[{"count":0,"href":"https:\/\/www.focolare.org\/fr\/wp-json\/wp\/v2\/posts\/315256\/revisions"}],"wp:attachment":[{"href":"https:\/\/www.focolare.org\/fr\/wp-json\/wp\/v2\/media?parent=315256"}],"wp:term":[{"taxonomy":"category","embeddable":true,"href":"https:\/\/www.focolare.org\/fr\/wp-json\/wp\/v2\/categories?post=315256"},{"taxonomy":"post_tag","embeddable":true,"href":"https:\/\/www.focolare.org\/fr\/wp-json\/wp\/v2\/tags?post=315256"}],"curies":[{"name":"wp","href":"https:\/\/api.w.org\/{rel}","templated":true}]}}