{"id":315262,"date":"2022-08-15T01:00:34","date_gmt":"2022-08-14T23:00:34","guid":{"rendered":"https:\/\/www.focolare.org\/chiara-lubich-imiter-marie-en-vivant-la-parole-de-dieu\/"},"modified":"2024-05-15T21:03:24","modified_gmt":"2024-05-15T19:03:24","slug":"chiara-lubich-imiter-marie-en-vivant-la-parole-de-dieu","status":"publish","type":"post","link":"https:\/\/www.focolare.org\/fr\/chiara-lubich-imiter-marie-en-vivant-la-parole-de-dieu\/","title":{"rendered":"Chiara Lubich\u00a0: imiter Marie en vivant la Parole de Dieu"},"content":{"rendered":"<p><em>En 1976, dans la rubrique \u00ab\u00a0Dialogue ouvert\u00a0\u00bb de la revue Citt\u00e1\u00a0Nuova, un lecteur posait cette question \u00e0 Chiara\u00a0Lubich\u00a0: \u00ab\u00a0De temps en temps, je sens, comme un reproche, que je n&rsquo;aime pas assez Marie, que je pense peu \u00e0 elle. \u00c0 ton avis, que faut-il faire pour avoir une vraie d\u00e9votion envers Marie\u00a0?\u00a0\u00bb Voici sa r\u00e9ponse.<\/em>  Marie est plus proche de Dieu que de l&rsquo;homme, pourtant elle est une cr\u00e9ature comme nous, et telle devant le Cr\u00e9ateur. D&rsquo;o\u00f9 la possibilit\u00e9 pour elle d&rsquo;\u00eatre pour nous comme un plan inclin\u00e9 qui touche Ciel et terre.  Pour ce qui est d&rsquo;avoir une v\u00e9ritable d\u00e9votion envers elle &#8211; tout en magnifiant les diverses d\u00e9votions qui se sont d\u00e9velopp\u00e9es au cours des si\u00e8cles pour donner au peuple chr\u00e9tien le sens d&rsquo;un amour maternel s\u00fbr, qui pense \u00e0 toutes les petites et grandes difficult\u00e9s que la vie porte avec elle &#8211; je te conseillerais une voie qui fait na\u00eetre dans le c\u0153ur un amour pour Marie semblable \u00e0 celui que J\u00e9sus a pour elle.  Si Marie a toutes ces qualit\u00e9s magnifiques et extraordinaires que tu sais, elle est aussi <em>\u00ab\u00a0la chr\u00e9tienne parfaite\u00a0\u00bb.<\/em>  Et elle est telle car, comme tu peux le d\u00e9duire de l&rsquo;\u00c9vangile, elle ne vit pas sa propre vie, mais laisse vivre en elle la loi de Dieu. Elle est celle qui, plus que tout autre, peut dire\u00a0: <em>\u00ab\u00a0Ce n&rsquo;est pas moi qui vis, c&rsquo;est le Christ qui vit en moi.\u00a0\u00bb<\/em> Marie est la Parole de Dieu v\u00e9cue.  Donc, si tu veux vraiment l&rsquo;aimer, \u2018<em>\u2019imite-la\u2019\u2019<\/em>.  Sois, toi aussi, Parole de Dieu vivante\u00a0!  Et puisque tout l&rsquo;\u00c9vangile ne peut \u00eatre v\u00e9cu \u00e0 la fois, re-\u00e9vang\u00e9lise ta vie en prenant au s\u00e9rieux et en vivant chaque jour une des \u00ab\u00a0<em>paroles de vie<\/em>\u00a0\u00bb qu&rsquo;il contient. <\/p>\n<p style=\"text-align: right;\"><em>Chiara Lubich<\/em><\/p>\n<p> (Chiara Lubich, <em>Maria<\/em>, Citt\u00e0 Nuova, Rome 2017, p.\u00a0154)<\/p>\n","protected":false},"excerpt":{"rendered":"<p>Nel 1976, en la r\u00fabrica de la revista Citt\u00e1 Nuova \u201cDi\u00e1logo abierto\u201d, un lector hizo a Chiara Lubich esta pregunta: De vez en cuando siento, como un reproche, que no amo suficientemente a Mar\u00eda, que pienso poco en ella. \u00bfQu\u00e9 crees t\u00fa que har\u00eda falta hacer para tener una verdadera devoci\u00f3n por Mar\u00eda? Esta fue su respuesta.<\/p>\n","protected":false},"author":33,"featured_media":0,"comment_status":"open","ping_status":"open","sticky":false,"template":"","format":"standard","meta":{"give_campaign_id":0,"_seopress_robots_primary_cat":"","_seopress_titles_title":"","_seopress_titles_desc":"","_seopress_robots_index":"","_et_pb_use_builder":"","_et_pb_old_content":"","_et_gb_content_width":"","footnotes":""},"categories":[47],"tags":[],"class_list":["post-315262","post","type-post","status-publish","format-standard","hentry","category-non-classifiee"],"_links":{"self":[{"href":"https:\/\/www.focolare.org\/fr\/wp-json\/wp\/v2\/posts\/315262","targetHints":{"allow":["GET"]}}],"collection":[{"href":"https:\/\/www.focolare.org\/fr\/wp-json\/wp\/v2\/posts"}],"about":[{"href":"https:\/\/www.focolare.org\/fr\/wp-json\/wp\/v2\/types\/post"}],"author":[{"embeddable":true,"href":"https:\/\/www.focolare.org\/fr\/wp-json\/wp\/v2\/users\/33"}],"replies":[{"embeddable":true,"href":"https:\/\/www.focolare.org\/fr\/wp-json\/wp\/v2\/comments?post=315262"}],"version-history":[{"count":0,"href":"https:\/\/www.focolare.org\/fr\/wp-json\/wp\/v2\/posts\/315262\/revisions"}],"wp:attachment":[{"href":"https:\/\/www.focolare.org\/fr\/wp-json\/wp\/v2\/media?parent=315262"}],"wp:term":[{"taxonomy":"category","embeddable":true,"href":"https:\/\/www.focolare.org\/fr\/wp-json\/wp\/v2\/categories?post=315262"},{"taxonomy":"post_tag","embeddable":true,"href":"https:\/\/www.focolare.org\/fr\/wp-json\/wp\/v2\/tags?post=315262"}],"curies":[{"name":"wp","href":"https:\/\/api.w.org\/{rel}","templated":true}]}}