{"id":315288,"date":"2022-09-15T09:13:07","date_gmt":"2022-09-15T07:13:07","guid":{"rendered":"https:\/\/www.focolare.org\/le-pape-francois-au-kazakhstan-etre-des-artisans-de-la-communion\/"},"modified":"2024-05-15T21:03:28","modified_gmt":"2024-05-15T19:03:28","slug":"le-pape-francois-au-kazakhstan-etre-des-artisans-de-la-communion","status":"publish","type":"post","link":"https:\/\/www.focolare.org\/fr\/le-pape-francois-au-kazakhstan-etre-des-artisans-de-la-communion\/","title":{"rendered":"Le Pape Fran\u00e7ois au Kazakhstan : \u00eatre des \u00ab\u00a0artisans de la communion\u00a0\u00bb"},"content":{"rendered":"<p><em>Un pont entre l&rsquo;Europe et l&rsquo;Asie. Le Kazakhstan \u00e9tait le pays de destination du 38<sup>\u00e8me<\/sup> Voyage Apostolique du Pape Fran\u00e7ois, un voyage qui s&rsquo;est d\u00e9roul\u00e9 du 13 au 15 septembre 2022.\u00a0L&rsquo;occasion de cette visite \u00e9tait le VIIe Congr\u00e8s des Responsables des religions mondiales et traditionnelles.<\/em> <\/p>\n<p style=\"text-align: left;\">Hier, 14 septembre 2022, s&rsquo;est ouvert au Palais de l&rsquo;Ind\u00e9pendance de Nur-Sultan, la capitale du Kazakhstan,<em> le VIIe Congr\u00e8s des Chefs des religions mondiales et traditionnelles<\/em>, un \u00e9v\u00e9nement qui a r\u00e9uni une centaine de d\u00e9l\u00e9gations de 50 pays du monde et qui, parmi ses principales priorit\u00e9s, a plac\u00e9 l&rsquo;affirmation de la paix, de l&rsquo;harmonie et de la tol\u00e9rance comme principes in\u00e9branlables de l&rsquo;existence humaine. Ce n&rsquo;est donc pas un hasard si la devise de ce 38<sup>\u00e8me<\/sup> voyage papal \u00e9tait pr\u00e9cis\u00e9ment \u00ab\u00a0Messagers de paix et d\u2019unit\u00e9\u00a0\u00bb et si le logo con\u00e7u pour l&rsquo;occasion repr\u00e9sente une colombe avec un rameau d&rsquo;olivier. Un rappel fort \u00e0 la fraternit\u00e9, comme l&rsquo;a rappel\u00e9 le Souverain Pontife au d\u00e9but de son intervention, \u00ab\u00a0qui nous unit tous, comme fils et filles du m\u00eame Ciel\u00a0\u00bb.<\/p>\n<p style=\"text-align: left;\"><img alt=\"\" alt=\"\" loading=\"lazy\" decoding=\"async\" class=\"alignleft wp-image-250431\" src=\"https:\/\/www.focolare.org\/wp-content\/uploads\/2022\/09\/1WhatsApp-Image-2022-09-16-at-02.53.03-2-255x340.jpeg\" alt=\"\" width=\"268\" height=\"357\" \/>Dans une \u00e9poque rong\u00e9e par les conflits et \u00e9cras\u00e9e par le poids des in\u00e9galit\u00e9s, Fran\u00e7ois a d\u00e9clar\u00e9 : \u00ab\u00a0 les religions nous rappellent que nous sommes des cr\u00e9atures (&#8230;). Ce fait que nous partageons, d\u2019\u00eatre cr\u00e9atures, \u00e9tablit ainsi une communion, une v\u00e9ritable fraternit\u00e9 \u00bb. Citant un po\u00e8te kazakh, Abai, le pape a soulign\u00e9 l&rsquo;importance de garder \u00ab\u00a0l&rsquo;\u00e2me \u00e9veill\u00e9e et l&rsquo;esprit clair\u00a0\u00bb.\u00a0 C&rsquo;est ce dont le monde a besoin, une \u00ab\u00a0religiosit\u00e9 authentique\u00a0\u00bb, d\u00e9pourvue de toute forme de fondamentalisme, toxique pour toute croyance. \u00ab\u00a0Nous avons donc besoin de la religion pour r\u00e9pondre \u00e0 la soif de paix du monde et \u00e0 la soif d&rsquo;infini qui habite le c\u0153ur de chaque homme\u00a0\u00bb, a-t-il poursuivi. En regardant les probl\u00e8mes d&rsquo;aujourd&rsquo;hui, en particulier ceux li\u00e9s \u00e0 la vuln\u00e9rabilit\u00e9 caus\u00e9e par la pand\u00e9mie, \u00ab les croyants sont appel\u00e9s \u00e0 prodiguer le soin aux autres \u00bb, a d\u00e9clar\u00e9 le Saint-P\u00e8re, c&rsquo;est-\u00e0-dire \u00e0 \u00ab prendre soin de l&rsquo;humanit\u00e9 dans toutes ses dimensions, en devenant des artisans de la communion \u00bb. Une exhortation forte qui repr\u00e9sente l&rsquo;un des nombreux d\u00e9fis plan\u00e9taires \u00e0 relever \u00e0 c\u00f4t\u00e9 de l&rsquo;indiff\u00e9rence aux mis\u00e8res des autres, de la pr\u00e9servation de la cr\u00e9ation et de l&rsquo;\u00e9norme difficult\u00e9 \u00e0 cr\u00e9er un chemin de paix sur un terrain min\u00e9 par les guerres.<\/p>\n<p style=\"text-align: left;\">\u00ab Avan\u00e7ons ensemble, pour que le chemin des religions soit toujours plus amical \u00bb, a conclu Bergoglio, ajoutant des remerciements particuliers au Kazakhstan pour \u00ab l&rsquo;effort de toujours chercher \u00e0 unir, \u00e0 provoquer le dialogue, \u00e0 faire des amis \u00bb.<\/p>\n<p> <img alt=\"\" alt=\"\" loading=\"lazy\" decoding=\"async\" class=\" wp-image-250432 alignright\" src=\"https:\/\/www.focolare.org\/wp-content\/uploads\/2022\/09\/2WhatsApp-Image-2022-09-16-at-02.53.03-1-454x340.jpeg\" alt=\"\" width=\"435\" height=\"326\" \/>Dans l&rsquo;apr\u00e8s-midi et \u00e0 la fin de la deuxi\u00e8me journ\u00e9e du voyage apostolique, le Pape Fran\u00e7ois a \u00e9galement c\u00e9l\u00e9br\u00e9 la Sainte Messe sur la place de l&rsquo;Expo, rencontrant des catholiques du pays et de diverses autres r\u00e9gions d&rsquo;Asie. Certains membres de la petite communaut\u00e9 du Mouvement des Focolari pr\u00e9sente dans la r\u00e9gion lui ont \u00e9galement embo\u00eet\u00e9 le pas. \u00ab\u00a0La visite du pape Fran\u00e7ois au Kazakhstan a \u00e9t\u00e9 une grande joie pour les catholiques qui vivent ici et au-del\u00e0\u00a0\u00bb, a d\u00e9clar\u00e9 Nikolay, un tout jeune p\u00e8re de famille originaire d&rsquo;Amalty. \u00ab\u00a0Notre communaut\u00e9 a organis\u00e9 un p\u00e8lerinage pour se rendre \u00e0 Nur-Sultan. Il \u00e9tait important d&rsquo;\u00eatre l\u00e0 et de prier ensemble avec le Pape\u00a0\u00bb, a-t-il poursuivi.  Une pri\u00e8re communautaire qui semble exprimer un d\u00e9sir grav\u00e9 dans le c\u0153ur de chacun, celui d&rsquo;atteindre la joie d&rsquo;un monde uni en semant le bien. Pour Nikolay, \u00eatre des \u00ab messagers de la paix \u00bb signifie ceci : \u00ab Le Kazakhstan est un pays multinational o\u00f9 vivent diff\u00e9rentes nations et o\u00f9 chaque habitant respecte les diff\u00e9rentes traditions religieuses des autres. Les musulmans f\u00e9licitent les chr\u00e9tiens pour P\u00e2ques et No\u00ebl et les chr\u00e9tiens, \u00e0 leur tour, f\u00e9licitent les musulmans pour leurs f\u00eates. Dans diverses situations difficiles, chacun essaie d&rsquo;aider son voisin, qu&rsquo;il soit kazakh, russe ou kirghize, mais c&rsquo;est un chemin qui doit \u00eatre constamment renouvel\u00e9 \u00bb. C&rsquo;est ce que le pape Fran\u00e7ois a \u00e9galement confirm\u00e9, en citant dans son hom\u00e9lie une partie du discours que saint Jean-Paul II a prononc\u00e9 lors de son voyage au Kazakhstan en septembre 2001 et qui laisse \u00e0 chacun une parole \u00e0 suivre : \u00ab\u00a0la paix n&rsquo;est jamais acquise une fois pour toutes, elle doit \u00eatre conquise chaque jour, tout comme la coexistence entre les diff\u00e9rentes ethnies et traditions religieuses, le d\u00e9veloppement int\u00e9gral, la justice sociale\u00a0. Et pour que le Kazakhstan grandisse encore plus \u2018dans la fraternit\u00e9, le dialogue et la compr\u00e9hension [&#8230;] pour construire des ponts de solidarit\u00e9 et de coop\u00e9ration avec d&rsquo;autres peuples, nations et cultures\u2019<sup>1<\/sup> , l&rsquo;engagement de tous est n\u00e9cessaire\u00a0\u00bb. <\/p>\n<p style=\"text-align: right;\"><em>Maria Grazia Berretta<\/em><\/p>\n<p style=\"text-align: left;\">1 S.Jean Paul II, <em>Discours durant la c\u00e9r\u00e9monie de bienvenue,<\/em> 22 septembre 2001<\/p>\n","protected":false},"excerpt":{"rendered":"<p>Un pont entre l&rsquo;Europe et l&rsquo;Asie. Le Kazakhstan \u00e9tait le pays de destination du 38\u00e8me Voyage Apostolique du Pape Fran\u00e7ois, un voyage qui s&rsquo;est d\u00e9roul\u00e9 du 13 au 15 septembre 2022.\u00a0L&rsquo;occasion de cette visite \u00e9tait le VIIe Congr\u00e8s des Responsables des religions mondiales et traditionnelles.<\/p>\n","protected":false},"author":33,"featured_media":0,"comment_status":"open","ping_status":"open","sticky":false,"template":"","format":"standard","meta":{"give_campaign_id":0,"_seopress_robots_primary_cat":"","_seopress_titles_title":"","_seopress_titles_desc":"","_seopress_robots_index":"","_et_pb_use_builder":"","_et_pb_old_content":"","_et_gb_content_width":"","footnotes":""},"categories":[906],"tags":[],"class_list":["post-315288","post","type-post","status-publish","format-standard","hentry","category-focolare-worldwide-2-3"],"_links":{"self":[{"href":"https:\/\/www.focolare.org\/fr\/wp-json\/wp\/v2\/posts\/315288","targetHints":{"allow":["GET"]}}],"collection":[{"href":"https:\/\/www.focolare.org\/fr\/wp-json\/wp\/v2\/posts"}],"about":[{"href":"https:\/\/www.focolare.org\/fr\/wp-json\/wp\/v2\/types\/post"}],"author":[{"embeddable":true,"href":"https:\/\/www.focolare.org\/fr\/wp-json\/wp\/v2\/users\/33"}],"replies":[{"embeddable":true,"href":"https:\/\/www.focolare.org\/fr\/wp-json\/wp\/v2\/comments?post=315288"}],"version-history":[{"count":0,"href":"https:\/\/www.focolare.org\/fr\/wp-json\/wp\/v2\/posts\/315288\/revisions"}],"wp:attachment":[{"href":"https:\/\/www.focolare.org\/fr\/wp-json\/wp\/v2\/media?parent=315288"}],"wp:term":[{"taxonomy":"category","embeddable":true,"href":"https:\/\/www.focolare.org\/fr\/wp-json\/wp\/v2\/categories?post=315288"},{"taxonomy":"post_tag","embeddable":true,"href":"https:\/\/www.focolare.org\/fr\/wp-json\/wp\/v2\/tags?post=315288"}],"curies":[{"name":"wp","href":"https:\/\/api.w.org\/{rel}","templated":true}]}}