{"id":315322,"date":"2022-11-09T14:36:41","date_gmt":"2022-11-09T13:36:41","guid":{"rendered":"https:\/\/www.focolare.org\/pape-francois-au-mouvement-des-focolari-que-le-christ-eclaire-toujours-vos-pas\/"},"modified":"2024-05-15T21:03:35","modified_gmt":"2024-05-15T19:03:35","slug":"pape-francois-au-mouvement-des-focolari-que-le-christ-eclaire-toujours-vos-pas","status":"publish","type":"post","link":"https:\/\/www.focolare.org\/fr\/pape-francois-au-mouvement-des-focolari-que-le-christ-eclaire-toujours-vos-pas\/","title":{"rendered":"Pape Fran\u00e7ois au Mouvement des Focolari : \u00ab Que le Christ \u00e9claire toujours vos pas \u00bb"},"content":{"rendered":"<p><em>La salutation de Margaret\u00a0Karram, Pr\u00e9sidente du Mouvement des Focolari, aux volontaires en formation<\/em><em>, <\/em><em>r\u00e9unis \u00e0 Castelgandolfo le 5 novembre 2022 et la joie de partager avec eux la tr\u00e8s belle lettre re\u00e7ue du Pape Fran\u00e7ois.<\/em>  Activer les sous-titres fran\u00e7ais  https:\/\/youtu.be\/izLQ6PkQsHA<\/p>\n","protected":false},"excerpt":{"rendered":"<p>La salutation de Margaret Karram, Pr\u00e9sidente du Mouvement des Focolari, aux volontaires en formation, r\u00e9unis \u00e0 Castelgandolfo le 5 novembre 2022 et la joie de partager avec eux la tr\u00e8s belle lettre re\u00e7ue du Pape Fran\u00e7ois.<\/p>\n","protected":false},"author":34,"featured_media":0,"comment_status":"open","ping_status":"open","sticky":false,"template":"","format":"standard","meta":{"give_campaign_id":0,"_seopress_robots_primary_cat":"","_seopress_titles_title":"","_seopress_titles_desc":"","_seopress_robots_index":"","_et_pb_use_builder":"","_et_pb_old_content":"","_et_gb_content_width":"","footnotes":""},"categories":[47],"tags":[],"class_list":["post-315322","post","type-post","status-publish","format-standard","hentry","category-non-classifiee"],"_links":{"self":[{"href":"https:\/\/www.focolare.org\/fr\/wp-json\/wp\/v2\/posts\/315322","targetHints":{"allow":["GET"]}}],"collection":[{"href":"https:\/\/www.focolare.org\/fr\/wp-json\/wp\/v2\/posts"}],"about":[{"href":"https:\/\/www.focolare.org\/fr\/wp-json\/wp\/v2\/types\/post"}],"author":[{"embeddable":true,"href":"https:\/\/www.focolare.org\/fr\/wp-json\/wp\/v2\/users\/34"}],"replies":[{"embeddable":true,"href":"https:\/\/www.focolare.org\/fr\/wp-json\/wp\/v2\/comments?post=315322"}],"version-history":[{"count":0,"href":"https:\/\/www.focolare.org\/fr\/wp-json\/wp\/v2\/posts\/315322\/revisions"}],"wp:attachment":[{"href":"https:\/\/www.focolare.org\/fr\/wp-json\/wp\/v2\/media?parent=315322"}],"wp:term":[{"taxonomy":"category","embeddable":true,"href":"https:\/\/www.focolare.org\/fr\/wp-json\/wp\/v2\/categories?post=315322"},{"taxonomy":"post_tag","embeddable":true,"href":"https:\/\/www.focolare.org\/fr\/wp-json\/wp\/v2\/tags?post=315322"}],"curies":[{"name":"wp","href":"https:\/\/api.w.org\/{rel}","templated":true}]}}