{"id":315336,"date":"2022-11-22T03:00:49","date_gmt":"2022-11-22T02:00:49","guid":{"rendered":"https:\/\/www.focolare.org\/evangile-vecu-heureux-les-misericordieux-il-leur-sera-fait-misericorde-mt-57\/"},"modified":"2024-05-15T21:03:37","modified_gmt":"2024-05-15T19:03:37","slug":"evangile-vecu-heureux-les-misericordieux-il-leur-sera-fait-misericorde-mt-57","status":"publish","type":"post","link":"https:\/\/www.focolare.org\/fr\/evangile-vecu-heureux-les-misericordieux-il-leur-sera-fait-misericorde-mt-57\/","title":{"rendered":"\u00c9vangile v\u00e9cu : \u00ab Heureux les mis\u00e9ricordieux, il leur sera fait mis\u00e9ricorde \u00bb (Mt 5,7)"},"content":{"rendered":"<p><em>Les mis\u00e9ricordieux sont ceux qui sont capables de pardonner aux autres et souvent m\u00eame \u00e0 eux-m\u00eames. Cependant, la mis\u00e9ricorde n&rsquo;est pas seulement une disposition int\u00e9rieure mais elle est le chemin qui nous unit \u00e0 Dieu. Son immense amour pour nous n&rsquo;est pas un sentiment mais une action, l&rsquo;acte par lequel chacun de nous rena\u00eet. <\/em>  <strong>Vivre en paix<\/strong>  Ce n&rsquo;\u00e9tait pas la premi\u00e8re fois que je remarquais des intrusions sur mes terres. Je n&rsquo;avais jamais eu d&rsquo;ennemis et mon p\u00e8re m&rsquo;avait appris \u00e0 \u00e9tablir de bonnes relations. Cette fois, je voulais voir y voir clair. J&rsquo;ai demand\u00e9 de l&rsquo;aide \u00e0 la Vierge et une nuit, je suis all\u00e9 dans le verger avec un autre agriculteur. Comme je l&rsquo;avais suppos\u00e9, \u00e0 une certaine heure, j&rsquo;ai vu mon voisin arriver avec ses deux fils, munis de cageots \u00e0 fruits. Le plan \u00e9tait de les photographier en flagrant d\u00e9lit : d\u00e9sar\u00e7onn\u00e9s par les flashs, les trois sont imm\u00e9diatement partis, laissant les fruits r\u00e9colt\u00e9s sur le sol. Le lendemain soir, la femme du voisin a demand\u00e9 \u00e0 mon \u00e9pouse la faveur de d\u00e9truire les photos et de ne pas porter plainte contre son mari. Comme convenu, ma femme a r\u00e9pondu : \u00ab\u00a0Je ne sais pas de quelles photos vous parlez, mon mari est sorti depuis deux jours\u00a0\u00bb. \u00c0 partir de ce moment, les choses ont chang\u00e9 : une gentillesse inhabituelle et une volont\u00e9 d&rsquo;aider \u00e0 la cueillette&#8230; Lors d&rsquo;une pause, le voisin a admis qu&rsquo;il \u00e9tait venu chercher des pommes \u00ab\u00a0pour les go\u00fbter\u00a0\u00bb et qu&rsquo;il avait vu des flashs. J&rsquo;ai r\u00e9pondu : \u00ab\u00a0Des choses \u00e9tranges se produisent dans le village depuis un certain temps. L&rsquo;important pour nous est de vivre en paix\u00a0\u00bb. (V.S.E. &#8211; Italie)  <strong>Un v\u00e9ritable changement<\/strong>  Arriv\u00e9e \u00e0 la retraite, j&rsquo;ai fait le bilan de ma vie : un \u00e9chec total ! Je ne suis pas mari\u00e9e en raison de l&rsquo;opposition des parents \u00e0 mon choix d&rsquo;un bon gars mais qui n&rsquo;\u00e9tait pas de notre rang. Avec mes fr\u00e8res et ma s\u0153ur, les relations \u00e9taient presque rompues \u00e0 cause de l&rsquo;h\u00e9ritage injustement divis\u00e9, selon eux. Je peux me dire riche, et pourtant, quel vide s&rsquo;est cr\u00e9\u00e9 en moi et autour de moi ! J&rsquo;\u00e9tais hospitalis\u00e9e lorsqu&rsquo;une ni\u00e8ce venue me rendre visite a prononc\u00e9 une phrase qui ne m&rsquo;a pas laiss\u00e9e en paix : \u00ab\u00a0Tante, ton probl\u00e8me est que tu es poss\u00e9d\u00e9e par le mal. Tout signe de bont\u00e9 a disparu en toi\u00a0\u00bb. Une fois sortie de l&rsquo;h\u00f4pital, j&rsquo;ai cherch\u00e9 un pr\u00eatre \u00e0 qui je pouvais confier ce qui me tourmentait. Apr\u00e8s m&rsquo;avoir \u00e9cout\u00e9e, il lui a sembl\u00e9 que, d&rsquo;une certaine mani\u00e8re, je voulais me venger de la vie, de la famille, de tout le monde, et il m&rsquo;a encourag\u00e9e \u00e0 penser davantage aux autres : en f\u00eatant les anniversaires des proches avec des cadeaux, en demandant des nouvelles aux voisins, en \u00e9crivant aux anciens \u00e9l\u00e8ves&#8230; de petits gestes mais des pas vers la lumi\u00e8re. En d\u00e9sespoir de cause, j&rsquo;ai mis cette suggestion en pratique. C&rsquo;est difficile, mais je sens que quelque chose est en train de changer. (G.I. &#8211; Espagne)  <strong>Amies dans la maladie<\/strong>  Pendant le s\u00e9jour de ma m\u00e8re \u00e0 l&rsquo;h\u00f4pital, j&rsquo;ai fait la connaissance de sa compagne de chambre, Klari. M\u00eame stade de cancer, m\u00eame rythme de chimioth\u00e9rapies. Elles \u00e9taient devenues amies, mais quelque chose les divisait : dans sa jeunesse, Klari avait \u00e9t\u00e9 une militante communiste et n&rsquo;acceptait pas la foi catholique profess\u00e9e par ma m\u00e8re. Elles ne se disputaient pas, mais on sentait que chacune d&rsquo;entre elles avait gard\u00e9 ses convictions. Cependant, ma m\u00e8re \u00e9tait toujours disponible et pour aider Klari, qui n&rsquo;avait pas de parents, elle nous avait impliqu\u00e9s, nous la famille, pour ses besoins : de petites choses de premi\u00e8re n\u00e9cessit\u00e9, quelques papiers \u00e0 faire, t\u00e9l\u00e9phoner \u00e0 des amies. Lorsque l\u2019\u00e9tat de sant\u00e9 des deux s&rsquo;est aggrav\u00e9, j&rsquo;ai remarqu\u00e9 une acceptation diff\u00e9rente de la maladie : ma m\u00e8re \u00e9tait toujours attentive \u00e0 son amie et en elle transparaissait une grande paix ; Klari, en revanche, \u00e9tait impatiente et agressive. Mais avant de sombrer dans le coma, elle a remerci\u00e9 ma m\u00e8re pour la fa\u00e7on dont elle avait \u00e9t\u00e9 \u00e0 ses c\u00f4t\u00e9s. Elle \u00e9tait devenue membre de notre famille.\u00a0(P.F.H. &#8211; Allemagne) <\/p>\n<p style=\"text-align: right;\"><em>Aux soins de Maria Grazia Berretta <\/em><em>(tir\u00e9 de Il Vangelo del Giorno, Citt\u00e0 Nuova, anno VIII, n.2, novembre-d\u00e9cembre 2022)<\/em><\/p>\n<p> &nbsp;  &nbsp;<\/p>\n","protected":false},"excerpt":{"rendered":"<p>Les mis\u00e9ricordieux sont ceux qui sont capables de pardonner aux autres et souvent m\u00eame \u00e0 eux-m\u00eames. Cependant, la mis\u00e9ricorde n&rsquo;est pas seulement une disposition int\u00e9rieure mais elle est le chemin qui nous unit \u00e0 Dieu. Son immense amour pour nous n&rsquo;est pas un sentiment mais une action, l&rsquo;acte par lequel chacun de nous rena\u00eet.<\/p>\n","protected":false},"author":34,"featured_media":0,"comment_status":"open","ping_status":"open","sticky":false,"template":"","format":"standard","meta":{"give_campaign_id":0,"_seopress_robots_primary_cat":"","_seopress_titles_title":"","_seopress_titles_desc":"","_seopress_robots_index":"","_et_pb_use_builder":"","_et_pb_old_content":"","_et_gb_content_width":"","footnotes":""},"categories":[907],"tags":[],"class_list":["post-315336","post","type-post","status-publish","format-standard","hentry","category-senza-categoria-2-3"],"_links":{"self":[{"href":"https:\/\/www.focolare.org\/fr\/wp-json\/wp\/v2\/posts\/315336","targetHints":{"allow":["GET"]}}],"collection":[{"href":"https:\/\/www.focolare.org\/fr\/wp-json\/wp\/v2\/posts"}],"about":[{"href":"https:\/\/www.focolare.org\/fr\/wp-json\/wp\/v2\/types\/post"}],"author":[{"embeddable":true,"href":"https:\/\/www.focolare.org\/fr\/wp-json\/wp\/v2\/users\/34"}],"replies":[{"embeddable":true,"href":"https:\/\/www.focolare.org\/fr\/wp-json\/wp\/v2\/comments?post=315336"}],"version-history":[{"count":0,"href":"https:\/\/www.focolare.org\/fr\/wp-json\/wp\/v2\/posts\/315336\/revisions"}],"wp:attachment":[{"href":"https:\/\/www.focolare.org\/fr\/wp-json\/wp\/v2\/media?parent=315336"}],"wp:term":[{"taxonomy":"category","embeddable":true,"href":"https:\/\/www.focolare.org\/fr\/wp-json\/wp\/v2\/categories?post=315336"},{"taxonomy":"post_tag","embeddable":true,"href":"https:\/\/www.focolare.org\/fr\/wp-json\/wp\/v2\/tags?post=315336"}],"curies":[{"name":"wp","href":"https:\/\/api.w.org\/{rel}","templated":true}]}}