{"id":315344,"date":"2022-12-01T14:30:09","date_gmt":"2022-12-01T13:30:09","guid":{"rendered":"https:\/\/www.focolare.org\/le-coe-accueille-la-communaute-des-focolari-dans-un-engagement-commun-a-cheminer-ensemble-en-se-tenant-la-main\/"},"modified":"2024-05-15T21:03:40","modified_gmt":"2024-05-15T19:03:40","slug":"le-coe-accueille-la-communaute-des-focolari-dans-un-engagement-commun-a-cheminer-ensemble-en-se-tenant-la-main","status":"publish","type":"post","link":"https:\/\/www.focolare.org\/fr\/le-coe-accueille-la-communaute-des-focolari-dans-un-engagement-commun-a-cheminer-ensemble-en-se-tenant-la-main\/","title":{"rendered":"Le COE accueille la communaut\u00e9 des Focolari dans un engagement commun \u00e0 cheminer ensemble en se \u00abtenant la main\u00bb"},"content":{"rendered":"<p><em>Le 28 novembre, le Conseil \u0153cum\u00e9nique des \u00c9glises (COE) a accueilli la pr\u00e9sidente des Focolari, Margaret Karram, ainsi que leur copr\u00e9sident, Jes\u00fas Mor\u00e1n, et plusieurs membres de la communaut\u00e9 des Focolari, et leur a propos\u00e9 une visite guid\u00e9e du Centre \u0153cum\u00e9nique suivie d\u2019une discussion sur l\u2019unit\u00e9, la r\u00e9conciliation, les relations interreligieuses, Foi et constitution, la communication, entre autres th\u00e8mes abord\u00e9s.<\/em>  Le secr\u00e9taire g\u00e9n\u00e9ral par int\u00e9rim du COE, le p\u00e8re prof. Ioan Sauca, a salu\u00e9 les nombreuses collaborations qui ont jalonn\u00e9 l\u2019histoire des relations entre le COE et les Focolari, plus r\u00e9cemment \u00e0 l\u2019occasion de la 11<sup>e<\/sup>\u00a0Assembl\u00e9e du COE \u00e0 Karlsruhe \u00e0 laquelle le mouvement des Focolari a particip\u00e9.  Le p\u00e8re Ioan a d\u00e9clar\u00e9 que le COE reconna\u00eet l\u2019importance de la coop\u00e9ration et du soutien mutuel entre le COE et les Focolari pour un service commun le long du nouveau paradigme qu\u2019est le p\u00e8lerinage de justice, de r\u00e9conciliation et d\u2019unit\u00e9.  \u00abLes fid\u00e8les chr\u00e9tiens des diff\u00e9rentes \u00c9glises du mouvement des Focolari ont particip\u00e9 aux Assembl\u00e9es du COE au sein de la d\u00e9l\u00e9gation de leur \u00c9glise ou en d\u2019autres qualit\u00e9s\u00bb.  \u00abVotre engagement \u00e0 promouvoir le dialogue entre les fid\u00e8les chr\u00e9tiens, juifs et musulmans, de m\u00eame que votre engagement \u00e0 maintenir le dialogue entre Isra\u00e9lien-ne-s et Palestinien-ne-s sont autant d\u2019atouts et de sources d\u2019inspiration pour le mouvement mondial des Focolari, mais aussi au-del\u00e0\u00bb, a d\u00e9clar\u00e9 le p\u00e8re Ioan.  Les membres du personnel du COE et les repr\u00e9sentant-e-s du mouvement des Focolari ont \u00e9galement abord\u00e9 les collaborations pass\u00e9es et \u00e0 venir et partag\u00e9 leur exp\u00e9rience en mati\u00e8re d\u2019unit\u00e9 et d\u2019\u0153cum\u00e9nisme.  Mme Karram a salu\u00e9 chaleureusement ses interlocuteurs et interlocutrices et dit sa joie de rendre visite au COE, 20\u00a0ans apr\u00e8s la derni\u00e8re visite de la fondatrice du mouvement des Focolari, Chiara Lubich, au COE.  \u00abIl y a vingt ans, la fondatrice du mouvement des Focolari, Chiara Lubich, est venue ici m\u00eame \u00e0 l\u2019invitation du secr\u00e9taire g\u00e9n\u00e9ral du COE d\u2019alors, Konrad Raiser, et du p\u00e8re Ioan\u00bb, a indiqu\u00e9 Mme Karram. \u00abJe suis si reconnaissante de me trouver ici, \u00e0 vos c\u00f4t\u00e9s, pour c\u00e9l\u00e9brer cet anniversaire. Je rends gr\u00e2ce \u00e0 Dieu, car je sais que je foule un sol qui m\u2019est sacr\u00e9\u00bb.  Mme Karram a assur\u00e9 le COE de la volont\u00e9 et de la capacit\u00e9 du mouvement des Focolari \u00e0 cheminer ensemble. \u00abJ\u2019ajouterais, pas uniquement \u00e0 cheminer ensemble, car il nous faut nous tenir la main, je dirais donc cheminer ensemble tout en nous tenant la main, c\u00f4te \u00e0 c\u00f4te. Telle est ma promesse\u00bb.  Le secr\u00e9taire g\u00e9n\u00e9ral \u00e9lu du COE, le pasteur Jerry Pillay, a salu\u00e9 les diverses occasions au cours desquelles la communaut\u00e9 des Focolari et le COE ont \u00e9chang\u00e9 des id\u00e9es et des informations au fil des ans. \u00abNotre collaboration s\u2019est faite \u00e0 diff\u00e9rents niveaux\u00bb, ajoute-t-il. <\/p>\n<p style=\"text-align: right;\"><em>Source : <a href=\"https:\/\/www.oikoumene.org\/fr\/news\/wcc-hosts-focolare-community-with-mutual-commitment-to-holding-hands-walking-together\" target=\"_blank\" rel=\"noopener\">COE<\/a><\/em><\/p>\n<p> <strong><a href=\"https:\/\/www.focolare.org\/fr\/download\/english-the-ecumenical-journey-of-the-focolare-movement\/\" target=\"_blank\" rel=\"noopener\">Discours complet de Margaret Karram<\/a> <\/strong>  <a href=\"https:\/\/oikoumene.photoshelter.com\/galleries\/C0000_4U7GBA7EYQ\/G0000hj6orbfBOwE\/Focolare-leadership-visit-to-the-WCC\" target=\"_blank\" rel=\"noopener\"><strong>Galerie photo de la visite de la direction des Focolari au COE<\/strong><\/a>  https:\/\/www.youtube.com\/watch?v=-Lx8IklNEPQ&amp;t=53s  https:\/\/www.youtube.com\/watch?v=q7OMciDbHA8&amp;t=2s<\/p>\n","protected":false},"excerpt":{"rendered":"<p>Le 28 novembre, le Conseil \u0153cum\u00e9nique des \u00c9glises (COE) a accueilli la pr\u00e9sidente des Focolari, Margaret Karram, ainsi que leur copr\u00e9sident, Jes\u00fas Moran, et plusieurs membres de la communaut\u00e9 des Focolari, et leur a propos\u00e9 une visite guid\u00e9e du Centre \u0153cum\u00e9nique suivie d\u2019une discussion sur l\u2019unit\u00e9, la r\u00e9conciliation, les relations interreligieuses, Foi et constitution, la communication, entre autres th\u00e8mes abord\u00e9s.<\/p>\n","protected":false},"author":34,"featured_media":0,"comment_status":"open","ping_status":"open","sticky":false,"template":"","format":"standard","meta":{"give_campaign_id":0,"_seopress_robots_primary_cat":"","_seopress_titles_title":"","_seopress_titles_desc":"","_seopress_robots_index":"","_et_pb_use_builder":"","_et_pb_old_content":"","_et_gb_content_width":"","footnotes":""},"categories":[47],"tags":[],"class_list":["post-315344","post","type-post","status-publish","format-standard","hentry","category-non-classifiee"],"_links":{"self":[{"href":"https:\/\/www.focolare.org\/fr\/wp-json\/wp\/v2\/posts\/315344","targetHints":{"allow":["GET"]}}],"collection":[{"href":"https:\/\/www.focolare.org\/fr\/wp-json\/wp\/v2\/posts"}],"about":[{"href":"https:\/\/www.focolare.org\/fr\/wp-json\/wp\/v2\/types\/post"}],"author":[{"embeddable":true,"href":"https:\/\/www.focolare.org\/fr\/wp-json\/wp\/v2\/users\/34"}],"replies":[{"embeddable":true,"href":"https:\/\/www.focolare.org\/fr\/wp-json\/wp\/v2\/comments?post=315344"}],"version-history":[{"count":0,"href":"https:\/\/www.focolare.org\/fr\/wp-json\/wp\/v2\/posts\/315344\/revisions"}],"wp:attachment":[{"href":"https:\/\/www.focolare.org\/fr\/wp-json\/wp\/v2\/media?parent=315344"}],"wp:term":[{"taxonomy":"category","embeddable":true,"href":"https:\/\/www.focolare.org\/fr\/wp-json\/wp\/v2\/categories?post=315344"},{"taxonomy":"post_tag","embeddable":true,"href":"https:\/\/www.focolare.org\/fr\/wp-json\/wp\/v2\/tags?post=315344"}],"curies":[{"name":"wp","href":"https:\/\/api.w.org\/{rel}","templated":true}]}}