{"id":315350,"date":"2022-12-07T10:18:25","date_gmt":"2022-12-07T09:18:25","guid":{"rendered":"https:\/\/www.focolare.org\/7-decembre-43-le-oui-a-dieu\/"},"modified":"2024-05-15T21:03:40","modified_gmt":"2024-05-15T19:03:40","slug":"7-decembre-43-le-oui-a-dieu","status":"publish","type":"post","link":"https:\/\/www.focolare.org\/fr\/7-decembre-43-le-oui-a-dieu\/","title":{"rendered":"7 d\u00e9cembre 43 : le \u00ab\u00a0Oui\u00a0\u00bb \u00e0 Dieu"},"content":{"rendered":"<p>Imaginez-vous une jeune fille amoureuse, amoureuse de cet amour qui est le premier, le plus pur, qui n&rsquo;est pas encore d\u00e9clar\u00e9, mais qui commence \u00e0 enflammer l\u2019\u00e2me.  Une joie sp\u00e9ciale, qu&rsquo;il est rare d&rsquo;\u00e9prouver une autre fois dans la vie. Une joie secr\u00e8te.  On m\u2019avait conseill\u00e9, quelques jours auparavant, de veiller la nuit du 7 d\u00e9cembre, aupr\u00e8s du crucifix afin de mieux me pr\u00e9parer \u00e0 ce mariage avec Dieu, mariage qui devait se d\u00e9rouler de la fa\u00e7on la plus secr\u00e8te.  Le soir m\u00eame, agenouill\u00e9e pr\u00e8s de mon lit, j&rsquo;ai essay\u00e9 de veiller, devant un crucifix de m\u00e9tal qu\u2019\u00e0 ce jour ma m\u00e8re poss\u00e8de encore.  Le matin, je me suis lev\u00e9e vers cinq heures. J&rsquo;ai enfil\u00e9 une robe toute simple, la plus belle que je poss\u00e9dais, et je me suis mise en route vers un petit coll\u00e8ge de l\u2019autre c\u00f4t\u00e9 de la ville.  Une temp\u00eate faisait rage dehors, \u00e0 tel point que je devais me frayer un chemin en poussant mon parapluie devant moi. Ces circonstances me semblaient exprimer que l&rsquo;acte que j&rsquo;\u00e9tais en train d&rsquo;accomplir rencontrerait des obstacles.  Arriv\u00e9e au coll\u00e8ge, le d\u00e9cor change. Un \u00e9norme portail s&rsquo;ouvre de lui-m\u00eame. J\u2019en \u00e9prouve une impression de soulagement et d&rsquo;accueil, comme face aux bras grands ouverts de ce Dieu qui m&rsquo;attendait.  La petite \u00e9glise \u00e9tait orn\u00e9e au mieux.  Au fond, se d\u00e9tachait une Vierge Immacul\u00e9e.  Avant la communion, en un \u00e9clair, j&rsquo;ai r\u00e9alis\u00e9 ce que j&rsquo;\u00e9tais sur le point de faire : jamais plus je ne pourrais retourner dans le monde.  Je me mariais. J&rsquo;\u00e9pousais Dieu.  Ouvrir ainsi les yeux sur ce que j&rsquo;allais faire &#8211; je m&rsquo;en souviens encore tr\u00e8s bien &#8211; a provoqu\u00e9 en moi quelque chose de si soudain et intense \u00e0 la fois, qu&rsquo;une larme est tomb\u00e9e sur mon missel. Une longue action de gr\u00e2ces.  Je crois que je suis rentr\u00e9e \u00e0 la maison en courant. Je me suis seulement arr\u00eat\u00e9e pr\u00e8s de l&rsquo;\u00e9v\u00each\u00e9 &#8211; me semble-t-il &#8211; pour y acheter trois \u0153illets rouges et en orner le crucifix qui m&rsquo;attendait dans ma chambre. Ces fleurs \u00e9taient le signe de notre f\u00eate commune.  Tout est l\u00e0.  M\u00eame en envisageant les perspectives les plus optimistes, le 7 d\u00e9cembre 1943 je n&rsquo;aurais pas pu imaginer ce que je vois aujourd&rsquo;hui.  Louange \u00e0 Dieu, gloire \u00e0 Marie, reine d&rsquo;un royaume qui &#8211; sans m\u00e9taphore &#8211; a envahi le monde. <\/p>\n<p style=\"text-align: right;\"><em>Chiara Lubich <\/em><em>(Extrait de \u00ab\u00a0Aujourd&rsquo;hui l&rsquo;Op\u00e9ra a trente ans\u00a0\u00bb Rocca di Papa, 7 d\u00e9cembre 1973)<\/em><\/p>\n<p> Activer les sous-titres fran\u00e7ais  https:\/\/www.youtube.com\/watch?v=2i80L6Srdh8&amp;list=PLKhiBjTNojHqNPFPXKJgyiqn8c7NKZ0ME<\/p>\n","protected":false},"excerpt":{"rendered":"<p>Imaginez-vous une jeune fille amoureuse, amoureuse de cet amour qui est le premier, le plus pur, qui n&rsquo;est pas encore d\u00e9clar\u00e9, mais qui commence \u00e0 enflammer l\u2019\u00e2me. Une joie sp\u00e9ciale, qu&rsquo;il est rare d&rsquo;\u00e9prouver une autre fois dans la vie. Une joie secr\u00e8te. On m\u2019avait conseill\u00e9, quelques jours auparavant, de veiller la nuit du 7 [&hellip;]<\/p>\n","protected":false},"author":35,"featured_media":0,"comment_status":"open","ping_status":"open","sticky":false,"template":"","format":"standard","meta":{"give_campaign_id":0,"_seopress_robots_primary_cat":"","_seopress_titles_title":"","_seopress_titles_desc":"","_seopress_robots_index":"","_et_pb_use_builder":"","_et_pb_old_content":"","_et_gb_content_width":"","footnotes":""},"categories":[47],"tags":[],"class_list":["post-315350","post","type-post","status-publish","format-standard","hentry","category-non-classifiee"],"_links":{"self":[{"href":"https:\/\/www.focolare.org\/fr\/wp-json\/wp\/v2\/posts\/315350","targetHints":{"allow":["GET"]}}],"collection":[{"href":"https:\/\/www.focolare.org\/fr\/wp-json\/wp\/v2\/posts"}],"about":[{"href":"https:\/\/www.focolare.org\/fr\/wp-json\/wp\/v2\/types\/post"}],"author":[{"embeddable":true,"href":"https:\/\/www.focolare.org\/fr\/wp-json\/wp\/v2\/users\/35"}],"replies":[{"embeddable":true,"href":"https:\/\/www.focolare.org\/fr\/wp-json\/wp\/v2\/comments?post=315350"}],"version-history":[{"count":0,"href":"https:\/\/www.focolare.org\/fr\/wp-json\/wp\/v2\/posts\/315350\/revisions"}],"wp:attachment":[{"href":"https:\/\/www.focolare.org\/fr\/wp-json\/wp\/v2\/media?parent=315350"}],"wp:term":[{"taxonomy":"category","embeddable":true,"href":"https:\/\/www.focolare.org\/fr\/wp-json\/wp\/v2\/categories?post=315350"},{"taxonomy":"post_tag","embeddable":true,"href":"https:\/\/www.focolare.org\/fr\/wp-json\/wp\/v2\/tags?post=315350"}],"curies":[{"name":"wp","href":"https:\/\/api.w.org\/{rel}","templated":true}]}}