{"id":315406,"date":"2023-02-09T08:00:37","date_gmt":"2023-02-09T07:00:37","guid":{"rendered":"https:\/\/www.focolare.org\/la-lune-sur-les-decombres-temoignages-de-turquie-et-de-syrie\/"},"modified":"2024-05-15T21:03:50","modified_gmt":"2024-05-15T19:03:50","slug":"la-lune-sur-les-decombres-temoignages-de-turquie-et-de-syrie","status":"publish","type":"post","link":"https:\/\/www.focolare.org\/fr\/la-lune-sur-les-decombres-temoignages-de-turquie-et-de-syrie\/","title":{"rendered":"La lune sur les d\u00e9combres : t\u00e9moignages de Turquie et de Syrie"},"content":{"rendered":"<p>\u00ab\u00a0D\u00e8s le dimanche soir 5 f\u00e9vrier, les autorit\u00e9s avaient annonc\u00e9 que les \u00e9coles resteraient ferm\u00e9es le lundi 6 parce qu&rsquo;une violente temp\u00eate \u00e9tait \u00e0 craindre. Les temp\u00e9ratures sont proches de z\u00e9ro et la p\u00e9riode la plus froide de l&rsquo;ann\u00e9e est attendue pour l&rsquo;ensemble de la Turquie\u00a0\u00bb.  Ce sont les mots d&rsquo;Umberta Fabris, du Focolare d&rsquo;Istanbul (Turquie), qui, d&rsquo;une voix \u00e9mue, raconte les conditions dans lesquelles le pays se retrouve \u00e0 vivre une catastrophe sans \u00e9quivalent qui, avec une violence sans pr\u00e9c\u00e9dent, a frapp\u00e9 la Turquie et la Syrie dans la nuit du 5 au 6 f\u00e9vrier.  La magnitude de ce tremblement de terre est inimaginable. En fait, 10 provinces de Turquie ont \u00e9t\u00e9 touch\u00e9es, 13 millions de personnes sont concern\u00e9es, et une violence sans pr\u00e9c\u00e9dent des secousses se poursuit. \u00c0 ce jour, plus de 14 000 personnes sont mortes, mais les chiffres continuent d&rsquo;augmenter \u00e0 mesure que les recherches se poursuivent.  \u00ab\u00a0Istanbul est \u00e0 environ 1.000 km des zones touch\u00e9es\u00a0\u00bb, poursuit Umberta Fabris, \u00ab\u00a0mais ici nous sommes entour\u00e9s de personnes qui ont des parents et des amis l\u00e0-bas et les nouvelles arrivent au compte-gouttes. Les t\u00e9l\u00e9phones portables sont d\u00e9charg\u00e9s, Il n&rsquo;y a plus d&rsquo;\u00e9lectricit\u00e9, les dommages caus\u00e9s \u00e0 l&rsquo;infrastructure de communication sont \u00e9normes, comme tout le reste. Seuls quelques SMS ou quelques mots \u00e9chang\u00e9s avec une ligne tr\u00e8s perturb\u00e9e arrivent. Et tout cela est une recherche de nouvelles, pour savoir si tout le monde r\u00e9pond \u00e0 l&rsquo;appel, m\u00eame parmi nos amis de la petite communaut\u00e9 chr\u00e9tienne d&rsquo;Antioche, Mersin, Adana et Iskenderun\u00a0\u00bb.  <img loading=\"lazy\" decoding=\"async\" class=\"alignright\" src=\"https:\/\/www.focolare.org\/wp-content\/uploads\/2023\/02\/WhatsApp-Image-2023-02-08-at-16.54.24-473x340.jpeg\" width=\"412\" height=\"296\" \/>Dans la trag\u00e9die au milieu des gravats et du gel, la douleur rapproche le c\u0153ur des hommes qui unissent leurs forces et se battent, raconte Umberta Fabris, qui a appris d&rsquo;Iskenderun l&rsquo;effondrement de la basilique de l&rsquo;Annonciation et comment \u00e0 l&rsquo;int\u00e9rieur de l&rsquo;\u00e9v\u00each\u00e9, o\u00f9 les maisons ont \u00e9t\u00e9 d\u00e9clar\u00e9es inhabitables, des catholiques, des orthodoxes et des musulmans se sont retrouv\u00e9s \u00e0 partager ce qu&rsquo;ils ont et \u00e0 offrir un endroit pour passer la nuit.  \u00ab\u00a0Nous sommes frapp\u00e9s par les milliers de jeunes qui se sont entass\u00e9s dans l&rsquo;a\u00e9roport, dit-elle, pr\u00eats \u00e0 partir pour aller aider, la file interminable de personnes \u00e0 la collecte de sang ou les lyc\u00e9ens qui ont retrouss\u00e9 leurs manches dans diverses activit\u00e9s. Nous continuons \u00e0 faire confiance \u00e0 Dieu et \u00e0 sa Sainte Providence et nous portons aussi notre ch\u00e8re Syrie dans nos c\u0153urs.\u00a0\u00bb  Et c&rsquo;est pr\u00e9cis\u00e9ment de Syrie que vient la voix de Bassel, un jeune membre des Focolari :  \u00ab\u00a0Ce sont \u00e9galement des jours d\u00e9vastateurs dans ma ville, Alep. Le 6 f\u00e9vrier, nous nous sommes r\u00e9veill\u00e9s terrifi\u00e9s et avons couru vers les escaliers en ne voyant rien, \u00e0 cause de la coupure de courant. Nous nous sommes arr\u00eat\u00e9s \u00e0 la porte d&rsquo;entr\u00e9e, face \u00e0 une image de l&rsquo;ange gardien. Nous avons pri\u00e9, puis nous avons trouv\u00e9 un t\u00e9l\u00e9phone portable et avons allum\u00e9 une torche. Je n&rsquo;ai pas reconnu la pi\u00e8ce : tout ce qui \u00e9tait sur le sol \u00e9tait cass\u00e9, les murs et les c\u00e9ramiques \u00e9taient fissur\u00e9s, les voisins descendaient en hurlant. Nous n&rsquo;avons pris que ce que nous pouvions transporter dans les poches de nos pyjamas, nous avons enfil\u00e9 nos vestes et nous sommes descendus sous la pluie dans un froid glacial\u00a0\u00bb.  <img decoding=\"async\" class=\"alignleft\" src=\"https:\/\/www.focolare.org\/wp-content\/uploads\/2023\/02\/WhatsApp-Image-2023-02-06-at-09.15.56-255x340.jpeg\" \/>Bassel a pass\u00e9 cette nuit interminable dans la rue \u00e0 regarder l&rsquo;effondrement des \u00e9glises et des mosqu\u00e9es. Le clair de lune montrait la destruction. Alors que les r\u00e9pliques s&rsquo;att\u00e9nuaient, des nouvelles sont arriv\u00e9es d&rsquo;amis rest\u00e9s sous les d\u00e9combres et de b\u00e2timents qui s&rsquo;\u00e9taient enti\u00e8rement effondr\u00e9s. Nous sommes un pays qui n&rsquo;est pas \u00e9quip\u00e9 pour de telles catastrophes, a-t-il poursuivi. Parmi les b\u00e2timents qui se sont effondr\u00e9s figurent \u00e9galement les sept \u00e9tages de l&rsquo;\u00e9v\u00each\u00e9 de l&rsquo;\u00e9glise grecque catholique melkite. Monseigneur Jean-Cl\u00e9ment Jeanbart, archev\u00eaque \u00e9m\u00e9rite d&rsquo;Alep, a \u00e9t\u00e9 sauv\u00e9, tandis que le P\u00e8re Imad, mon ami personnel et notre professeur \u00e0 l&rsquo;\u00e9cole depuis mon enfance, est rest\u00e9 sous les d\u00e9combres\u00a0\u00bb.  Les personnes parlent de leurs maisons qui font partie du pass\u00e9, tandis que le froid rend tout plus difficile. Le Croissant-Rouge et la Croix-Rouge ont proc\u00e9d\u00e9 \u00e0 un recensement des personnes pr\u00e9sentes. \u00ab\u00a0Moi\u00a0\u00bb, dit Bassel, \u00ab\u00a0j&rsquo;ai particip\u00e9 avec les volontaires et les jeunes scouts \u00e0 la pr\u00e9paration et \u00e0 la distribution de nourriture et de couvertures pour les enfants et les jeunes, mais je n&rsquo;ai pas pu m&rsquo;endormir \u00e0 cause des sc\u00e8nes fortes que j&rsquo;avais vues\u00a0\u00bb.  Alors que les r\u00e9pliques sismiques continuent \u00e0 provoquer l&rsquo;effondrement des b\u00e2timents, Bassel r\u00e9fl\u00e9chit : \u00ab\u00a0Lorsque nous entendons les nouvelles, que nous voyons les grands pays envoyer des sp\u00e9cialistes, des \u00e9quipes d&rsquo;aide et de secours dans les pays touch\u00e9s, nous ressentons de la douleur en voyant qu&rsquo;ils ne peuvent rien envoyer en Syrie \u00e0 cause de l&#8217;embargo, comme si nous n&rsquo;\u00e9tions pas des humains. Maintenant nous sommes de retour \u00e0 la maison, o\u00f9 l&rsquo;internet est meilleur, et nous attendons la prochaine secousse. Priez pour nous afin que nous restions en vie, priez pour ceux qui sont morts, priez pour les disparus\u00a0\u00bb. <\/p>\n<p style=\"text-align: right;\"><em>Anna Lisa Innocenti et Maria Grazia Berretta<\/em><\/p>\n<p> <a href=\"https:\/\/www.focolare.org\/2023\/02\/07\/emergenza-terremoto-in-turchia-e-siria\/\"><strong>Pour l\u2019aide et les dons, cliquez ici<\/strong><\/a><\/p>\n","protected":false},"excerpt":{"rendered":"<p>Le 6 f\u00e9vrier 2023, de puissants tremblements de terre ont frapp\u00e9 le sud et le centre de la Turquie et la Syrie. Une catastrophe qui a provoqu\u00e9 la destruction de villes enti\u00e8res, la mort de milliers de personnes et de nombreux disparus. Voici quelques t\u00e9moignages de ceux qui se trouvent dans ces territoires.<\/p>\n","protected":false},"author":34,"featured_media":0,"comment_status":"open","ping_status":"open","sticky":false,"template":"","format":"standard","meta":{"give_campaign_id":0,"_seopress_robots_primary_cat":"","_seopress_titles_title":"","_seopress_titles_desc":"","_seopress_robots_index":"","_et_pb_use_builder":"","_et_pb_old_content":"","_et_gb_content_width":"","footnotes":""},"categories":[47],"tags":[],"class_list":["post-315406","post","type-post","status-publish","format-standard","hentry","category-non-classifiee"],"_links":{"self":[{"href":"https:\/\/www.focolare.org\/fr\/wp-json\/wp\/v2\/posts\/315406","targetHints":{"allow":["GET"]}}],"collection":[{"href":"https:\/\/www.focolare.org\/fr\/wp-json\/wp\/v2\/posts"}],"about":[{"href":"https:\/\/www.focolare.org\/fr\/wp-json\/wp\/v2\/types\/post"}],"author":[{"embeddable":true,"href":"https:\/\/www.focolare.org\/fr\/wp-json\/wp\/v2\/users\/34"}],"replies":[{"embeddable":true,"href":"https:\/\/www.focolare.org\/fr\/wp-json\/wp\/v2\/comments?post=315406"}],"version-history":[{"count":0,"href":"https:\/\/www.focolare.org\/fr\/wp-json\/wp\/v2\/posts\/315406\/revisions"}],"wp:attachment":[{"href":"https:\/\/www.focolare.org\/fr\/wp-json\/wp\/v2\/media?parent=315406"}],"wp:term":[{"taxonomy":"category","embeddable":true,"href":"https:\/\/www.focolare.org\/fr\/wp-json\/wp\/v2\/categories?post=315406"},{"taxonomy":"post_tag","embeddable":true,"href":"https:\/\/www.focolare.org\/fr\/wp-json\/wp\/v2\/tags?post=315406"}],"curies":[{"name":"wp","href":"https:\/\/api.w.org\/{rel}","templated":true}]}}