{"id":315428,"date":"2023-03-04T03:15:56","date_gmt":"2023-03-04T02:15:56","guid":{"rendered":"https:\/\/www.focolare.org\/assemblee-continentale-asiatique-une-eglise-a-lecoute-et-qui-discerne\/"},"modified":"2024-05-15T21:03:54","modified_gmt":"2024-05-15T19:03:54","slug":"assemblee-continentale-asiatique-une-eglise-a-lecoute-et-qui-discerne","status":"publish","type":"post","link":"https:\/\/www.focolare.org\/fr\/assemblee-continentale-asiatique-une-eglise-a-lecoute-et-qui-discerne\/","title":{"rendered":"Assembl\u00e9e continentale asiatique : une \u00c9glise \u00e0 l\u2019\u00e9coute et qui discerne"},"content":{"rendered":"<p><em>L&rsquo;Assembl\u00e9e continentale asiatique pour le Synode, qui a d\u00e9fini la pr\u00e9cieuse contribution du continent le plus grand et le plus peupl\u00e9 du monde, s&rsquo;est r\u00e9cemment achev\u00e9e \u00e0 Bangkok, en Tha\u00eflande.\u00a0 Nous avons interview\u00e9 Vanessa Siu-Wai Cheng, une focolarine chinoise pr\u00e9sente \u00e0 l&rsquo;\u00e9v\u00e9nement.<\/em>  <em>\u00ab\u00a0Baan Phu Waan est le site du grand centre de formation pastorale de l&rsquo;archidioc\u00e8se de Bangkok (Tha\u00eflande). Un endroit magnifique. Nous \u00e9tions environ 80 pr\u00e9sents \u00e0 l&rsquo;Assembl\u00e9e continentale asiatique du Synode qui s&rsquo;est tenue du 24 au 26 f\u00e9vrier 2023.\u00a0\u00bb<\/em>  <img alt=\"\" alt=\"\" loading=\"lazy\" decoding=\"async\" class=\"alignright wp-image-254363\" src=\"https:\/\/www.focolare.org\/wp-content\/uploads\/2023\/03\/WhatsApp-Image-2023-03-02-at-02.22.12-453x340.jpeg\" alt=\"\" width=\"348\" height=\"261\" \/>Vanessa Siu-Wai Cheng, focolarine de Hong Kong, nous pr\u00e9sente cette nouvelle phase continentale du chemin synodal qui concerne l&rsquo;Asie, un chemin qui, comme l&rsquo;a d\u00e9fini l&rsquo;archev\u00eaque m\u00e9tropolitain de Tokyo (Japon) Tarcisius Isao Kikuchi dans son hom\u00e9lie d&rsquo;ouverture <em>: \u00ab\u00a0Il ne s&rsquo;agit pas d&rsquo;un \u00e9v\u00e9nement passager \u00e0 c\u00e9l\u00e9brer, mais d&rsquo;un changement d&rsquo;attitude de tout le peuple de Dieu pour faire de la synodalit\u00e9 la nature fondatrice de l&rsquo;\u00c9glise.\u00a0\u00bb<\/em>  <strong><em>Combien de participants y avait-il ? <\/em><\/strong>  Dix-sept conf\u00e9rences \u00e9piscopales et deux synodes d&rsquo;\u00c9glises de rite oriental repr\u00e9sentant les 29 pays de la <strong><em>FABC<\/em><\/strong> <em>(F\u00e9d\u00e9ration des Conf\u00e9rences <\/em><em>\u00c9<\/em><em>piscopales d&rsquo;Asie)<\/em> ont envoy\u00e9 leurs repr\u00e9sentants \u00e0 cet \u00e9v\u00e9nement, qui vise \u00e0 donner aux \u00c9glises asiatiques l&rsquo;occasion de discuter du chemin menant au synode\u00a0 par le pape Fran\u00e7ois. Nous avons pu partager nos exp\u00e9riences en nous concentrant sur divers th\u00e8mes et questions qui agitent le continent. Nous avons parl\u00e9 de la synodalit\u00e9, de la prise de d\u00e9cision, des vocations sacerdotales, du r\u00f4le des jeunes, de la pauvret\u00e9, des conflits religieux et du cl\u00e9ricalisme, avec l&rsquo;espoir de pouvoir avancer ensemble sur un v\u00e9ritable chemin de croissance communautaire. Pour notre plus grande joie, une partie de la d\u00e9l\u00e9gation du secr\u00e9tariat du Synode, de la commission et de la <em>task force<\/em> \u00e9tait \u00e9galement pr\u00e9sente. Un t\u00e9moignage de la disponibilit\u00e9 de l&rsquo;\u00c9glise universelle qui marche au rythme du processus synodal.  <strong><em><img alt=\"\" alt=\"\" loading=\"lazy\" decoding=\"async\" class=\"alignright wp-image-254366\" src=\"https:\/\/www.focolare.org\/wp-content\/uploads\/2023\/03\/KPT07092-510x340.jpg\" alt=\"\" width=\"347\" height=\"231\" \/>Quelle a \u00e9t\u00e9 la m\u00e9thode de travail ? <\/em><\/strong>  Ce furent trois jours intenses de communion et de travail en groupes. La m\u00e9thodologie est toujours celle de la Conversation Spirituelle. Les diff\u00e9rentes interventions ont \u00e9t\u00e9 tr\u00e8s importantes et stimulantes. Tout d&rsquo;abord, le Card. Mario Grech, secr\u00e9taire g\u00e9n\u00e9ral du Synode des \u00e9v\u00eaques, nous a transmis les salutations chaleureuses du Pape et nous a assur\u00e9s que nous n&rsquo;\u00e9tions pas oubli\u00e9s. Il a soulign\u00e9 qu&rsquo;une \u00c9glise synodale est une \u00c9glise qui \u00e9coute et qui discerne. Le succ\u00e8s du processus synodal d\u00e9pend de la participation du peuple de Dieu et des pasteurs. Nous devons \u00eatre tr\u00e8s attentifs aux voix, surtout celles qui agitent l&rsquo;\u00c9glise.  <strong><em>Qu&rsquo;est-ce qui vous a particuli\u00e8rement frapp\u00e9 ?<\/em><\/strong>  Une impression tr\u00e8s forte a \u00e9t\u00e9, d\u00e8s le premier jour, de voir qu&rsquo;\u00e0 chaque table o\u00f9 un groupe travaillait, il y avait une chaise vide, repr\u00e9sentant ceux qui ne peuvent pas donner leur voix et qui ne veulent pas la donner. Au centre de la table, une bougie entour\u00e9e d&rsquo;une couronne de fleurs \u00e9tait allum\u00e9e en d\u00e9but de journ\u00e9e, symbolisant la lumi\u00e8re de l&rsquo;Esprit Saint, n\u00e9cessaire au discernement. Nous avons fait l&rsquo;exp\u00e9rience de la conversion en \u00e9coutant l&rsquo;autre en faisant tous ensemble le vide en nous : cardinaux, \u00e9v\u00eaques, pr\u00eatres, religieux et la\u00efcs. Ce fut un temps pour pouvoir aller en profondeur, sortir de nos particularit\u00e9s pour pouvoir arriver, avec une ample vision , au niveau continental. C&rsquo;est l\u00e0 qu&rsquo;a eu lieu la transformation du \u00ab\u00a0je\u00a0\u00bb en \u00ab\u00a0nous\u00a0\u00bb. De plus, il faut dire que l&rsquo;Asie abrite de nombreuses religions <img alt=\"\" alt=\"\" loading=\"lazy\" decoding=\"async\" class=\"alignright wp-image-254364\" src=\"https:\/\/www.focolare.org\/wp-content\/uploads\/2023\/03\/WhatsApp-Image-2023-03-02-at-02.22.55-756x340.jpeg\" alt=\"\" width=\"349\" height=\"157\" \/>et m\u00eame les plus anciennes, donc une des caract\u00e9ristiques des Asiatiques c\u2019est la spiritualit\u00e9 et la pri\u00e8re. Le programme a \u00e9t\u00e9 introduit par 10 minutes de silence pendant la discussion d&rsquo;un sujet et une demi-heure de pri\u00e8re dans la chapelle entre deux sessions de discernement. Ces moments de silence et de pri\u00e8re ont vraiment aid\u00e9 tous les participants \u00e0 \u00eatre avec Dieu et en Dieu pour entendre sa voix, tant individuellement que collectivement.  <strong><em>Quel a \u00e9t\u00e9, selon vous, le plus grand d\u00e9fi ? <\/em><\/strong>  Ce fut merveilleux d&rsquo;\u00eatre ensemble en tant qu&rsquo;\u00c9glise continentale et de contempler la complexit\u00e9 et la vari\u00e9t\u00e9 des caract\u00e9ristiques et des d\u00e9fis sp\u00e9cifiques et communs. Le premier jour, il semblait un peu ambitieux de penser qu&rsquo;en trois jours nous arriverions \u00e0 un projet qui serait utilis\u00e9 pour la formulation de <em>l&rsquo;instrumentum laboris<\/em> pour le Synode avec des priorit\u00e9s sp\u00e9cifiques au continent asiatique, mais on pouvait sentir l&rsquo;Esprit souffler fort. Gr\u00e2ce au travail d&rsquo;une \u00e9quipe de r\u00e9daction qui a pr\u00e9par\u00e9 pour nous le \u00ab\u00a0une \u00e9bauche de projet\u00a0\u00bb, qui nous a \u00e9vit\u00e9 de lire tous les rapports depuis le d\u00e9but, nous avons pu travailler calmement et avec un texte bien ordonn\u00e9. La derni\u00e8re version du document est l&rsquo;expression d&rsquo;un seul ch\u0153ur o\u00f9 de nombreuses voix se font l&rsquo;\u00e9cho des r\u00eaves, des espoirs, des aspirations et des souffrances du continent asiatique. <\/p>\n<p style=\"text-align: right;\">\u00a0\u00a0\u00a0\u00a0\u00a0\u00a0\u00a0\u00a0\u00a0\u00a0\u00a0\u00a0\u00a0\u00a0\u00a0\u00a0\u00a0\u00a0\u00a0\u00a0\u00a0\u00a0\u00a0\u00a0\u00a0\u00a0\u00a0\u00a0\u00a0\u00a0\u00a0\u00a0\u00a0\u00a0\u00a0\u00a0 \u00a0\u00a0\u00a0\u00a0\u00a0\u00a0\u00a0\u00a0\u00a0\u00a0\u00a0\u00a0\u00a0\u00a0\u00a0\u00a0\u00a0\u00a0\u00a0\u00a0\u00a0\u00a0\u00a0\u00a0\u00a0\u00a0\u00a0Propos recueillis par <em>Maria Grazia Berretta Foto: \u00a9 Synodbangkok2023 <\/em><\/p>\n","protected":false},"excerpt":{"rendered":"<p>L&rsquo;Assembl\u00e9e continentale asiatique pour le Synode, qui a d\u00e9fini la pr\u00e9cieuse contribution du continent le plus grand et le plus peupl\u00e9 du monde, s&rsquo;est r\u00e9cemment achev\u00e9e \u00e0 Bangkok, en Tha\u00eflande.\u00a0 Nous avons interview\u00e9 Vanessa Siu-Wai Cheng, une focolarine chinoise pr\u00e9sente \u00e0 l&rsquo;\u00e9v\u00e9nement.<\/p>\n","protected":false},"author":34,"featured_media":0,"comment_status":"open","ping_status":"open","sticky":false,"template":"","format":"standard","meta":{"give_campaign_id":0,"_seopress_robots_primary_cat":"","_seopress_titles_title":"","_seopress_titles_desc":"","_seopress_robots_index":"","_et_pb_use_builder":"","_et_pb_old_content":"","_et_gb_content_width":"","footnotes":""},"categories":[47],"tags":[],"class_list":["post-315428","post","type-post","status-publish","format-standard","hentry","category-non-classifiee"],"_links":{"self":[{"href":"https:\/\/www.focolare.org\/fr\/wp-json\/wp\/v2\/posts\/315428","targetHints":{"allow":["GET"]}}],"collection":[{"href":"https:\/\/www.focolare.org\/fr\/wp-json\/wp\/v2\/posts"}],"about":[{"href":"https:\/\/www.focolare.org\/fr\/wp-json\/wp\/v2\/types\/post"}],"author":[{"embeddable":true,"href":"https:\/\/www.focolare.org\/fr\/wp-json\/wp\/v2\/users\/34"}],"replies":[{"embeddable":true,"href":"https:\/\/www.focolare.org\/fr\/wp-json\/wp\/v2\/comments?post=315428"}],"version-history":[{"count":0,"href":"https:\/\/www.focolare.org\/fr\/wp-json\/wp\/v2\/posts\/315428\/revisions"}],"wp:attachment":[{"href":"https:\/\/www.focolare.org\/fr\/wp-json\/wp\/v2\/media?parent=315428"}],"wp:term":[{"taxonomy":"category","embeddable":true,"href":"https:\/\/www.focolare.org\/fr\/wp-json\/wp\/v2\/categories?post=315428"},{"taxonomy":"post_tag","embeddable":true,"href":"https:\/\/www.focolare.org\/fr\/wp-json\/wp\/v2\/tags?post=315428"}],"curies":[{"name":"wp","href":"https:\/\/api.w.org\/{rel}","templated":true}]}}