{"id":315460,"date":"2023-04-17T01:00:12","date_gmt":"2023-04-16T23:00:12","guid":{"rendered":"https:\/\/www.focolare.org\/dialop-dialogue-entre-des-chretiens-et-la-gauche-europeenne-a-la-recherche-dun-veritable-changement\/"},"modified":"2024-05-15T21:03:58","modified_gmt":"2024-05-15T19:03:58","slug":"dialop-dialogue-entre-des-chretiens-et-la-gauche-europeenne-a-la-recherche-dun-veritable-changement","status":"publish","type":"post","link":"https:\/\/www.focolare.org\/fr\/dialop-dialogue-entre-des-chretiens-et-la-gauche-europeenne-a-la-recherche-dun-veritable-changement\/","title":{"rendered":"DIALOP : Dialogue entre des chr\u00e9tiens et la gauche europ\u00e9enne \u00e0 la recherche d&rsquo;un v\u00e9ritable changement"},"content":{"rendered":"<p><em>Depuis pr\u00e8s de dix ans, un projet de dialogue entre socialistes\/marxistes et chr\u00e9tiens europ\u00e9ens a vu le jour sous le nom de DIALOP. Nous avons rencontr\u00e9 certains des protagonistes de ce dialogue il y a quelques jours, lors d&rsquo;une visite au Centre international des Focolari \u00e0 Rocca di Papa (Italie).<\/em>  \u00ab\u00a0Je pense qu&rsquo;avec l&rsquo;\u00e9lection du Pape Fran\u00e7ois, la situation a compl\u00e8tement chang\u00e9, de mani\u00e8re substantielle. Non seulement pour l&rsquo;\u00c9glise catholique, mais aussi pour toutes les forces philosophiques et culturelles qui s&rsquo;opposent au n\u00e9olib\u00e9ralisme. Car ce que le Pape enseigne est &#8211; je dirais &#8211; une mani\u00e8re de s&rsquo;unir, qui s&rsquo;oppose au consum\u00e9risme individuel. <img alt=\"\" alt=\"\" loading=\"lazy\" decoding=\"async\" class=\"alignleft wp-image-255461\" src=\"https:\/\/www.focolare.org\/wp-content\/uploads\/2023\/04\/DIALOP-Walter-366x340.png\" alt=\"\" width=\"339\" height=\"315\" \/>Cela place le pape et les milieux de l&rsquo;\u00c9glise qui le suivent dans une position proche de celle de la gauche, qui cherche \u00e0 mettre l&rsquo;accent sur des <em>valeurs collectives communes\u00a0\u00bb.<\/em> C&rsquo;est ce que dit Walter Baier, l&rsquo;un des repr\u00e9sentants de DIALOP, un projet de dialogue entre socialistes\/marxistes et chr\u00e9tiens, impliquant des intellectuels, des universitaires, des politiciens, des activistes et des \u00e9tudiants de diff\u00e9rents pays europ\u00e9ens. \u00ab\u00a0Nous croyons que le dialogue est le meilleur moyen d&rsquo;apporter un r\u00e9el changement et nous travaillons pour transformer le monde en un endroit o\u00f9 il fait bon vivre\u00a0\u00bb, disent-ils.  L&rsquo;exp\u00e9rience de DIALOP a d\u00e9but\u00e9 lors de l&rsquo;audience priv\u00e9e que le Pape Fran\u00e7ois a accord\u00e9e \u00e0 deux hommes politiques de gauche, Alexis Tsipras de Gr\u00e8ce et Walter Baier d&rsquo;Autriche, ainsi qu&rsquo;\u00e0 Franz Kronreif du mouvement des Focolari, le 18 septembre 2014. \u00c0 cette occasion, la conversation a port\u00e9 sur la crise environnementale et la crise sociale mondiale. \u00c0 la fin de l&rsquo;audience, le Pape Fran\u00e7ois les a invit\u00e9s \u00e0 entamer un dialogue transversal, capable d&rsquo;impliquer les couches les plus larges de la soci\u00e9t\u00e9 et en particulier les jeunes.  \u00ab\u00a0Je repr\u00e9sente le Parti de la Gauche europ\u00e9enne depuis trois mois\u00a0\u00bb, a d\u00e9clar\u00e9 M. Baier, \u00ab\u00a0je suis un d\u00e9butant. Le Parti de la gauche europ\u00e9enne regroupe aujourd&rsquo;hui 35 partis issus de 27 pays europ\u00e9ens. Ces pays appartiennent \u00e0 l&rsquo;Union europ\u00e9enne et je dirais que notre compr\u00e9hension de l&rsquo;Europe doit \u00eatre beaucoup plus large que regarder uniquement la partie privil\u00e9gi\u00e9e de l&rsquo;Europe, si nous le voulons. Nous prenons le pan europ\u00e9anisme au s\u00e9rieux, et nous devons comprendre que l&rsquo;Europe n&rsquo;est pas seulement diverse, mais qu&rsquo;elle est aussi d\u00e9chir\u00e9e par de profondes divisions sociales et \u00e9conomiques. L&rsquo;une des exigences fondamentales de la gauche devrait \u00eatre d&rsquo;en prendre conscience. Il s&rsquo;agit d&rsquo;atteindre un niveau de vie d\u00e9cent pour notre famille dans toutes les r\u00e9gions d&rsquo;Europe. Nous avons \u00e9galement appris, en dialoguant avec nos amis chr\u00e9tiens, que le consensus diff\u00e9renci\u00e9 et le d\u00e9saccord nuanc\u00e9 constituent en effet une m\u00e9thode tr\u00e8s, tr\u00e8s utile\u00a0\u00bb.  <img alt=\"\" alt=\"\" loading=\"lazy\" decoding=\"async\" class=\"alignright wp-image-255462\" src=\"https:\/\/www.focolare.org\/wp-content\/uploads\/2023\/04\/DIALOP-Cornelia-347x340.png\" alt=\"\" width=\"326\" height=\"319\" \/>Cornelia Hildebrandt fait partie de <a href=\"https:\/\/www.transform-network.net\/\"><em>Trasform! Europe<\/em><\/a>. Face aux guerres en cours, elle ne doute pas : \u00ab\u00a0La d\u00e9claration du Pape Fran\u00e7ois selon laquelle chaque guerre est un \u00e9chec de la politique est partag\u00e9e par nous, de la Gauche. En ces temps de conflit, nous pensons que le dialogue n&rsquo;est pas seulement une n\u00e9cessit\u00e9 urgente, mais un imp\u00e9ratif cat\u00e9gorique. Il faut toutes nos forces pour imposer une paix durable contre la destruction de l&rsquo;environnement, les conditions de vie des populations contre la \u00ab\u00a0barbarisation\u00a0\u00bb.  Dialoguer, c&rsquo;est accueillir l&rsquo;autre chez soi. C&rsquo;est devenir l&rsquo;invit\u00e9 de son h\u00f4te. Ce n&rsquo;est pas seulement un outil, mais une rencontre constante, un chemin d&rsquo;exp\u00e9riences intellectuelles et spirituelles partag\u00e9es, dans lequel la sp\u00e9cificit\u00e9 des partenaires respectifs ne dispara\u00eet pas, mais se d\u00e9ploie et se d\u00e9veloppe plus clairement. Gr\u00e2ce \u00e0 ces rencontres, les oppos\u00e9s deviennent compl\u00e9mentaires. Et c&rsquo;est Cornelia Hildebrandt elle-m\u00eame qui explique le concept de consensus diff\u00e9renci\u00e9 et de dissidence qualifi\u00e9e : \u00ab\u00a0Nous adoptons et adaptons une m\u00e9thode qui est utilis\u00e9e dans l&rsquo;\u0153cum\u00e9nisme entre les \u00c9glises chr\u00e9tiennes. Les affirmations fondamentales de la soci\u00e9t\u00e9 humaine et du monde, formul\u00e9es de mani\u00e8re incoh\u00e9rente, doivent constituer une base solide. Pour que les partenaires puissent parler et agir ensemble, les d\u00e9clarations de base communes doivent se r\u00e9f\u00e9rer explicitement aux textes originaux afin d&rsquo;\u00eatre compatibles avec les traditions respectives de l&rsquo;\u00c9glise catholique et de la Gauche de <em>Transform ! Europe<\/em> et au-del\u00e0. Il s&rsquo;agit ensuite de formuler les questions avec pr\u00e9cision. Et c&rsquo;est l\u00e0 que peut commencer la recherche de d\u00e9clarations communes claires, refl\u00e9tant leur propre tradition et s&rsquo;enrichissant elles-m\u00eames\u00a0\u00bb.  <img alt=\"\" alt=\"\" loading=\"lazy\" decoding=\"async\" class=\"alignleft wp-image-255463\" src=\"https:\/\/www.focolare.org\/wp-content\/uploads\/2023\/04\/DIALOP-Angelina-330x340.png\" alt=\"\" width=\"290\" height=\"299\" \/>Angelina Giannopoulou, une jeune femme grecque de <em>Transform ! Europe,<\/em> raconte avec passion sa propre exp\u00e9rience de cheminement \u00e0 Dialop et souligne l&rsquo;importance de la pr\u00e9sence des jeunes pour le pr\u00e9sent et l&rsquo;avenir de cette r\u00e9alit\u00e9. Elle mentionne \u00e9galement le <a href=\"https:\/\/www.focolare.org\/fr\/2023\/02\/15\/projet-dialogue-pratiquer-lart-du-dialogueitaliano-progetto-dialogue-praticare-larte-del-dialogo\/\" target=\"_blank\" rel=\"noopener\">\u00ab\u00a0Projet DialogUE\u00a0\u00bb<\/a>, en collaboration avec la Communaut\u00e9 europ\u00e9enne et un consortium de 14 organisations de la soci\u00e9t\u00e9 civile, qui occupera une place importante lors des Journ\u00e9es Mondiales de la Jeunesse \u00e0 Lisbonne (Portugal) avec une journ\u00e9e consacr\u00e9e \u00e0 la communication avec la participation de politiciens, d&rsquo;experts et de jeunes. D&rsquo;autres symposiums sur l&rsquo;\u00e9cologie et les politiques sociales suivront \u00e0 d&rsquo;autres moments.  \u00ab\u00a0Nous ne pouvons pas nous adapter \u00e0 la situation dans laquelle nous nous trouvons aujourd&rsquo;hui en Europe et dans le monde, je pense que c&rsquo;est la vocation la plus forte de Dialop\u00a0\u00bb, conclut Walter Baier. <\/p>\n<p style=\"text-align: right;\"><em>Carlos Mana<\/em><\/p>\n<p> Pour plus d&rsquo;informations et pour acc\u00e9der \u00e0 la \u00ab\u00a0Prise de position de DIALOP\u00a0\u00bb, consulter le site web de Dialop (<a href=\"https:\/\/dialop.eu\/\">https:\/\/dialop.eu\/<\/a>).<\/p>\n","protected":false},"excerpt":{"rendered":"<p>Depuis pr\u00e8s de dix ans, un projet de dialogue entre socialistes\/marxistes et chr\u00e9tiens europ\u00e9ens a vu le jour sous le nom de DIALOP. Nous avons rencontr\u00e9 certains des protagonistes de ce dialogue il y a quelques jours, lors d&rsquo;une visite au Centre international des Focolari \u00e0 Rocca di Papa (Italie).<\/p>\n","protected":false},"author":34,"featured_media":0,"comment_status":"open","ping_status":"open","sticky":false,"template":"","format":"standard","meta":{"give_campaign_id":0,"_seopress_robots_primary_cat":"","_seopress_titles_title":"","_seopress_titles_desc":"","_seopress_robots_index":"","_et_pb_use_builder":"","_et_pb_old_content":"","_et_gb_content_width":"","footnotes":""},"categories":[47],"tags":[],"class_list":["post-315460","post","type-post","status-publish","format-standard","hentry","category-non-classifiee"],"_links":{"self":[{"href":"https:\/\/www.focolare.org\/fr\/wp-json\/wp\/v2\/posts\/315460","targetHints":{"allow":["GET"]}}],"collection":[{"href":"https:\/\/www.focolare.org\/fr\/wp-json\/wp\/v2\/posts"}],"about":[{"href":"https:\/\/www.focolare.org\/fr\/wp-json\/wp\/v2\/types\/post"}],"author":[{"embeddable":true,"href":"https:\/\/www.focolare.org\/fr\/wp-json\/wp\/v2\/users\/34"}],"replies":[{"embeddable":true,"href":"https:\/\/www.focolare.org\/fr\/wp-json\/wp\/v2\/comments?post=315460"}],"version-history":[{"count":0,"href":"https:\/\/www.focolare.org\/fr\/wp-json\/wp\/v2\/posts\/315460\/revisions"}],"wp:attachment":[{"href":"https:\/\/www.focolare.org\/fr\/wp-json\/wp\/v2\/media?parent=315460"}],"wp:term":[{"taxonomy":"category","embeddable":true,"href":"https:\/\/www.focolare.org\/fr\/wp-json\/wp\/v2\/categories?post=315460"},{"taxonomy":"post_tag","embeddable":true,"href":"https:\/\/www.focolare.org\/fr\/wp-json\/wp\/v2\/tags?post=315460"}],"curies":[{"name":"wp","href":"https:\/\/api.w.org\/{rel}","templated":true}]}}