{"id":315468,"date":"2023-04-30T01:00:33","date_gmt":"2023-04-29T23:00:33","guid":{"rendered":"https:\/\/www.focolare.org\/semaine-monde-uni-2023-daretocare-osez-prendre-soin-des-personnes-et-de-la-planete\/"},"modified":"2024-05-15T21:04:00","modified_gmt":"2024-05-15T19:04:00","slug":"semaine-monde-uni-2023-daretocare-osez-prendre-soin-des-personnes-et-de-la-planete","status":"publish","type":"post","link":"https:\/\/www.focolare.org\/fr\/semaine-monde-uni-2023-daretocare-osez-prendre-soin-des-personnes-et-de-la-planete\/","title":{"rendered":"Semaine Monde Uni 2023: #DARETOCARE &#8211; Osez prendre soin des personnes et de la plan\u00e8te"},"content":{"rendered":"<p><em>La \u00ab\u00a0Semaine Monde Uni\u00a0\u00bb revient dans sa 28e \u00e9dition, du 1er au 7 mai 2023. Elle est le laboratoire et l&rsquo;expo mondiale d&rsquo;actions et d&rsquo;initiatives pour la fraternit\u00e9, l&rsquo;unit\u00e9 et la paix entre les personnes et les peuples\u00a0; elle est promue par les communaut\u00e9s du mouvement des Focolari dans le monde entier. Le 1er mai, l&rsquo;inauguration aura lieu \u00e0 la Mariapolis internationale des Focolari \u00e0 Loppiano (Italie), en direct sur Youtube, Le 7 mai, la conclusion se fera par la course relais mondiale <\/em>\u00ab\u00a0Run4Unity\u00a0\u00bb<em>, soutenue et promue par la <a href=\"https:\/\/plate-formedactionlaudatosi.org\/\" target=\"_blank\" rel=\"noopener\">Plate-forme \u00ab\u00a0Laudato Si\u00a0\u00bb<\/a> du <\/em><a href=\"https:\/\/www.humandevelopment.va\/fr.html\" target=\"_blank\" rel=\"noopener\">Dicast\u00e8re pour le Service du D\u00e9veloppement Humain Int\u00e9gral<\/a> <em>du Saint-Si\u00e8ge<\/em>.  &nbsp;  Une communaut\u00e9 de Pont-\u00e0-Mousson, en<strong> France<\/strong>, convertira le sport et les kilom\u00e8tres parcourus en arbres qui seront plant\u00e9s dans sa paroisse jumel\u00e9e au <strong>Burkina-Faso.<\/strong> C&rsquo;est l\u00e0, \u00e0 Bobo Dioulasso, que les <em>Jeunes pour un monde uni<\/em> du Sahel marcheront dans les rues de la ville en les d\u00e9barrassant des d\u00e9chets en plastique avec lesquel ils construiront une \u00ab\u00a0montagne de la paix\u00a0\u00bb symbolique. A S. Mauro Pascoli, en<strong> Italie,<\/strong> des jeunes et des adultes promeuvent ensemble des sports \u00e9cologiques afin de sensibiliser \u00e0 la protection de l&rsquo;environnement et collecteront des fonds pour offrir des activit\u00e9s sportives \u00e0 de jeunes cyclistes en <strong>Ukraine.<\/strong> \u00c0 Palawan, aux <strong>Philippines,<\/strong> des centaines de personnes nettoieront les plages publiques afin de prot\u00e9ger la nature et la sant\u00e9 des habitants.  Ils expliquent : \u00ab\u00a0Nous pensons qu&rsquo;aujourd&rsquo;hui plus que jamais l&rsquo;unit\u00e9 et la fraternit\u00e9 ne peuvent \u00eatre r\u00e9alis\u00e9es que si nous prenons soin, que si nous prenons la responsabilit\u00e9 de prendre soin de la plan\u00e8te ensemble, par des actions concr\u00e8tes, en commen\u00e7ant l\u00e0 o\u00f9 nous sommes\u00a0\u00bb.  Du <strong>Paraguay <\/strong>\u00e0 l&rsquo;<strong>Inde<\/strong>, en passant par le <strong>Togo<\/strong>, le <strong>B\u00e9nin<\/strong>, le <strong>Liban<\/strong> et l&rsquo;<strong>Australie<\/strong>, il existe des centaines d&rsquo;initiatives comme celles-ci, petites et grandes, qui ont \u00e9t\u00e9 mises en place avec les m\u00eames motivations id\u00e9ales. C&rsquo;est ce qui se passe chaque ann\u00e9e, partout dans le monde, pour c\u00e9l\u00e9brer la <strong>Semaine Monde Uni<\/strong>. <strong>Sept jours d&rsquo;ateliers et d&rsquo;expositions, promus par les communaut\u00e9s du mouvement des Focolari dans le monde entier, en synergie avec d&rsquo;autres mouvements, associations, institutions locales qui partagent leurs valeurs, afin de sensibiliser l&rsquo;opinion publique \u00e0 la paix, \u00e0 la protection de l&rsquo;environnement, \u00e0 la conversion \u00e9cologique, \u00e0 la prise en charge int\u00e9grale de la personne qui part d&rsquo;une fraternit\u00e9 concr\u00e8te<\/strong>. Le th\u00e8me principal de la 28e \u00e9dition est le soin de l&rsquo;humanit\u00e9 et de la plan\u00e8te. Elle s&rsquo;intitule en effet <em>: \u00ab\u00a0Dare to Care : les personnes, la Plan\u00e8te et notre conversion \u00e9cologique\u00a0\u00bb. <\/em>  Des th\u00e8mes rendus d&rsquo;autant plus urgents par le pr\u00e9sent que nous vivons, avec les effets catastrophiques de la crise climatique et la prolif\u00e9ration de foyers de guerre et de conflits inhumains un peu partout sur la plan\u00e8te.  Les initiatives qui sont activ\u00e9es tout au long de l&rsquo;ann\u00e9e dans le monde sur ces th\u00e8mes, trouvent une vitrine dans cette semaine dans de nombreux rendez-vous, virtuels et en pr\u00e9sence, diff\u00e9rents selon les lieux et les communaut\u00e9s qui les promeuvent : expo, revue d&rsquo;\u00e9v\u00e9nements culturels, ateliers de dialogue et d&rsquo;id\u00e9es, actions solidaires ou \u00e9cologiques, \u00e9v\u00e9nements sportifs. Si localement l&rsquo;objectif est d&rsquo;influencer l&rsquo;opinion publique dans les pays respectifs, l&rsquo;objectif international est d&rsquo;illuminer d&rsquo;esp\u00e9rance la Maison Commune \u00e0 partir de l&rsquo;action pers\u00e9v\u00e9rante et infatigable des personnes qui s&rsquo;engagent \u00e0 construire la fraternit\u00e9.  Le principal partenaire de la Semaine du Monde Uni 2023 est le Mouvement <a href=\"https:\/\/laudatosimovement.org\/fr\/\" target=\"_blank\" rel=\"noopener\">Laudato s\u00ec<\/a>. La\u00a0Semaine Mondiale Uni est cofinanc\u00e9e par l&rsquo;Union europ\u00e9enne par le <a href=\"https:\/\/www.new-humanity.org\/fr\/project\/afr-e-s-h\/\" target=\"_blank\" rel=\"noopener\">projet AFR.E.SH<\/a>\u201d. <\/p>\n<h3><span style=\"color: #800000;\"><strong>Les \u00e9v\u00e9nements internationaux de la Semaine Monde Uni<\/strong><\/span><\/h3>\n<p> Le soir du 30 avril, \u00e0 21 heures (heure italienne), la Semaine du Monde Uni d\u00e9butera par le concert \u00ab\u00a0<strong><em>The reason we care<\/em>\u00a0\u00bb<\/strong> (la raison pour laquelle nous prenons soin) du groupe international Gen Rosso, qui sera diffus\u00e9 sur leur cha\u00eene YouTube (<a href=\"https:\/\/youtube.com\/@GenRossoOfficial\">https:\/\/youtube.com\/@GenRossoOfficial<\/a>). Le concert est le r\u00e9sultat des derni\u00e8res ann\u00e9es de travail du groupe, qui, par le biais de la musique, a r\u00e9alis\u00e9 des activit\u00e9s d&rsquo;accueil et de formation avec des jeunes r\u00e9fugi\u00e9s et des migrants en Bosnie-Herz\u00e9govine et au Liban.  <img alt=\"\" alt=\"\" loading=\"lazy\" decoding=\"async\" class=\"alignright wp-image-255838\" src=\"https:\/\/www.focolare.org\/wp-content\/uploads\/2023\/04\/40c59df1-afda-49eb-b25b-ff41d5d08548-481x340.jpg\" alt=\"\" width=\"300\" height=\"212\" \/>Le <strong>1er mai \u00e0 midi<\/strong>, un grand spectacle, intitul\u00e9 \u00ab\u00a0<strong><em>Common Ground, me you and us\u00a0\u00bb<\/em> <\/strong>retransmis en direct dans le monde entier depuis la sc\u00e8ne de l&rsquo;auditorium de Loppiano (Italie), <strong>inaugurera la 28e \u00e9dition de la Semaine Monde Uni.<\/strong> La proposition ? Red\u00e9couvrir la valeur de l&rsquo;attention, de l&rsquo;attention \u00e0 soi et \u00e0 l&rsquo;autre, des relations qui nous lient et de la relation avec la Terre M\u00e8re. Dans le programme, les t\u00e9moignages de jeunes <em>changemakers<\/em>, italiens et originaires de diff\u00e9rents pays du monde engag\u00e9s en r\u00e9seau et, souvent, courageusement, \u00e0 contre-courant, dans l&rsquo;attention aux personnes et \u00e0 l&rsquo;environnement pour le bien commun de leurs peuples. Comme Mimmy du Burundi qui, dans le cadre de la lutte contre la pollution plastique, a \u00e9t\u00e9 \u00e9lue ambassadrice \u00ab\u00a0z\u00e9ro plastique\u00a0\u00bb car, avec son association, elle transforme le plastique en feuilles \u00e9cologiques et plante des arbres dans le parc national de Rusizi. Ou encore Ivan, qui \u00e0 Damaguete aux Philippines, avec sa communaut\u00e9, prend soin de son peuple en s&rsquo;engageant en faveur de l&rsquo;environnement marin et en plantant des mangroves, car dit-il\u00a0: \u00ab\u00a0Etant un des pays les plus pauvres d\u2019Asie, la p\u00eache est un moyen de subsistance pour beaucoup. Notre peuple a besoin de la mer pour survivre, pour la vie quotidienne. La retransmission en direct sera visible sur <a href=\"http:\/\/www.unitedworldproject.org\">www.unitedworldproject.org<\/a>.  <strong><img alt=\"\" alt=\"\" loading=\"lazy\" decoding=\"async\" class=\"wp-image-255835 alignleft\" src=\"https:\/\/www.focolare.org\/wp-content\/uploads\/2023\/04\/4d21910c-305c-4102-8219-9c08884c6f9b-347x340.jpg\" alt=\"\" width=\"300\" height=\"294\" \/>Le samedi 6 mai <\/strong>aura lieu<strong> Peace Got Talent, <\/strong>un \u00e9v\u00e9nement artistique promu par le r\u00e9seau \u00ab\u00a0<a href=\"http:\/\/livingpeaceinternational.org\/it\/\">Living Peace International<\/a>\u00a0\u00bb qui, s&rsquo;inspirant du c\u00e9l\u00e8bre format t\u00e9l\u00e9vis\u00e9, donnera la parole \u00e0 de jeunes talents engag\u00e9s dans la promotion de la paix \u00e0 travers la musique, le chant et la danse. Chaque morceau en comp\u00e9tition est le fruit et l&rsquo;expression de projets informels d&rsquo;\u00e9ducation \u00e0 la paix. Parmi les \u00e9coles et les groupes participants figurent \u00e9galement ceux d&rsquo;Ukraine, de Syrie, de Russie, du Myanmar, du Congo : des pays touch\u00e9s par la guerre et les conflits arm\u00e9s, qui n&rsquo;ont pas voulu renoncer \u00e0 apporter leurs chants et leurs voix porteuses d&rsquo;espoir. L&rsquo;\u00e9v\u00e9nement sera retransmis en direct sur <a href=\"http:\/\/www.unitedworldproject.org\">www.unitedworldproject.org<\/a>.  <strong><img alt=\"\" alt=\"\" loading=\"lazy\" decoding=\"async\" class=\"alignright wp-image-255843\" src=\"https:\/\/www.focolare.org\/wp-content\/uploads\/2023\/04\/Flyer_7_MAI-FR-272x340.jpg\" alt=\"\" width=\"300\" height=\"375\" \/>Le dimanche 7 mai,<\/strong> plus de 200 000 adolescents, jeunes et familles dans de nombreux pays et dans centaines de villes participeront \u00e0 \u00ab\u00a0<strong>Run4Unity\u00a0\u00bb, une course de relais mondiale qui unira de fa\u00e7on transversale les ethnies, les cultures et les religions pour construire la paix et pour planter des arbres. Soutenue et promue par la Plateforme d\u2019Initiatives Laudato Si\u2019 du Dicast\u00e8re pour le Service du D\u00e9veloppement Humain Int\u00e9gral du Saint-Si\u00e8ge, Run4Unity 2023 est dirig\u00e9e par des jeunes du mouvement des Focolari. <\/strong>  Les participants de tous \u00e2ges prendront soin de leur corps en faisant de l&rsquo;exercice physique et prendront soin de la Terre en \u00e9changeant les kilom\u00e8tres qu&rsquo;ils auront courus ou les minutes qu&rsquo;ils auront pass\u00e9es \u00e0 faire de l&rsquo;exercice contre des arbres qui seront plant\u00e9s dans le monde entier. <a href=\"https:\/\/www.teens4unity.org\/fr\/run4unity\/\">Run4Unity<\/a> partira des \u00eeles Fidji, c&rsquo;est-\u00e0-dire du premier fuseau horaire en commen\u00e7ant une nouvelle journ\u00e9e par un pays \u00e9cologiquement symbolique car d\u00e9j\u00e0 fortement touch\u00e9 par le changement climatique. De l\u00e0, les jeunes passeront le \u00ab\u00a0t\u00e9moin\u00a0\u00bb virtuel d&rsquo;un fuseau horaire \u00e0 l&rsquo;autre par le biais d&rsquo;une s\u00e9rie de vid\u00e9oconf\u00e9rences au cours des 24 heures suivantes pour conclure avec les communaut\u00e9s de Californie. Les participants courront, feront du jogging, marcheront ou participeront \u00e0 des \u00e9v\u00e9nements sportifs locaux, dont certains se d\u00e9rouleront dans des lieux symboliques de la paix, aux fronti\u00e8res de pays ou de communaut\u00e9s en conflit ou dans des sites \u00e9cologiques importants, afin de t\u00e9moigner de l&rsquo;unit\u00e9 et de la paix. Parmi les participants se trouveront quelques-unes des 1 000 \u00e9coles Laudato Si&rsquo; dans le monde, engag\u00e9es dans l&rsquo;\u00e9ducation \u00e0 l&rsquo;\u00e9cologie \u00e0 travers la Plate-forme d&rsquo;initiatives de Laudato Si\u2019, ainsi que des groupes et des \u00e9coles qui font partie du Projet Living Peace International.  <strong>Tous les \u00e9v\u00e9nements locaux de la Semaine du monde uni 2023 peuvent \u00eatre consult\u00e9s \u00e0 l&rsquo;adresse suivante : https:\/\/www.unitedworldproject.org\/uww2023\/.<\/strong> <\/p>\n<p style=\"text-align: right;\"><em>Tamara Pastorelli (Foto: Pixabay) <\/em><\/p>\n","protected":false},"excerpt":{"rendered":"<p>Habiendo llegado ya a su 28\u00aa \u00a0edici\u00f3n, del \u00a01 al 7 de mayo de \u00a02023, vuelve la Semana Mundo Unido, el taller y exposici\u00f3n global de acciones e iniciativas en pos de la fraternidad, la unidad y la paz entre las personas y los pueblos, promovida por las comunidades del Movimiento de los Focolares en todo el mundo.<\/p>\n","protected":false},"author":34,"featured_media":0,"comment_status":"open","ping_status":"open","sticky":false,"template":"","format":"standard","meta":{"give_campaign_id":0,"_seopress_robots_primary_cat":"","_seopress_titles_title":"","_seopress_titles_desc":"","_seopress_robots_index":"","_et_pb_use_builder":"","_et_pb_old_content":"","_et_gb_content_width":"","footnotes":""},"categories":[47],"tags":[],"class_list":["post-315468","post","type-post","status-publish","format-standard","hentry","category-non-classifiee"],"_links":{"self":[{"href":"https:\/\/www.focolare.org\/fr\/wp-json\/wp\/v2\/posts\/315468","targetHints":{"allow":["GET"]}}],"collection":[{"href":"https:\/\/www.focolare.org\/fr\/wp-json\/wp\/v2\/posts"}],"about":[{"href":"https:\/\/www.focolare.org\/fr\/wp-json\/wp\/v2\/types\/post"}],"author":[{"embeddable":true,"href":"https:\/\/www.focolare.org\/fr\/wp-json\/wp\/v2\/users\/34"}],"replies":[{"embeddable":true,"href":"https:\/\/www.focolare.org\/fr\/wp-json\/wp\/v2\/comments?post=315468"}],"version-history":[{"count":0,"href":"https:\/\/www.focolare.org\/fr\/wp-json\/wp\/v2\/posts\/315468\/revisions"}],"wp:attachment":[{"href":"https:\/\/www.focolare.org\/fr\/wp-json\/wp\/v2\/media?parent=315468"}],"wp:term":[{"taxonomy":"category","embeddable":true,"href":"https:\/\/www.focolare.org\/fr\/wp-json\/wp\/v2\/categories?post=315468"},{"taxonomy":"post_tag","embeddable":true,"href":"https:\/\/www.focolare.org\/fr\/wp-json\/wp\/v2\/tags?post=315468"}],"curies":[{"name":"wp","href":"https:\/\/api.w.org\/{rel}","templated":true}]}}