{"id":315480,"date":"2023-05-19T01:00:01","date_gmt":"2023-05-18T23:00:01","guid":{"rendered":"https:\/\/www.focolare.org\/evangile-vecu-soyez-unis-les-uns-aux-autres-par-laffection-fraternelle-rivalisez-de-respect-les-uns-pour-les-autres-rm-1210\/"},"modified":"2024-05-15T21:04:02","modified_gmt":"2024-05-15T19:04:02","slug":"evangile-vecu-soyez-unis-les-uns-aux-autres-par-laffection-fraternelle-rivalisez-de-respect-les-uns-pour-les-autres-rm-1210","status":"publish","type":"post","link":"https:\/\/www.focolare.org\/fr\/evangile-vecu-soyez-unis-les-uns-aux-autres-par-laffection-fraternelle-rivalisez-de-respect-les-uns-pour-les-autres-rm-1210\/","title":{"rendered":"\u00c9vangile v\u00e9cu : \u00ab\u00a0Soyez unis les uns aux autres par l\u2019affection fraternelle, rivalisez de respect les uns pour les autres.\u00a0\u00bb (Rm 12,10)"},"content":{"rendered":"<p><em>Dans ces paroles de saint Paul, la fraternit\u00e9 est un appel au bien, \u00e0 vivre la gr\u00e2ce de notre bapt\u00eame, et cet ADN d\u2019amour divin nous permet de regarder l&rsquo;existence de l&rsquo;autre comme un don pr\u00e9cieux pour nous. <\/em>  <strong>La bonne note<\/strong> J&rsquo;\u00e9tais en troisi\u00e8me ann\u00e9e de lyc\u00e9e et une interrogation importante m\u2019attendait en cours de physique. J&rsquo;ai commenc\u00e9 \u00e0 r\u00e9viser avec acharnement, certaine d&rsquo;\u00eatre interrog\u00e9e le lendemain (j&rsquo;\u00e9tais la seule de toute la classe \u00e0 ne pas avoir de note en fin de trimestre). Peu apr\u00e8s, ma petite s\u0153ur est venue me demander de l&rsquo;aide pour ses le\u00e7ons. J&rsquo;ai d&rsquo;abord r\u00e9sist\u00e9, mais peu de temps apr\u00e8s, je me suis souvenue de ce que saint Paul recommande : <em>r\u00e9jouissez-vous avec ceux qui se r\u00e9jouissent, pleurez avec ceux qui pleuren<\/em>t. J&rsquo;ai donc commenc\u00e9 \u00e0 \u00e9tudier avec elle. Il lui a fallu tout l&rsquo;apr\u00e8s-midi pour se sentir pr\u00eate, et j&rsquo;ai \u00e0 peine pu ouvrir mon livre de physique. Le lendemain, je suis all\u00e9e \u00e0 l&rsquo;\u00e9cole avec appr\u00e9hension, mais convaincue que Dieu interviendrait d&rsquo;une mani\u00e8re ou d&rsquo;une autre. Le professeur entre et commence \u00e0 interroger d&rsquo;autres camarades de classe. \u00c0 la fin du cours, je lui demande pourquoi il ne m&rsquo;a pas appel\u00e9e. Il regarde le registre et me dit : <em>\u00ab\u00a0Mais tu as d\u00e9j\u00e0 ta note et c&rsquo;est une bonne note.\u00a0\u00bb<\/em> Je savais tr\u00e8s bien que je n&rsquo;avais jamais \u00e9t\u00e9 interrog\u00e9e, il l&rsquo;avait donc peut-\u00eatre inscrite lors d\u2019une intervention que j&rsquo;avais faite. <em>(S.T. &#8211; Italie)<\/em>  <strong>Comment aborder la journ\u00e9e<\/strong> Un homme en fauteuil roulant mendiait devant les chariots du supermarch\u00e9. En sortant, je me suis approch\u00e9e de lui et, apr\u00e8s avoir \u00e9chang\u00e9 quelques mots avec lui, je l&rsquo;ai invit\u00e9 \u00e0 choisir parmi mes achats ce dont il avait besoin. Heureux, il a pris quelque chose et s&rsquo;est imm\u00e9diatement mis \u00e0 manger. En le saluant, j&rsquo;ai ressenti en moi une joie qui m&rsquo;a aid\u00e9e \u00e0 relever les d\u00e9fis d&rsquo;une journ\u00e9e qui avait p\u00e9niblement commenc\u00e9. \u00c0 partir de ce simple fait, j&rsquo;ai compris que d\u00e9buter la journ\u00e9e par un acte d\u2019amour concret est une bonne chose. Je m\u2019y suis engag\u00e9e en surmontant de nombreuses habitudes et en surprenant non seulement mon mari, mais surtout nos enfants qui ne tiennent pas compte de ce qu&rsquo;ils re\u00e7oivent parce qu&rsquo;ils pensent que tout leur est d\u00fb. Un soir, grand silence dans la famille apr\u00e8s avoir appris qu\u2019un oncle \u00e9tait atteint d\u2019une grave maladie. Notre fils a\u00een\u00e9, qui \u00e9tudie \u00e0 l&rsquo;universit\u00e9, demande ce que nous pourrions faire pour lui. Et notre petite derni\u00e8re de lui r\u00e9pondre : <em>\u00ab\u00a0Il faut faire comme maman qui met de l&rsquo;amour dans tout ce qu&rsquo;elle fait. C&rsquo;est ainsi que nous d\u00e9couvrirons ce dont il a besoin.\u00a0\u00bb<\/em> <em>(L. D. F. &#8211; Hongrie)<\/em>  <strong>Ad\u00e8le<\/strong> Bipolarit\u00e9&#8230; Je n&rsquo;aurais jamais imagin\u00e9 qu&rsquo;Ad\u00e8le, ma ch\u00e8re camarade de classe, \u00e9tait atteinte d&rsquo;une maladie aussi grave. C&rsquo;est sa m\u00e8re qui me l&rsquo;avait expliqu\u00e9. Apr\u00e8s un s\u00e9jour \u00e0 l&rsquo;h\u00f4pital, certains jours o\u00f9 son \u00e9quilibre semblait instable, elle ne comprenait pas elle-m\u00eame ce qui lui arrivait. Les m\u00e9dicaments devaient trouver leur juste dosage et cela prenait du temps. Mais mon affection et mon estime pour elle sont rest\u00e9es les m\u00eames. J&rsquo;ai \u00e9t\u00e9 surprise le jour o\u00f9 elle m&rsquo;a demand\u00e9 de prier le chapelet. Il semblait qu\u2019en priant elle \u00e9tait parfaitement concentr\u00e9e. \u00c0 partir de ce jour, nous avons commenc\u00e9 \u00e0 lire des livres de spiritualit\u00e9 ou des histoires au contenu positif. J&rsquo;avais l&rsquo;impression que mon amie comprenait tout plus profond\u00e9ment que moi. Lorsque nous abordions certains sujets, je voyais en elle un altruisme sans limite. Ensemble, nous avons rejoint un groupe de b\u00e9n\u00e9voles au service des pauvres. Ad\u00e8le a\u00a0retrouv\u00e9 sa forme, son \u00e9quilibre, son courage. Plus que quiconque, elle savait \u00eatre proche de ceux qui \u00e9taient dans le besoin. L&rsquo;exp\u00e9rience v\u00e9cue avec elle m&rsquo;a clairement montr\u00e9 que le v\u00e9ritable \u00e9panouissement de la personne se r\u00e9alise dans la fraternit\u00e9 en acte. <em>(P.A.M. &#8211; Italie)<\/em> <\/p>\n<p style=\"text-align: right;\">Propos recueillis par <em>Maria Grazia Berretta<\/em><\/p>\n<p> (Extrait de <em>Il Vangelo del Giorno<\/em>, Citt\u00e0 Nuova, ann\u00e9e IX &#8211; n\u00b0 1 mai-juin 2023)<\/p>\n","protected":false},"excerpt":{"rendered":"<p>Dans ces paroles de saint Paul, la fraternit\u00e9 est un appel au bien, \u00e0 vivre la gr\u00e2ce de notre bapt\u00eame, et cet ADN d\u2019amour divin nous permet de regarder l&rsquo;existence de l&rsquo;autre comme un don pr\u00e9cieux pour nous.<\/p>\n","protected":false},"author":33,"featured_media":0,"comment_status":"open","ping_status":"open","sticky":false,"template":"","format":"standard","meta":{"give_campaign_id":0,"_seopress_robots_primary_cat":"","_seopress_titles_title":"","_seopress_titles_desc":"","_seopress_robots_index":"","_et_pb_use_builder":"","_et_pb_old_content":"","_et_gb_content_width":"","footnotes":""},"categories":[47],"tags":[],"class_list":["post-315480","post","type-post","status-publish","format-standard","hentry","category-non-classifiee"],"_links":{"self":[{"href":"https:\/\/www.focolare.org\/fr\/wp-json\/wp\/v2\/posts\/315480","targetHints":{"allow":["GET"]}}],"collection":[{"href":"https:\/\/www.focolare.org\/fr\/wp-json\/wp\/v2\/posts"}],"about":[{"href":"https:\/\/www.focolare.org\/fr\/wp-json\/wp\/v2\/types\/post"}],"author":[{"embeddable":true,"href":"https:\/\/www.focolare.org\/fr\/wp-json\/wp\/v2\/users\/33"}],"replies":[{"embeddable":true,"href":"https:\/\/www.focolare.org\/fr\/wp-json\/wp\/v2\/comments?post=315480"}],"version-history":[{"count":0,"href":"https:\/\/www.focolare.org\/fr\/wp-json\/wp\/v2\/posts\/315480\/revisions"}],"wp:attachment":[{"href":"https:\/\/www.focolare.org\/fr\/wp-json\/wp\/v2\/media?parent=315480"}],"wp:term":[{"taxonomy":"category","embeddable":true,"href":"https:\/\/www.focolare.org\/fr\/wp-json\/wp\/v2\/categories?post=315480"},{"taxonomy":"post_tag","embeddable":true,"href":"https:\/\/www.focolare.org\/fr\/wp-json\/wp\/v2\/tags?post=315480"}],"curies":[{"name":"wp","href":"https:\/\/api.w.org\/{rel}","templated":true}]}}