{"id":315504,"date":"2023-06-16T07:15:55","date_gmt":"2023-06-16T05:15:55","guid":{"rendered":"https:\/\/www.focolare.org\/evangile-vecu-vivez-en-paix-et-le-dieu-de-lamour-et-de-la-paix-sera-avec-vous-2-co-13-11\/"},"modified":"2024-05-15T21:04:07","modified_gmt":"2024-05-15T19:04:07","slug":"evangile-vecu-vivez-en-paix-et-le-dieu-de-lamour-et-de-la-paix-sera-avec-vous-2-co-13-11","status":"publish","type":"post","link":"https:\/\/www.focolare.org\/fr\/evangile-vecu-vivez-en-paix-et-le-dieu-de-lamour-et-de-la-paix-sera-avec-vous-2-co-13-11\/","title":{"rendered":"\u00c9vangile v\u00e9cu : \u00ab\u00a0Vivez en paix et le Dieu de l&rsquo;amour et de la paix sera avec vous\u00a0\u00bb (2 Co 13, 11)."},"content":{"rendered":"<p><em>Laisser Dieu habiter en nous : c&rsquo;est le point de d\u00e9part pour conserver et t\u00e9moigner dans la joie, la valeur inestimable de l&rsquo;unit\u00e9 et de la paix, dans la charit\u00e9 et la v\u00e9rit\u00e9 ; pour s&rsquo;enrichir et \u00eatre des semences de bien et de fraternit\u00e9 pour le monde.<\/em>  <strong>Sans mesurer la haine<\/strong> Je vis dans une petite ville d&rsquo;Ukraine, \u00e0 la fronti\u00e8re de la Slovaquie. Les bombes n\u2019arrivent pas jusqu\u2019\u00e0 chez nous, mais bien leurs terribles cons\u00e9quences : des personnes d\u00e9plac\u00e9es avec leurs besoins, la n\u00e9cessit\u00e9 de torches et de bougies, de m\u00e9dicaments, de couvertures&#8230; Une grande obscurit\u00e9 s&rsquo;est abattue sur notre pays. Les nouvelles de ceux qui trahissent, de ceux qui s&rsquo;enrichissent dans ces situations dramatiques, de ceux qui exploitent les autres, des chacals&#8230; sont \u00e0 l&rsquo;ordre du jour : le mal, quand il triomphe, n&rsquo;a pas de r\u00e8gles, pas de limites. Mais malgr\u00e9 tout, il se passe quelque chose d&rsquo;autre : les gens d&rsquo;ici sentent qu&rsquo;ils partagent la douleur des autres et cherchent des solutions. Dans les familles, le besoin de chaleur, de protection, de solidarit\u00e9 est revenu. J&rsquo;assiste \u00e0 ce paradoxe d\u2019une guerre du mal et du triomphe du bien. On se raconte l&rsquo;histoire de Chiara Lubich et des premi\u00e8res personnes qui l\u2019ont suivie: elles aussi ont commenc\u00e9 pendant une guerre et n&rsquo;ont pas mesur\u00e9 la haine, mais ont allum\u00e9 le bien, qui s&rsquo;est ensuite r\u00e9pandu partout. En v\u00e9rit\u00e9, les forces du mal ne l&#8217;emporteront pas. Notre gratitude est une v\u00e9ritable pri\u00e8re qui s&rsquo;\u00e9l\u00e8ve vers le ciel comme un chant de louange au Dieu Amour. (S.P. &#8211; Ukraine)  <strong>Une cha\u00eene d&rsquo;amour<\/strong> Dans la salle d&rsquo;attente de mon salon de coiffure, l&rsquo;\u00e9change de nouvelles est habituel entre les clientes et comme je n&rsquo;avais pas vu depuis un petit temps, une dame \u00e2g\u00e9e, Madame Ad\u00e8le, qui venait p\u00e9riodiquement chez nous, j&rsquo;ai demand\u00e9 \u00e0 l&rsquo;une d&rsquo;entre elles de me donner de ses nouvelles. J&rsquo;ai ainsi appris qu&rsquo;Ad\u00e8le \u00e9tait gravement malade et, pouss\u00e9e par le d\u00e9sir de la revoir, j&rsquo;ai d\u00e9cid\u00e9 de lui rendre visite un jour.\u00a0 J&rsquo;ai retrouv\u00e9 Madame Ad\u00e8le, seule et sans famille, dans un \u00e9tat d&rsquo;abandon total, et j&rsquo;ai imm\u00e9diatement lanc\u00e9 un appel \u00e0 l&rsquo;aide, cherchant quelqu&rsquo;un parmi mes clientes qui aurait pu lui tenir compagnie. Une belle comp\u00e9tition s&rsquo;est engag\u00e9e parmi mes clientes jusqu&rsquo;\u00e0 ce que, tr\u00e8s rapidement, le fils de l&rsquo;une d&rsquo;entre elles r\u00e9ussisse \u00e0 la placer dans un foyer d&rsquo;accueil qui assurait assistance et soins. J&rsquo;ai moi aussi propos\u00e9 mes services de coiffeuse, non seulement \u00e0 Ad\u00e8le, mais aussi \u00e0 toutes celles qui le souhaitaient. L&rsquo;histoire d&rsquo;Ad\u00e8le m&rsquo;a montr\u00e9 qu&rsquo;il suffit de commencer par des actes concrets de charit\u00e9 ; la cha\u00eene de l&rsquo;amour se r\u00e9pand alors rapidement et efficacement. (F.d.R. &#8211; Italie)  <strong>Une \u00e9cole de la solidarit\u00e9<\/strong> Dans le d\u00e9sert, \u00e0 l&rsquo;ext\u00e9rieur d\u2019une ville de l\u2019\u00c9gypte o\u00f9 je me trouve, vivent 1 000 personnes atteintes de la l\u00e8pre. Il y a quelques ann\u00e9es encore, personne ne connaissait l&rsquo;existence de cette colonie. Nous sommes all\u00e9s v\u00e9rifier la situation et nous avons d\u00e9couvert que ces personnes manquaient de tout. M\u00eame les m\u00e9decins n&rsquo;allaient pas les voir. Apr\u00e8s avoir pris des dispositions avec Caritas, nous avons ouvert notre groupe \u00e0 d&rsquo;autres jeunes chr\u00e9tiens et musulmans avec lesquels nous nous rendons maintenant sur place les jours de cong\u00e9. Deux d&rsquo;entre nous, \u00e9tudiants en m\u00e9decine, sont impliqu\u00e9s dans les soins m\u00e9dicaux et se sont donc tenus au courant des m\u00e9thodes de traitement de la l\u00e8pre. D&rsquo;autres se sont port\u00e9s volontaires pour repeindre des maisons et les rendre plus habitables. Un jeune journaliste a publi\u00e9 quelques articles dans divers journaux et magazines afin d&rsquo;informer et de sensibiliser le plus grand nombre au probl\u00e8me. Et surtout, nous avons r\u00e9alis\u00e9 que les malades de cette colonie ont besoin d&rsquo;une \u00e9coute qui est presque plus importante pour eux que les m\u00e9dicaments. Cette exp\u00e9rience est devenue pour nous une v\u00e9ritable \u00e9cole : elle nous fait prendre conscience que chacun d&rsquo;entre nous peut apporter quelque chose aux autres. (H.F.S. &#8211; Egypte) <\/p>\n<p style=\"text-align: right;\">\u00a0 \u00a0 \u00a0 \u00a0 \u00a0 \u00a0 \u00a0 \u00a0 \u00a0 \u00a0 \u00a0 \u00a0 \u00a0 \u00a0 \u00a0 \u00a0 \u00a0 \u00a0 \u00a0 \u00a0 \u00a0 \u00a0 \u00a0 \u00a0 \u00a0 \u00a0 \u00a0 \u00a0 \u00a0 \u00a0 \u00a0 \u00a0 \u00a0 \u00a0 \u00a0 \u00a0 \u00a0 \u00a0 \u00a0 \u00a0 \u00a0 \u00a0 \u00a0 \u00a0 \u00a0 \u00a0 \u00a0 \u00a0 \u00a0 \u00a0 \u00a0 \u00a0 \u00a0 \u00a0 \u00a0 \u00a0 \u00a0 \u00a0 \u00a0 \u00a0 \u00a0 \u00a0 \u00a0 \u00a0 \u00a0 \u00a0 \u00a0 \u00a0 \u00a0 \u00a0 \u00a0 \u00a0 \u00a0 \u00a0 \u00a0 \u00a0 \u00a0 \u00a0<em> Maria Grazia Berretta<\/em><\/p>\n<p> <em>(extrait de : \u00ab\u00a0 Il Vangelo del Giorno \u00bb, Citt\u00e0 Nuova, ann\u00e9e IX &#8211; no.1 mai-juin 2023)<\/em><\/p>\n","protected":false},"excerpt":{"rendered":"<p>Laisser Dieu habiter en nous : c&rsquo;est le point de d\u00e9part pour conserver et t\u00e9moigner dans la joie, la valeur inestimable de l&rsquo;unit\u00e9 et de la paix, dans la charit\u00e9 et la v\u00e9rit\u00e9 ; pour s&rsquo;enrichir et \u00eatre des semences de bien et de fraternit\u00e9 pour le monde.<\/p>\n","protected":false},"author":33,"featured_media":0,"comment_status":"open","ping_status":"open","sticky":false,"template":"","format":"standard","meta":{"give_campaign_id":0,"_seopress_robots_primary_cat":"","_seopress_titles_title":"","_seopress_titles_desc":"","_seopress_robots_index":"","_et_pb_use_builder":"","_et_pb_old_content":"","_et_gb_content_width":"","footnotes":""},"categories":[47],"tags":[],"class_list":["post-315504","post","type-post","status-publish","format-standard","hentry","category-non-classifiee"],"_links":{"self":[{"href":"https:\/\/www.focolare.org\/fr\/wp-json\/wp\/v2\/posts\/315504","targetHints":{"allow":["GET"]}}],"collection":[{"href":"https:\/\/www.focolare.org\/fr\/wp-json\/wp\/v2\/posts"}],"about":[{"href":"https:\/\/www.focolare.org\/fr\/wp-json\/wp\/v2\/types\/post"}],"author":[{"embeddable":true,"href":"https:\/\/www.focolare.org\/fr\/wp-json\/wp\/v2\/users\/33"}],"replies":[{"embeddable":true,"href":"https:\/\/www.focolare.org\/fr\/wp-json\/wp\/v2\/comments?post=315504"}],"version-history":[{"count":0,"href":"https:\/\/www.focolare.org\/fr\/wp-json\/wp\/v2\/posts\/315504\/revisions"}],"wp:attachment":[{"href":"https:\/\/www.focolare.org\/fr\/wp-json\/wp\/v2\/media?parent=315504"}],"wp:term":[{"taxonomy":"category","embeddable":true,"href":"https:\/\/www.focolare.org\/fr\/wp-json\/wp\/v2\/categories?post=315504"},{"taxonomy":"post_tag","embeddable":true,"href":"https:\/\/www.focolare.org\/fr\/wp-json\/wp\/v2\/tags?post=315504"}],"curies":[{"name":"wp","href":"https:\/\/api.w.org\/{rel}","templated":true}]}}