{"id":315506,"date":"2023-06-16T14:30:29","date_gmt":"2023-06-16T12:30:29","guid":{"rendered":"https:\/\/www.focolare.org\/sparks-le-podcast-histoires-de-changemakers-cheminant-parmi-nous\/"},"modified":"2024-05-15T21:04:07","modified_gmt":"2024-05-15T19:04:07","slug":"sparks-le-podcast-histoires-de-changemakers-cheminant-parmi-nous","status":"publish","type":"post","link":"https:\/\/www.focolare.org\/fr\/sparks-le-podcast-histoires-de-changemakers-cheminant-parmi-nous\/","title":{"rendered":"SPARKS (le podcast) : histoires de changemakers cheminant parmi nous"},"content":{"rendered":"<p><em>Est publi\u00e9 aujourd\u2019hui l<\/em><em>e premier \u00e9pisode du<\/em> <em>\u00a0nouveau podcast produit par United World Project. Il raconte<\/em> <em>des histoires d\u2019acteurs de changement \u2013 changemakers ayant d\u00e9cid\u00e9 <\/em>\u00a0<em>de se lancer dans une activit\u00e9 nouvelle, sous le coup d\u2019une \u00e9tincelle qui<\/em> <em>les<\/em> <em>a pouss\u00e9s d\u2019agir pour rendre leur soci\u00e9t\u00e9 meilleure. <\/em> <\/p>\n<h3><span style=\"color: #993300;\"><strong>Une \u00e9tincelle peut inspirer le changement<\/strong><\/span><\/h3>\n<p> <strong><img alt=\"\" alt=\"\" loading=\"lazy\" decoding=\"async\" class=\"alignright wp-image-257119\" src=\"https:\/\/www.focolare.org\/wp-content\/uploads\/2023\/06\/Sparks-Podcast-Cover-v2-340x340.png\" alt=\"\" width=\"309\" height=\"309\" \/>Aujourd\u2019hui, 16 juin 2023, United World Project est heureux de vous pr\u00e9senter un nouveau podcast en anglais: Sparks (\u00c9tincelles). <\/strong>Dans chaque \u00e9pisode, nous raconterons des histoires de \u00a0<em>changemakers,<\/em> de \u00a0diff\u00e9rentes parties du monde, qui ont donn\u00e9 vie \u00e0 un projet, une entreprise ou une activit\u00e9, apr\u00e8s avoir \u00e9t\u00e9\u00a0inspir\u00e9s\u00a0par \u00a0une \u00ab\u00a0\u00e9tincelle\u00a0\u00bb: une petite lumi\u00e8re qui a occasionn\u00e9 la contagion de beaucoup d\u2019autres personnes. \u00a0Chacune d\u2019elles, chacun d\u2019eux nous emm\u00e8nera dans son pays, pour nous plonger dans \u00a0sa culture et nous raconter comment son projet a commenc\u00e9. \u00a0<strong>Il n\u2019est pas besoin d\u2019\u00eatre Greta Thunberg ou Ghandi pour engager un changement<\/strong>. Nous croyons que chacun de nous peut faire la diff\u00e9rence. \u00a0<strong>Peut-\u00eatre \u00e0 peine une \u00e9tincelle suffit-elle\u00a0!<\/strong> <\/p>\n<h3><span style=\"color: #993300;\"><strong>Le premier \u00e9pisode :<em> Giving back to society one jar at a time<\/em><\/strong><\/span><\/h3>\n<p> <strong>Restituer \u00e0 la soci\u00e9t\u00e9, pas \u00e0 pas. <\/strong>\u00a0<strong>Nous avons tous de grands r\u00eaves<\/strong>. <strong>Celui de Mabih \u00e9tait de travailler aux Nations Unies<\/strong> et pendant des ann\u00e9es, elle a tout fait pour y parvenir. \u00a0Mais cela n\u2019a pas \u00e9t\u00e9 comme elle l\u2019esp\u00e9rait. En 2019, elle a r\u00e9alis\u00e9 que son r\u00eave, poursuivi en vue d\u2019aider les autres, n\u2019\u00e9tait peut-\u00eatre qu\u2019un d\u00e9sir personnel de pouvoir s\u2019affirmer dans la soci\u00e9t\u00e9. \u00a0Ainsi, en laissant \u00e0 ce r\u00eave la possibilit\u00e9 de se transformer, sa vie a chang\u00e9 d\u2019une mani\u00e8re jamais imagin\u00e9e auparavant. \u00a0<strong>Aujourd\u2019hui, \u00e0 38 ans, Nji Mabih est \u00e0 la t\u00eate d\u2019une petite entreprise et vit au Cameroun<\/strong>.  Pour continuer \u00e0 lire, <a href=\"https:\/\/www.unitedworldproject.org\/fr\/workshop\/sparks-le-podcast-histoires-de-changemakers-cheminant-parmi-nous\/\">cliquez ici<\/a>.  Pour \u00e9couter l&rsquo;\u00e9pisode imm\u00e9diatement sur Spotify, <a href=\"https:\/\/open.spotify.com\/show\/0HBjdYWANuuj628TY9kTBr?si=8bd2e048fbd548fa\">cliquez ici<\/a> !\u00a0 Si vous pr\u00e9f\u00e9rez \u00e9couter des podcasts sur d&rsquo;autres plateformes, vous pouvez \u00e9galement trouver \u00ab\u00a0Sparks\u00a0\u00bb sur Apple Podcast, Google Podcast, Amazon Music et Audible.  Bonne \u00e9coute! <\/p>\n<p style=\"text-align: right;\"><em>Laura Salerno<\/em><\/p>\n","protected":false},"excerpt":{"rendered":"<p>Est publi\u00e9 aujourd\u2019hui le premier \u00e9pisode du \u00a0nouveau podcast produit par United World Project. Il raconte des histoires d\u2019acteurs de changement \u2013 changemakers ayant d\u00e9cid\u00e9 \u00a0de se lancer dans une activit\u00e9 nouvelle, sous le coup d\u2019une \u00e9tincelle qui les a pouss\u00e9s d\u2019agir pour rendre leur soci\u00e9t\u00e9 meilleure.<\/p>\n","protected":false},"author":34,"featured_media":0,"comment_status":"open","ping_status":"open","sticky":false,"template":"","format":"standard","meta":{"give_campaign_id":0,"_seopress_robots_primary_cat":"","_seopress_titles_title":"","_seopress_titles_desc":"","_seopress_robots_index":"","_et_pb_use_builder":"","_et_pb_old_content":"","_et_gb_content_width":"","footnotes":""},"categories":[47],"tags":[],"class_list":["post-315506","post","type-post","status-publish","format-standard","hentry","category-non-classifiee"],"_links":{"self":[{"href":"https:\/\/www.focolare.org\/fr\/wp-json\/wp\/v2\/posts\/315506","targetHints":{"allow":["GET"]}}],"collection":[{"href":"https:\/\/www.focolare.org\/fr\/wp-json\/wp\/v2\/posts"}],"about":[{"href":"https:\/\/www.focolare.org\/fr\/wp-json\/wp\/v2\/types\/post"}],"author":[{"embeddable":true,"href":"https:\/\/www.focolare.org\/fr\/wp-json\/wp\/v2\/users\/34"}],"replies":[{"embeddable":true,"href":"https:\/\/www.focolare.org\/fr\/wp-json\/wp\/v2\/comments?post=315506"}],"version-history":[{"count":0,"href":"https:\/\/www.focolare.org\/fr\/wp-json\/wp\/v2\/posts\/315506\/revisions"}],"wp:attachment":[{"href":"https:\/\/www.focolare.org\/fr\/wp-json\/wp\/v2\/media?parent=315506"}],"wp:term":[{"taxonomy":"category","embeddable":true,"href":"https:\/\/www.focolare.org\/fr\/wp-json\/wp\/v2\/categories?post=315506"},{"taxonomy":"post_tag","embeddable":true,"href":"https:\/\/www.focolare.org\/fr\/wp-json\/wp\/v2\/tags?post=315506"}],"curies":[{"name":"wp","href":"https:\/\/api.w.org\/{rel}","templated":true}]}}