{"id":315520,"date":"2023-07-11T06:30:07","date_gmt":"2023-07-11T04:30:07","guid":{"rendered":"https:\/\/www.focolare.org\/mu-par-lesprit-entretien-avec-leveque-pierbattista-pizzaballa\/"},"modified":"2024-05-15T21:04:09","modified_gmt":"2024-05-15T19:04:09","slug":"mu-par-lesprit-entretien-avec-leveque-pierbattista-pizzaballa","status":"publish","type":"post","link":"https:\/\/www.focolare.org\/fr\/mu-par-lesprit-entretien-avec-leveque-pierbattista-pizzaballa\/","title":{"rendered":"M\u00fb par l&rsquo;Esprit : entretien avec l&rsquo;\u00e9v\u00eaque Pierbattista Pizzaballa"},"content":{"rendered":"<p><em>Le dimanche 9 juillet 2023, le pape Fran\u00e7ois a nomm\u00e9 21 nouveaux cardinaux de la Sainte \u00c9glise romaine, comme d&rsquo;habitude \u00e0 la surprise des int\u00e9ress\u00e9s. Parmi eux figure Mgr Pierbattista Pizzaballa, patriarche latin de J\u00e9rusalem. En f\u00e9licitant Sa B\u00e9atitude pour cette nomination, nous partageons avec joie une interview de lui, r\u00e9alis\u00e9e il y a exactement un an en Terre sainte.<\/em>  <strong>Voir la vid\u00e9o<\/strong>\u00a0(activer les sous-titres en fran\u00e7ais)  https:\/\/youtu.be\/JFjWb1-y0ug<\/p>\n","protected":false},"excerpt":{"rendered":"<p>Le dimanche 9 juillet 2023, le pape Fran\u00e7ois a nomm\u00e9 21 nouveaux cardinaux de la Sainte \u00c9glise romaine, comme d&rsquo;habitude \u00e0 la surprise des int\u00e9ress\u00e9s. Parmi eux figure Mgr Pierbattista Pizzaballa, patriarche latin de J\u00e9rusalem. En f\u00e9licitant Sa B\u00e9atitude pour cette nomination, nous partageons avec joie une interview de lui, r\u00e9alis\u00e9e il y a exactement un an en Terre sainte.<\/p>\n","protected":false},"author":34,"featured_media":0,"comment_status":"open","ping_status":"open","sticky":false,"template":"","format":"standard","meta":{"give_campaign_id":0,"_seopress_robots_primary_cat":"","_seopress_titles_title":"","_seopress_titles_desc":"","_seopress_robots_index":"","_et_pb_use_builder":"","_et_pb_old_content":"","_et_gb_content_width":"","footnotes":""},"categories":[47],"tags":[],"class_list":["post-315520","post","type-post","status-publish","format-standard","hentry","category-non-classifiee"],"_links":{"self":[{"href":"https:\/\/www.focolare.org\/fr\/wp-json\/wp\/v2\/posts\/315520","targetHints":{"allow":["GET"]}}],"collection":[{"href":"https:\/\/www.focolare.org\/fr\/wp-json\/wp\/v2\/posts"}],"about":[{"href":"https:\/\/www.focolare.org\/fr\/wp-json\/wp\/v2\/types\/post"}],"author":[{"embeddable":true,"href":"https:\/\/www.focolare.org\/fr\/wp-json\/wp\/v2\/users\/34"}],"replies":[{"embeddable":true,"href":"https:\/\/www.focolare.org\/fr\/wp-json\/wp\/v2\/comments?post=315520"}],"version-history":[{"count":0,"href":"https:\/\/www.focolare.org\/fr\/wp-json\/wp\/v2\/posts\/315520\/revisions"}],"wp:attachment":[{"href":"https:\/\/www.focolare.org\/fr\/wp-json\/wp\/v2\/media?parent=315520"}],"wp:term":[{"taxonomy":"category","embeddable":true,"href":"https:\/\/www.focolare.org\/fr\/wp-json\/wp\/v2\/categories?post=315520"},{"taxonomy":"post_tag","embeddable":true,"href":"https:\/\/www.focolare.org\/fr\/wp-json\/wp\/v2\/tags?post=315520"}],"curies":[{"name":"wp","href":"https:\/\/api.w.org\/{rel}","templated":true}]}}