{"id":315538,"date":"2023-08-15T01:00:17","date_gmt":"2023-08-14T23:00:17","guid":{"rendered":"https:\/\/www.focolare.org\/braga-portugal-eveques-a-lenseigne-de-la-mystique-du-nous\/"},"modified":"2024-05-15T21:04:13","modified_gmt":"2024-05-15T19:04:13","slug":"braga-portugal-eveques-a-lenseigne-de-la-mystique-du-nous","status":"publish","type":"post","link":"https:\/\/www.focolare.org\/fr\/braga-portugal-eveques-a-lenseigne-de-la-mystique-du-nous\/","title":{"rendered":"Braga, Portugal : \u00c9v\u00eaques \u00e0 l\u2019enseigne de la \u201cmystique du nous\u201d"},"content":{"rendered":"<p><em>Apr\u00e8s la Journ\u00e9e Mondiale des Jeunes de Lisbonne s\u2019est tenu, du 8 au 10 ao\u00fbt, \u00e0 Braga, au nord du Portugal, le Congr\u00e8s international des \u00e9v\u00eaques amis du Mouvement des Focolari.<\/em>  Sur l\u2019onde des Journ\u00e9es Mondiales de la Jeunesse qui a d\u00e9ferl\u00e9 sur Lisbonne, 87 \u00e9v\u00eaques de 42 pays se sont arr\u00eat\u00e9s au Portugal, pour <img alt=\"\" alt=\"\" loading=\"lazy\" decoding=\"async\" class=\"alignright wp-image-258131\" src=\"https:\/\/www.focolare.org\/wp-content\/uploads\/2023\/08\/SAM_2493-e1692027161284-669x340.jpg\" alt=\"\" width=\"421\" height=\"214\" \/>r\u00e9fl\u00e9chir sur <em>\u00ab\u00a0La mystique de la rencontre &#8211; Contemplation et mission dans un changement d\u2019\u00e9poque\u00a0\u00bb, <\/em>\u00e0 la rencontre organis\u00e9e par les \u00e9v\u00eaques amis du Mouvement des Focolari.  Le 7 ao\u00fbt, en route vers Braga, le premi\u00e8re \u00e9tape ne pouvait \u00eatre que le sanctuaire de Notre-Dame de Fatima, pr\u00e9cis\u00e9ment le jour de la f\u00eate des deux saints petits bergers, Francesco et Jacinta. Conscients des changements d&rsquo;\u00e9poque qui exigent une r\u00e9ponse ad\u00e9quate aussi de la part de l&rsquo;\u00c9glise, \u00e0 partir du 8 ao\u00fbt et pendant trois jours, les \u00e9v\u00eaques ont voulu r\u00e9fl\u00e9chir et mettre en pratique la <em>\u00ab\u00a0mystique du nous\u00a0\u00bb,<\/em> comme r\u00e9ponse \u00e0 la nouvelle \u00e9tape de t\u00e9moignage et d&rsquo;annonce de l&rsquo;\u00c9vangile \u00e0 laquelle l&rsquo;Esprit Saint appelle aujourd&rsquo;hui l&rsquo;\u00c9glise.  Dans cette intention, ils ont repris les propos du pape Fran\u00e7ois lors de sa visite \u00e0 Loppiano, cit\u00e9-pilote du Mouvement, en mai 2018, o\u00f9 il avait affirm\u00e9 que le charisme de l&rsquo;unit\u00e9, donn\u00e9 par Dieu \u00e0 Chiara Lubich, est un<em> \u00ab\u00a0stimulant providentiel et une aide puissante pour vivre la mystique \u00e9vang\u00e9lique du \u00ab\u00a0nous\u00a0\u00bb.\u00a0\u00bb<\/em>  <img alt=\"\" alt=\"\" loading=\"lazy\" decoding=\"async\" class=\"alignright wp-image-258134\" src=\"https:\/\/www.focolare.org\/wp-content\/uploads\/2023\/08\/SAM_2552-510x340.jpg\" alt=\"\" width=\"309\" height=\"206\" \/>Margaret Karram, Pr\u00e9sidente du Mouvement des Focolari et Jes\u00fas Mor\u00e1n, Copr\u00e9sident, pr\u00e9sents \u00e0 toute la rencontre, ont apport\u00e9 leur contribution. Margaret a invit\u00e9 les \u00e9v\u00eaques \u00e0 <em>\u00ab\u00a0partir de l&rsquo;unit\u00e9 pour \u00eatre et parler aujourd&rsquo;hui\u00a0\u00bb.<\/em> L&rsquo;unit\u00e9 est la vie de Dieu, a-t-elle rappel\u00e9, et nous qui voulons l&rsquo;imiter sommes invit\u00e9s \u00e0 la vivre avec le devoir de l\u2019annoncer avec courage.  La communion en salle qui a suivi a soulign\u00e9 la foi renouvel\u00e9e dans l&rsquo;importance de rechercher l&rsquo;unit\u00e9, dans l&rsquo;\u00c9glise et dans le monde. Par la suite, les \u00e9changes dans les diff\u00e9rents groupes linguistiques ont permis d&rsquo;approfondir le sujet.  <img alt=\"\" alt=\"\" loading=\"lazy\" decoding=\"async\" class=\"alignleft wp-image-258142\" src=\"https:\/\/www.focolare.org\/wp-content\/uploads\/2023\/08\/SAM_2601-510x340.jpg\" alt=\"\" width=\"320\" height=\"213\" \/>On peut dire que chaque journ\u00e9e, avec ses contenus vari\u00e9s, a contribu\u00e9 \u00e0 faire exp\u00e9rimenter la <em>\u00ab\u00a0mystique du nous\u00a0\u00bb<\/em>\u00a0: l&rsquo;\u00e9change avec un groupe de jeunes qui ont particip\u00e9 aux JMJ\u00a0; les t\u00e9moignages des \u00e9v\u00eaques sur le parcours synodal\u00a0; la rencontre avec la souffrance et l&rsquo;actualit\u00e9 des \u00c9glises particuli\u00e8res.  <strong><img alt=\"\" alt=\"\" loading=\"lazy\" decoding=\"async\" class=\"alignright wp-image-258132\" src=\"https:\/\/www.focolare.org\/wp-content\/uploads\/2023\/08\/THU07527-e1692031647887-685x340.jpg\" alt=\"\" width=\"421\" height=\"209\" \/>Approfondissements<\/strong>  \u00c0 quelques mois de l\u2019Assembl\u00e9e synodale d\u2019octobre prochain, le cardinal Mario Grech, secr\u00e9taire du Synode et le professeur Piero Coda, membre du groupe th\u00e9ologique du Synode, reli\u00e9 par zoom, ont apport\u00e9 leur contribution. Le Synode a pour but de nous faire red\u00e9couvrir l&rsquo;unit\u00e9 dans l&rsquo;unique bapt\u00eame, de nous entrainer \u00e0 vivre ensemble malgr\u00e9 les diff\u00e9rences, et de nous apprendre \u00e0 habiter les tensions dans lesquelles nous nous trouvons in\u00e9vitablement.  Une table ronde visant \u00e0 proposer quelques r\u00e9ponses aux probl\u00e9matiques v\u00e9cues dans l&rsquo;\u00c9glise et les soci\u00e9t\u00e9s aujourd&rsquo;hui a suscit\u00e9 de l\u2019int\u00e9r\u00eat et de nombreuses questions\u00a0: le P\u00e8re Fabio Ciardi, OMI, a soulign\u00e9 la richesse des charismes dans l&rsquo;\u00c9glise d&rsquo;hier et d&rsquo;aujourd&rsquo;hui\u00a0; <img alt=\"\" alt=\"\" loading=\"lazy\" decoding=\"async\" class=\"alignright wp-image-258136\" src=\"https:\/\/www.focolare.org\/wp-content\/uploads\/2023\/08\/SAM_2723-e1692031950548-671x340.jpg\" alt=\"\" width=\"418\" height=\"212\" \/>Francesca Di Giovanni, ex sous-secr\u00e9taire d&rsquo;\u00c9tat du Vatican, a parl\u00e9 de la place de la femme dans l&rsquo;\u00c9glise, qui ne doit pas \u00eatre valoris\u00e9e seulement pour le \u00ab\u00a0<em>r\u00f4le<\/em>\u00a0\u00bb qu&rsquo;elle doit occuper, mais consid\u00e9r\u00e9e pour le \u00ab\u00a0<em>don<\/em>\u00a0\u00bb qu&rsquo;elle est pour l&rsquo;\u00c9glise. Les \u00e9poux Rosinha et Am\u00e2ndio Cruz, engag\u00e9s dans les structures de l&rsquo;archidioc\u00e8se de Braga, ont ensuite pr\u00e9sent\u00e9 quelques dynamiques &#8211; soutenues par les familles &#8211; pour le renouvellement de l&rsquo;\u00c9glise et l&rsquo;\u00e9vang\u00e9lisation.  Le dernier jour, le P. Fabio Ciardi, a introduit un th\u00e8me sur les \u00ab\u00a0<em>plaies<\/em>\u00a0\u00bb de l\u2019\u00c9glise aujourd\u2019hui, en pr\u00e9sentant la lumi\u00e8re que Chiara\u00a0Lubich a trouv\u00e9e dans la <em>d\u00e9couverte-r\u00e9v\u00e9lation<\/em> de J\u00e9sus abandonn\u00e9 qui prend sur lui chaque division et g\u00e9n\u00e8re la r\u00e9conciliation, base de la \u00ab\u00a0<em>mystique du nous<\/em>\u00a0\u00bb.  Les moments de d\u00e9tente et d\u2019enrichissement culturel n\u2019ont pas manqu\u00e9, comme par exemple, la visite au Sanctuaire <em>Bom Jesus do Monte<\/em>, situ\u00e9 \u00e0 proximit\u00e9, o\u00f9 le card. Francis Kriengsak, archev\u00eaque de Bangkok, a pr\u00e9sid\u00e9 la c\u00e9l\u00e9bration eucharistique. Puis, face \u00e0 un coucher de soleil impressionnant. un d\u00eener offert par la communaut\u00e9 locale des Focolari, aux saveurs typiques, suivi par d&rsquo;entrainantes danses traditionnelles.  \u00c0 la conclusion de la rencontre, lors de la Messe pr\u00e9sid\u00e9e par le card. Lazarus You, Pr\u00e9fet du Dicast\u00e8re pour le Clerg\u00e9, les \u00e9v\u00eaques ont renouvel\u00e9 leur engagement \u00e0 mettre en pratique le Commandement de J\u00e9sus\u00a0: <em>\u00ab\u00a0Aimez-vous les uns les autres comme je vous ai aim\u00e9s\u00a0\u00bb (Jn 15, 12).<\/em> <\/p>\n<p style=\"text-align: right;\"><em>Carlos Mana<\/em><\/p>\n<p> <em><img alt=\"\" alt=\"\" loading=\"lazy\" decoding=\"async\" class=\"size-full wp-image-258135 aligncenter\" src=\"https:\/\/www.focolare.org\/wp-content\/uploads\/2023\/08\/SAM_2709.jpg\" alt=\"\" width=\"1000\" height=\"323\" \/><\/em><\/p>\n","protected":false},"excerpt":{"rendered":"<p>Apr\u00e8s la Journ\u00e9e Mondiale des Jeunes de Lisbonne s\u2019est tenu, du 8 au 10 ao\u00fbt, \u00e0 Braga, au nord du Portugal, le Congr\u00e8s international des \u00e9v\u00eaques amis du Mouvement des Focolari.<\/p>\n","protected":false},"author":34,"featured_media":0,"comment_status":"open","ping_status":"open","sticky":false,"template":"","format":"standard","meta":{"give_campaign_id":0,"_seopress_robots_primary_cat":"","_seopress_titles_title":"","_seopress_titles_desc":"","_seopress_robots_index":"","_et_pb_use_builder":"","_et_pb_old_content":"","_et_gb_content_width":"","footnotes":""},"categories":[47],"tags":[],"class_list":["post-315538","post","type-post","status-publish","format-standard","hentry","category-non-classifiee"],"_links":{"self":[{"href":"https:\/\/www.focolare.org\/fr\/wp-json\/wp\/v2\/posts\/315538","targetHints":{"allow":["GET"]}}],"collection":[{"href":"https:\/\/www.focolare.org\/fr\/wp-json\/wp\/v2\/posts"}],"about":[{"href":"https:\/\/www.focolare.org\/fr\/wp-json\/wp\/v2\/types\/post"}],"author":[{"embeddable":true,"href":"https:\/\/www.focolare.org\/fr\/wp-json\/wp\/v2\/users\/34"}],"replies":[{"embeddable":true,"href":"https:\/\/www.focolare.org\/fr\/wp-json\/wp\/v2\/comments?post=315538"}],"version-history":[{"count":0,"href":"https:\/\/www.focolare.org\/fr\/wp-json\/wp\/v2\/posts\/315538\/revisions"}],"wp:attachment":[{"href":"https:\/\/www.focolare.org\/fr\/wp-json\/wp\/v2\/media?parent=315538"}],"wp:term":[{"taxonomy":"category","embeddable":true,"href":"https:\/\/www.focolare.org\/fr\/wp-json\/wp\/v2\/categories?post=315538"},{"taxonomy":"post_tag","embeddable":true,"href":"https:\/\/www.focolare.org\/fr\/wp-json\/wp\/v2\/tags?post=315538"}],"curies":[{"name":"wp","href":"https:\/\/api.w.org\/{rel}","templated":true}]}}