{"id":315540,"date":"2023-08-17T05:00:25","date_gmt":"2023-08-17T03:00:25","guid":{"rendered":"https:\/\/www.focolare.org\/en-voyage-de-noces-aux-jmj\/"},"modified":"2024-05-15T21:04:13","modified_gmt":"2024-05-15T19:04:13","slug":"en-voyage-de-noces-aux-jmj","status":"publish","type":"post","link":"https:\/\/www.focolare.org\/fr\/en-voyage-de-noces-aux-jmj\/","title":{"rendered":"En voyage de noces aux JMJ"},"content":{"rendered":"<p><em>Beno\u00eet et Chlo\u00e9 Mondou, jeunes mari\u00e9s fran\u00e7ais, ont choisi de commencer leur chemin conjugal en participant ensemble aux Journ\u00e9es Mondiales de la Jeunesse \u00e0 Lisbonne (Portugal).<\/em> <\/p>\n<p style=\"font-weight: 400;\"><em><img alt=\"\" alt=\"\" loading=\"lazy\" decoding=\"async\" class=\"alignleft wp-image-258170\" src=\"https:\/\/www.focolare.org\/wp-content\/uploads\/2023\/08\/sposi-227x340.jpg\" alt=\"\" width=\"191\" height=\"286\" \/><\/em>\u00a0\u00ab Au d\u00e9part, nous voulions faire un tour d\u2019Europe pour notre lune de miel, mais quand l\u2019opportunit\u00e9 de participer aux JMJ s\u2019est pr\u00e9sent\u00e9e, on n\u2019a pas h\u00e9sit\u00e9 une seule seconde !\u201d Beno\u00eet et Chlo\u00e9 Mondou se sont mari\u00e9s en Haute Savoie (France), une semaine avant les JMJ de Lisbonne (Portugal). Lui, \u00e2g\u00e9 de 24 ans, et elle, de 22 ans, se sont rencontr\u00e9s il y a sept ans dans un groupe de scouts dans lequel ils sont tr\u00e8s actifs, et dont aujourd\u2019hui ils sont guides b\u00e9n\u00e9voles. Beno\u00eet conna\u00eet la spiritualit\u00e9 des Focolari depuis l\u2019enfance et, \u00e0 travers lui, Chlo\u00e9 a commenc\u00e9 \u00e0 la vivre. Et c&rsquo;est avec un groupe francophone de jeunes du Mouvement, venant de France, de Belgique et de Suisse, qu&rsquo;ils sont partis pour Lisbonne. \u00ab\u00a0Nous n&rsquo;avons pas abandonn\u00e9 l&rsquo;id\u00e9e de notre voyage en Europe &#8211; expliquent-ils &#8211; mais nous avons estim\u00e9 qu&rsquo;aller aux JMJ \u00e9tait une opportunit\u00e9 vraiment importante. Aujourd&rsquo;hui, nous pouvons affirmer que cela a marqu\u00e9 une \u00e9tape significative dans notre mariage.\u00a0\u00bb<em> <\/em><\/p>\n<p> Beno\u00eet et Chlo\u00e9 participent \u00e9galement \u00e0 un projet social dans leur ville, dans le cadre duquel ils rendent visite \u00e0 des personnes dans des EPHAD (\u00c9tablissement d\u2019H\u00e9bergement pour Personnes \u00c2g\u00e9es D\u00e9pendantes).  \u00ab Nous avons la chance d&rsquo;avoir \u00e9t\u00e9 \u00e9lev\u00e9s dans la m\u00eame foi &#8211; explique Chlo\u00e9 &#8211; mais nous avons aussi la chance d\u2019\u00eatre heureux en priant ensemble. Par cons\u00e9quent, la participation aux JMJ a donn\u00e9 une dimension encore plus profonde \u00e0 la foi que nous partageons.\u00a0\u00bb  \u00ab\u00a0Nous \u00e9tions souvent s\u00e9par\u00e9es, puis nous nous retrouvions pour la louange ou l\u2019adoration, ce qui nous permettait de prier ensemble\u00a0\u00bb.  \u00ab\u00a0Et c\u2019\u00e9tait tr\u00e8s fort. \u2013 confie Beno\u00eet \u2013 parce que dans la vie de tous les jours, on n\u2019a pas l\u2019occasion de prier vraiment ensemble. A Lisbonne, prendre du temps ensemble, m\u00eame en groupe, c\u2019\u00e9tait fort. Personnellement, je pense que c&rsquo;est une exp\u00e9rience \u00e0 vivre au moins une fois dans sa vie. Et en couple, c&rsquo;est encore mieux.\u00a0\u00bb <\/p>\n<p style=\"font-weight: 400;\"><img alt=\"\" alt=\"\" loading=\"lazy\" decoding=\"async\" class=\"alignright wp-image-258174\" src=\"https:\/\/www.focolare.org\/wp-content\/uploads\/2023\/08\/sposi-gmg-453x340.jpg\" alt=\"\" width=\"267\" height=\"200\" \/><\/p>\n<p> Ils ont v\u00e9cu des moments fondamentaux avec le pape Fran\u00e7ois. \u00ab\u00a0Pour moi, la chose la plus importante que le Pape a dite &#8211; explique Chlo\u00e9 &#8211; c&rsquo;est quand il a rappel\u00e9 que nous sommes tous aim\u00e9s tels que nous sommes, car parfois, au sein d&rsquo;un groupe, on peut avoir tendance \u00e0 ajuster sa personnalit\u00e9 pour para\u00eetre, pour \u00eatre accept\u00e9. Mais dans des contextes comme celui-ci, on r\u00e9alise que c&rsquo;est ainsi que nous vivons les uns avec les autres, c&rsquo;est ainsi que nous sommes authentiques et c&rsquo;est ainsi que Dieu nous aime le plus.\u00a0\u00bb  \u00ab\u00a0Les paroles du Pape &#8211; poursuit Beno\u00eet &#8211; m&rsquo;invitent \u00e0 relever un d\u00e9fi qui me tient \u00e0 c\u0153ur : essayer d&rsquo;\u00eatre comme J\u00e9sus. Il a encourag\u00e9 le million et demi de jeunes pr\u00e9sents \u00e0 Lisbonne \u00e0 rentrer dans leurs pays respectifs avec la mission de partager la bonne nouvelle, d\u2019aider les autres et de les faire progresser avec la parole du Christ.\u00a0\u00bb  \u00ab\u00a0Aux JMJ \u2013 raconte Chlo\u00e9 \u2013 j\u2019ai d\u00e9couvert une nouvelle fa\u00e7on de pouvoir vivre ma foi. Je me suis rendu compte qu\u2019il y a plein de mani\u00e8res diff\u00e9rentes de pratiquer la foi, et peu importe si quelqu&rsquo;un choisit de chanter dans la rue tandis qu&rsquo;un autre pr\u00e9f\u00e8re rester seul au fond d&rsquo;une \u00e9glise. Dans une famille, chacun doit trouver sa place et sa propre mani\u00e8re de prier.\u00a0\u00bb  \u00ab\u00a0Nous avons quitt\u00e9 le Portugal avec une foi renforc\u00e9e. \u2013 Beno\u00eet conclut \u2013 Cette exp\u00e9rience a amplifi\u00e9 notre d\u00e9sir, d\u00e9j\u00e0 pr\u00e9sent, d&rsquo;\u00e9lever nos enfants dans la foi et de les \u00e9duquer selon l&rsquo;\u00c9vangile. Apr\u00e8s notre mariage religieux, nous avions besoin de ces JMJ, de ce p\u00e8lerinage, de moments de recueillement et de pri\u00e8re. Cela nous a fait beaucoup de bien\u00a0\u00bb <\/p>\n<p style=\"font-weight: 400; text-align: right;\"><em>Anna Lisa Innocenti <\/em><\/p>\n","protected":false},"excerpt":{"rendered":"<p>Beno\u00eet et Chlo\u00e9 Mondou, jeunes mari\u00e9s fran\u00e7ais, ont choisi de commencer leur chemin conjugal en assistant ensemble aux Journ\u00e9es Mondiales de la Jeunesse \u00e0 Lisbonne (Portugal).<\/p>\n","protected":false},"author":27,"featured_media":0,"comment_status":"open","ping_status":"open","sticky":false,"template":"","format":"standard","meta":{"give_campaign_id":0,"_seopress_robots_primary_cat":"","_seopress_titles_title":"","_seopress_titles_desc":"","_seopress_robots_index":"","_et_pb_use_builder":"","_et_pb_old_content":"","_et_gb_content_width":"","footnotes":""},"categories":[907],"tags":[],"class_list":["post-315540","post","type-post","status-publish","format-standard","hentry","category-senza-categoria-2-3"],"_links":{"self":[{"href":"https:\/\/www.focolare.org\/fr\/wp-json\/wp\/v2\/posts\/315540","targetHints":{"allow":["GET"]}}],"collection":[{"href":"https:\/\/www.focolare.org\/fr\/wp-json\/wp\/v2\/posts"}],"about":[{"href":"https:\/\/www.focolare.org\/fr\/wp-json\/wp\/v2\/types\/post"}],"author":[{"embeddable":true,"href":"https:\/\/www.focolare.org\/fr\/wp-json\/wp\/v2\/users\/27"}],"replies":[{"embeddable":true,"href":"https:\/\/www.focolare.org\/fr\/wp-json\/wp\/v2\/comments?post=315540"}],"version-history":[{"count":0,"href":"https:\/\/www.focolare.org\/fr\/wp-json\/wp\/v2\/posts\/315540\/revisions"}],"wp:attachment":[{"href":"https:\/\/www.focolare.org\/fr\/wp-json\/wp\/v2\/media?parent=315540"}],"wp:term":[{"taxonomy":"category","embeddable":true,"href":"https:\/\/www.focolare.org\/fr\/wp-json\/wp\/v2\/categories?post=315540"},{"taxonomy":"post_tag","embeddable":true,"href":"https:\/\/www.focolare.org\/fr\/wp-json\/wp\/v2\/tags?post=315540"}],"curies":[{"name":"wp","href":"https:\/\/api.w.org\/{rel}","templated":true}]}}