{"id":315548,"date":"2023-09-15T10:30:39","date_gmt":"2023-09-15T08:30:39","guid":{"rendered":"https:\/\/www.focolare.org\/evangile-vecu-tous-les-jours-je-te-benirai-et-je-louerai-ton-nom-a-tout-jamais-ps-145-2\/"},"modified":"2024-05-15T21:04:15","modified_gmt":"2024-05-15T19:04:15","slug":"evangile-vecu-tous-les-jours-je-te-benirai-et-je-louerai-ton-nom-a-tout-jamais-ps-145-2","status":"publish","type":"post","link":"https:\/\/www.focolare.org\/fr\/evangile-vecu-tous-les-jours-je-te-benirai-et-je-louerai-ton-nom-a-tout-jamais-ps-145-2\/","title":{"rendered":"\u00c9vangile v\u00e9cu : \u00ab Tous les jours je te b\u00e9nirai et je louerai ton nom \u00e0 tout jamais \u00bb (Ps 145, 2)"},"content":{"rendered":"<p><em>Faisons de notre vie une louange continuelle \u00e0 Dieu en reconnaissant son amour et la grandeur de ses \u0153uvres dans notre vie. C&rsquo;est \u00e0 cela que nous invite ce Psaume. C&rsquo;est aussi le fondement de toute pri\u00e8re, notamment lorsque, en aimant les fr\u00e8res et les s\u0153urs que nous rencontrons, nous comprenons la pl\u00e9nitude de la gratitude.<\/em>  <strong>Une aide concr\u00e8te pour les proches et les lointains<\/strong> La guerre en Ukraine semait \u00e9galement l&rsquo;appr\u00e9hension et la peur parmi nous. En r\u00e9ponse \u00e0 ce tourbillon mal\u00e9fique, au fur et \u00e0 mesure que l&rsquo;hiver dernier avan\u00e7ait, nous nous sommes engag\u00e9s, avec des amis de la paroisse, \u00e0 nous procurer des v\u00eatements chauds, des g\u00e9n\u00e9rateurs et des torches \u00e0 envoyer \u00e0 nos voisins en Ukraine pour pallier leur manque d&rsquo;\u00e9lectricit\u00e9. Mais de fil en aiguille, nous avons \u00e9tendu cette action de solidarit\u00e9 aux pauvres de notre ville. Nous ne les avions pas per\u00e7us et cette partie de la soci\u00e9t\u00e9 est apparue \u00e0 nos yeux, \u00e0 laquelle nous n&rsquo;avions pas pr\u00eat\u00e9 suffisamment d&rsquo;attention auparavant. Quelqu&rsquo;un nous a fait remarquer qu&rsquo;il avait fallu la guerre en Ukraine pour nous ouvrir les yeux. Aujourd&rsquo;hui, en plus de poursuivre les collectes pour les victimes de la guerre, nos bras s&rsquo;activent pour ces proches voisins qui sont dans le besoin. (J.M. &#8211; Hongrie)  <strong>Un espoir<\/strong> Dans la salle d&rsquo;attente de la gare routi\u00e8re, je remarque une jeune femme belle et \u00e9l\u00e9gante mais son visage porte les signes d&rsquo;une profonde souffrance. Nous montons dans le m\u00eame bus. Au guichet de la gare, nous prenons le billet pour la m\u00eame destination. En nous dirigeant vers le quai, je lui adresse quelques phrases. Malheureusement, notre train venait de partir et nous avions deux heures d&rsquo;attente devant nous. Je lui propose de nous asseoir dans la salle d&rsquo;attente. Voyant son visage toujours tendu, je mets de c\u00f4t\u00e9 mes probl\u00e8mes et ma fatigue et je d\u00e9cide de l&rsquo;\u00e9couter. Elle me raconte les difficult\u00e9s qu&rsquo;elle vit depuis des mois et je me surprends \u00e0 revivre un drame que j&rsquo;ai v\u00e9cu. Je lui en parle. Plus tard, pendant le trajet, la discussion devient si intense que nous ne nous rendons pas compte que nous sommes arriv\u00e9s \u00e0 destination. J&rsquo;essaie de lui dire au revoir, mais elle veut m&rsquo;accompagner jusqu&rsquo;\u00e0 l&rsquo;endroit o\u00f9 je dois me rendre pour ne pas interrompre la conversation. Maintenant, son visage est d\u00e9tendu, son fardeau est all\u00e9g\u00e9. C&rsquo;est l&rsquo;heure des adieux. Je ne la reverrai peut-\u00eatre jamais, mais je suis s\u00fbre que l&rsquo;espoir l\u2019anime. (R.A. &#8211; Angleterre)  <strong>On vit de sourires<\/strong> Il est gratifiant pour moi, qui suis m\u00e9decin en soins palliatifs, d&rsquo;\u00eatre accueillie le matin par le sourire et les traits d\u00e9tendus d\u2019une personne qui, la veille, craignait de passer la nuit \u00e0 cause de la douleur : oui, tout s&rsquo;est bien d\u00e9roul\u00e9 et je me sens mieux. Ce n&rsquo;\u00e9tait pas gagn\u00e9 : les opiac\u00e9s sont encore des m\u00e9dicaments redout\u00e9s car ils sont peu connus, et un dialogue m\u00e9decin-patient ouvert est n\u00e9cessaire. J&rsquo;observe la posture d&rsquo;une autre patiente, dont les mimiques se r\u00e9duisent \u00e0 des hochements de t\u00eate. \u00ab\u00a0Madame, vous avez mal ?\u00a0\u00bb La fermeture des paupi\u00e8res est un assentiment et je me demande : comment ne l&rsquo;ai-je pas remarqu\u00e9 plus t\u00f4t ? Le traitement que je lui propose est accept\u00e9, son expression recroquevill\u00e9e se d\u00e9tend, ses yeux sourient. En affrontant chaque jour mes limites, il m\u2019arrive de ne pas toujours sourire. Dans ces moments-l\u00e0, un coll\u00e8gue, un membre de la famille, un soignant, joue le r\u00f4le de \u00ab\u00a0miroir\u00a0\u00bb et m&rsquo;aide \u00e0 me regarder en face. J&rsquo;ai besoin d&rsquo;une bonne dose d&rsquo;humilit\u00e9 pour apprendre \u00e0 m&rsquo;accepter. Mais ensuite, je souris de ce que je suis et, une fois le nuage pass\u00e9, je vois la possibilit\u00e9 de recommencer \u00e0 aimer. (Paola &#8211; Italie) <\/p>\n<p style=\"text-align: right;\"><em>Aux soins de Maria Grazia Berretta<\/em><\/p>\n<p> <em>(tir\u00e9 de Il Vangelo del Giorno, Citt\u00e0 Nuova, anno IX \u2013 n.1\u00b0 settembre-ottobre 2023)<\/em><\/p>\n","protected":false},"excerpt":{"rendered":"<p>Faisons de notre vie une louange continuelle \u00e0 Dieu en reconnaissant son amour et la grandeur de ses \u0153uvres dans notre vie. C&rsquo;est \u00e0 cela que nous invite ce Psaume. C&rsquo;est aussi le fondement de toute pri\u00e8re, notamment lorsque, en aimant les fr\u00e8res et les s\u0153urs que nous rencontrons, nous comprenons la pl\u00e9nitude de la gratitude.<\/p>\n","protected":false},"author":33,"featured_media":0,"comment_status":"open","ping_status":"open","sticky":false,"template":"","format":"standard","meta":{"give_campaign_id":0,"_seopress_robots_primary_cat":"","_seopress_titles_title":"","_seopress_titles_desc":"","_seopress_robots_index":"","_et_pb_use_builder":"","_et_pb_old_content":"","_et_gb_content_width":"","footnotes":""},"categories":[47],"tags":[],"class_list":["post-315548","post","type-post","status-publish","format-standard","hentry","category-non-classifiee"],"_links":{"self":[{"href":"https:\/\/www.focolare.org\/fr\/wp-json\/wp\/v2\/posts\/315548","targetHints":{"allow":["GET"]}}],"collection":[{"href":"https:\/\/www.focolare.org\/fr\/wp-json\/wp\/v2\/posts"}],"about":[{"href":"https:\/\/www.focolare.org\/fr\/wp-json\/wp\/v2\/types\/post"}],"author":[{"embeddable":true,"href":"https:\/\/www.focolare.org\/fr\/wp-json\/wp\/v2\/users\/33"}],"replies":[{"embeddable":true,"href":"https:\/\/www.focolare.org\/fr\/wp-json\/wp\/v2\/comments?post=315548"}],"version-history":[{"count":0,"href":"https:\/\/www.focolare.org\/fr\/wp-json\/wp\/v2\/posts\/315548\/revisions"}],"wp:attachment":[{"href":"https:\/\/www.focolare.org\/fr\/wp-json\/wp\/v2\/media?parent=315548"}],"wp:term":[{"taxonomy":"category","embeddable":true,"href":"https:\/\/www.focolare.org\/fr\/wp-json\/wp\/v2\/categories?post=315548"},{"taxonomy":"post_tag","embeddable":true,"href":"https:\/\/www.focolare.org\/fr\/wp-json\/wp\/v2\/tags?post=315548"}],"curies":[{"name":"wp","href":"https:\/\/api.w.org\/{rel}","templated":true}]}}