{"id":315562,"date":"2023-10-08T12:18:16","date_gmt":"2023-10-08T10:18:16","guid":{"rendered":"https:\/\/www.focolare.org\/margaret-karram-retrouver-le-chemin-du-respect-des-droits-de-lhomme-par-le-dialogue-et-la-reconciliation\/"},"modified":"2024-05-15T21:04:18","modified_gmt":"2024-05-15T19:04:18","slug":"margaret-karram-retrouver-le-chemin-du-respect-des-droits-de-lhomme-par-le-dialogue-et-la-reconciliation","status":"publish","type":"post","link":"https:\/\/www.focolare.org\/fr\/margaret-karram-retrouver-le-chemin-du-respect-des-droits-de-lhomme-par-le-dialogue-et-la-reconciliation\/","title":{"rendered":"Margaret Karram : retrouver le chemin du respect des droits de l&rsquo;homme par le dialogue et la r\u00e9conciliation"},"content":{"rendered":"<p style=\"text-align: left;\"><em>La d\u00e9claration de la pr\u00e9sidente du mouvement des Focolari suite \u00e0 l&rsquo;explosion de graves violences en Terre Sainte le 7 octobre 2023 : \u00ab\u00a0Justice, dialogue et r\u00e9conciliation, outils indispensables pour construire la paix\u00a0\u00bb.<\/em><\/p>\n<blockquote>\n<p style=\"text-align: right;\"><span style=\"font-size: 20px;\">Rome, le 8 octobre 2023<\/span><\/p>\n<p> <span style=\"font-size: 20px;\">Il n&rsquo;y a pas de mots pour exprimer la tristesse infinie que j\u2019ai dans le c\u0153ur pour les populations d&rsquo;Isra\u00ebl et de Palestine\u00a0; pour les morts, les bless\u00e9s, les personnes retenues en otage, les disparus et leurs familles que la derni\u00e8re et tr\u00e8s grave flamb\u00e9e de violence a provoqu\u00e9s sur ma terre.<\/span>  <span style=\"font-size: 20px;\">C\u2019est avec une foi profonde, avec l\u2019ensemble du Mouvement des Focolari, que je m\u2019unis \u00e0 l\u2019appel du pape Fran\u00e7ois, \u00e0 celui du Patriarcat latin de J\u00e9rusalem, aux paroles de paix de responsables des diff\u00e9rentes \u00c9glises chr\u00e9tiennes et des leaders des Religions &#8211; en particulier de la r\u00e9gion isra\u00e9lo-palestinienne \u2013 pour demander l&rsquo;arr\u00eat d<strong>es armes et que l\u2019on comprenne que<\/strong>, comme l\u2019a dit le pape Fran\u00e7ois \u00e0 l\u2019Ang\u00e9lus d\u2019aujourd\u2019hui, \u00ab\u00a0<strong>le terrorisme et la guerre ne m\u00e8nent \u00e0 aucune solution, mais toute guerre est une d\u00e9faite<\/strong>\u00a0\u00bb.<\/span>  <span style=\"font-size: 20px;\">Dans la pri\u00e8re au Dieu de la Paix et de la Justice, je suis unie \u00e9galement \u00e0 tous ceux qui, dans le monde entier, offrent pri\u00e8res, souffrances et actions, afin que la paix l&#8217;emporte sur la haine et la terreur. Je remercie en particulier ceux qui m\u2019ont \u00e9crit depuis des lieux de conflit, comme l\u2019Ukraine, exprimant leur offrande et leur proximit\u00e9, malgr\u00e9 la tragique situation dans laquelle ils se trouvent depuis plus d\u2019un an.<\/span>  <span style=\"font-size: 20px;\">Engageons-nous \u00e0 construire un monde fraternel et \u00e0 faire tout ce qu&rsquo;il nous est possible pour que ces peuples et tous ceux qui se trouvent dans les m\u00eames situations d\u2019instabilit\u00e9 et de violence retrouvent le chemin du respect des droits de l\u2019homme\u00a0; o\u00f9 la justice, le dialogue et la r\u00e9conciliation sont les instruments indispensables pour construire la paix.<\/span> <\/p>\n<p style=\"text-align: right;\"><span style=\"font-size: 20px;\"><em>Margaret Karram<\/em><\/span> <span style=\"font-size: 20px;\"><em>Pr\u00e9sidente du Mouvement des Focolari<\/em><\/span><\/p>\n<\/blockquote>\n<p> <em>\u00a0<\/em><\/p>\n","protected":false},"excerpt":{"rendered":"<p>La d\u00e9claration de la pr\u00e9sidente du mouvement des Focolari suite \u00e0 l&rsquo;explosion de graves violences en Terre Sainte le 7 octobre 2023 : \u00ab\u00a0Justice, dialogue et r\u00e9conciliation, outils indispensables pour construire la paix\u00a0\u00bb.<\/p>\n","protected":false},"author":34,"featured_media":0,"comment_status":"open","ping_status":"open","sticky":false,"template":"","format":"standard","meta":{"give_campaign_id":0,"_seopress_robots_primary_cat":"","_seopress_titles_title":"","_seopress_titles_desc":"","_seopress_robots_index":"","_et_pb_use_builder":"","_et_pb_old_content":"","_et_gb_content_width":"","footnotes":""},"categories":[47],"tags":[],"class_list":["post-315562","post","type-post","status-publish","format-standard","hentry","category-non-classifiee"],"_links":{"self":[{"href":"https:\/\/www.focolare.org\/fr\/wp-json\/wp\/v2\/posts\/315562","targetHints":{"allow":["GET"]}}],"collection":[{"href":"https:\/\/www.focolare.org\/fr\/wp-json\/wp\/v2\/posts"}],"about":[{"href":"https:\/\/www.focolare.org\/fr\/wp-json\/wp\/v2\/types\/post"}],"author":[{"embeddable":true,"href":"https:\/\/www.focolare.org\/fr\/wp-json\/wp\/v2\/users\/34"}],"replies":[{"embeddable":true,"href":"https:\/\/www.focolare.org\/fr\/wp-json\/wp\/v2\/comments?post=315562"}],"version-history":[{"count":0,"href":"https:\/\/www.focolare.org\/fr\/wp-json\/wp\/v2\/posts\/315562\/revisions"}],"wp:attachment":[{"href":"https:\/\/www.focolare.org\/fr\/wp-json\/wp\/v2\/media?parent=315562"}],"wp:term":[{"taxonomy":"category","embeddable":true,"href":"https:\/\/www.focolare.org\/fr\/wp-json\/wp\/v2\/categories?post=315562"},{"taxonomy":"post_tag","embeddable":true,"href":"https:\/\/www.focolare.org\/fr\/wp-json\/wp\/v2\/tags?post=315562"}],"curies":[{"name":"wp","href":"https:\/\/api.w.org\/{rel}","templated":true}]}}