{"id":315564,"date":"2023-10-11T01:00:47","date_gmt":"2023-10-10T23:00:47","guid":{"rendered":"https:\/\/www.focolare.org\/syrie-lespoir-des-jeunes-au-milieu-des-vagues-de-violence\/"},"modified":"2024-05-15T21:04:18","modified_gmt":"2024-05-15T19:04:18","slug":"syrie-lespoir-des-jeunes-au-milieu-des-vagues-de-violence","status":"publish","type":"post","link":"https:\/\/www.focolare.org\/fr\/syrie-lespoir-des-jeunes-au-milieu-des-vagues-de-violence\/","title":{"rendered":"Syrie, l&rsquo;espoir des jeunes au milieu des vagues de violence"},"content":{"rendered":"<div><i>Le Moyen-Orient continue de souffrir de la violence, des affrontements et des attaques terroristes. L&rsquo;histoire de Joseph, un jeune Syrien membre des Focolari qui, avec d&rsquo;autres jeunes, nourrit l&rsquo;espoir de la paix sur une terre martyris\u00e9e.<\/i><\/div>\n<div><\/div>\n<div>  <a href=\"https:\/\/www.focolare.org\/wp-content\/uploads\/2023\/10\/GEN-SIRIA-1-scaled.jpg\"><img alt=\"\" alt=\"\" loading=\"lazy\" decoding=\"async\" class=\"alignright wp-image-259009\" src=\"https:\/\/www.focolare.org\/wp-content\/uploads\/2023\/10\/GEN-SIRIA-1-453x340.jpg\" alt=\"\" width=\"300\" height=\"225\" \/><\/a>Le cauchemar des massacres de masse est \u00e0 nouveau effrayant. Le Moyen-Orient est toujours ravag\u00e9 par les guerres, les attentats terroristes, les violences de toutes sortes qui ne font que des morts. En Syrie, le 6 octobre, des drones charg\u00e9s d&rsquo;explosifs se sont abattus sur une acad\u00e9mie militaire \u00e0 Homs lors d&rsquo;une c\u00e9r\u00e9monie festive. Le bilan est d\u2019une centaine de morts, dont une trentaine de femmes et d&rsquo;enfants. Le lendemain, une autre attaque similaire a eu lieu lors de c\u00e9l\u00e9brations fun\u00e9raires, heureusement neutralis\u00e9e \u00e0 temps. La r\u00e9ponse syrienne n&rsquo;a pas manqu\u00e9 avec une pluie de bombes \u00e0 Idlib, dans une zone \u00e9chappant au contr\u00f4le du gouvernement. Une escalade de la violence \u00e0 laquelle l&rsquo;envoy\u00e9 sp\u00e9cial des Nations unies pour la Syrie, Geir O. Pedersen, a r\u00e9agi en appelant \u00e0 un cessez-le-feu imm\u00e9diat, \u00e0 la protection des civils et \u00e0 l&rsquo;ouverture de n\u00e9gociations de paix. Dans ce contexte de guerre, alors que la violence continue de s&rsquo;intensifier et qu&rsquo;il ne semble pas y avoir d&rsquo;espoir d&rsquo;un avenir pacifique, quelques jeunes Syriens appartenant au mouvement des Focolari se sont retrouv\u00e9s pour leur r\u00e9union annuelle.  <\/div>\n<div>\n<p class=\"Standard\"><span lang=\"FR-BE\"><a href=\"https:\/\/www.focolare.org\/wp-content\/uploads\/2023\/10\/GEN-SIRIA2.jpeg\"><img alt=\"\" alt=\"\" loading=\"lazy\" decoding=\"async\" class=\"alignleft wp-image-259010\" src=\"https:\/\/www.focolare.org\/wp-content\/uploads\/2023\/10\/GEN-SIRIA2-454x340.jpeg\" alt=\"\" width=\"300\" height=\"225\" \/><\/a>Joseph Moawwad, 24 ans, a particip\u00e9 au congr\u00e8s et nous a \u00e9crit pour nous faire part de son exp\u00e9rience personnelle. \u00ab\u00a0Je vivais une p\u00e9riode tr\u00e8s difficile, un sentiment de ti\u00e9deur, sans enthousiasme ; \u00e9galement pour ce congr\u00e8s, peut-\u00eatre \u00e0 cause des fortes tensions que je vis et que les jeunes Syriens vivent. Les cons\u00e9quences de la guerre perdurent, depuis 13 ans d\u00e9j\u00e0, et plus r\u00e9cemment, l&rsquo;attentat d&rsquo; il y a quelques jours \u00e0 Homs. Nous l&rsquo;avons appris d\u00e8s le d\u00e9but du congr\u00e8s. Cependant, la grande surprise a \u00e9t\u00e9 de rencontrer 90 jeunes du mouvement des Focolari venus de toutes les r\u00e9gions de Syrie. J&rsquo;ai senti comme une temp\u00eate qui enlevait les cendres qui couvraient les braises de mon c\u0153ur, et ainsi le \u2018feu\u2019 en moi a repris. Les exp\u00e9riences de communion, de partage, de fraternit\u00e9 entre nous et cette tension de vivre l&rsquo;amour mutuel pour avoir la pr\u00e9sence de J\u00e9sus parmi nous<i> (cf. \u00ab\u00a0L\u00e0 o\u00f9 deux ou plusieurs sont unis en mon nom, je suis au milieu d&rsquo;eux\u00a0\u00bb, Mt 18, 15-20<\/i>) ont effac\u00e9 tout ce que je ressentais auparavant et ont rendu plus puissante cette flamme que j&rsquo;ai sentie, se rallumer en moi. \u00c0 la fin de la journ\u00e9e, pendant la pri\u00e8re communautaire, j&rsquo;ai compris que je prenais une d\u00e9cision : garder cette \u2018flamme\u2019 que j\u2019ai sentie, se rallumer pour longtemps, la faire grandir, la donner aux personnes les plus faibles et les plus d\u00e9courag\u00e9es. J&rsquo;ai d\u00e9couvert que l&rsquo;unit\u00e9 avec les autres jeunes des Focolari, l&rsquo;amour r\u00e9ciproque qui nous lie, est la solution \u00e0 toute cette haine et \u00e0 tout ce mal que nous vivons. Et puis la pr\u00e9sence de J\u00e9sus en nous et parmi nous : c&rsquo;est lui qui nous donne la force et l&rsquo;espoir d&rsquo;un avenir meilleur\u00a0\u00bb. <i>\u00a0\u00a0\u00a0\u00a0\u00a0\u00a0\u00a0\u00a0\u00a0\u00a0\u00a0 <\/i><\/span><\/p>\n<p class=\"Standard\" style=\"text-align: right;\"><span lang=\"FR-BE\"><i>Lorenzo Russo<\/i><\/span><\/p>\n<\/p><\/div>\n","protected":false},"excerpt":{"rendered":"<p>Le Moyen-Orient continue de souffrir de la violence, des affrontements et des attaques terroristes. L&rsquo;histoire de Joseph, un jeune Syrien membre des Focolari qui, avec d&rsquo;autres jeunes, nourrit l&rsquo;espoir de la paix sur une terre martyris\u00e9e.<\/p>\n","protected":false},"author":31,"featured_media":0,"comment_status":"open","ping_status":"open","sticky":false,"template":"","format":"standard","meta":{"give_campaign_id":0,"_seopress_robots_primary_cat":"","_seopress_titles_title":"","_seopress_titles_desc":"","_seopress_robots_index":"","_et_pb_use_builder":"","_et_pb_old_content":"","_et_gb_content_width":"","footnotes":""},"categories":[47],"tags":[],"class_list":["post-315564","post","type-post","status-publish","format-standard","hentry","category-non-classifiee"],"_links":{"self":[{"href":"https:\/\/www.focolare.org\/fr\/wp-json\/wp\/v2\/posts\/315564","targetHints":{"allow":["GET"]}}],"collection":[{"href":"https:\/\/www.focolare.org\/fr\/wp-json\/wp\/v2\/posts"}],"about":[{"href":"https:\/\/www.focolare.org\/fr\/wp-json\/wp\/v2\/types\/post"}],"author":[{"embeddable":true,"href":"https:\/\/www.focolare.org\/fr\/wp-json\/wp\/v2\/users\/31"}],"replies":[{"embeddable":true,"href":"https:\/\/www.focolare.org\/fr\/wp-json\/wp\/v2\/comments?post=315564"}],"version-history":[{"count":0,"href":"https:\/\/www.focolare.org\/fr\/wp-json\/wp\/v2\/posts\/315564\/revisions"}],"wp:attachment":[{"href":"https:\/\/www.focolare.org\/fr\/wp-json\/wp\/v2\/media?parent=315564"}],"wp:term":[{"taxonomy":"category","embeddable":true,"href":"https:\/\/www.focolare.org\/fr\/wp-json\/wp\/v2\/categories?post=315564"},{"taxonomy":"post_tag","embeddable":true,"href":"https:\/\/www.focolare.org\/fr\/wp-json\/wp\/v2\/tags?post=315564"}],"curies":[{"name":"wp","href":"https:\/\/api.w.org\/{rel}","templated":true}]}}