{"id":315598,"date":"2023-12-21T09:30:30","date_gmt":"2023-12-21T08:30:30","guid":{"rendered":"https:\/\/www.focolare.org\/demander-le-don-de-la-paix-les-voeux-de-la-presidente-des-focolari\/"},"modified":"2024-05-15T21:04:23","modified_gmt":"2024-05-15T19:04:23","slug":"demander-le-don-de-la-paix-les-voeux-de-la-presidente-des-focolari","status":"publish","type":"post","link":"https:\/\/www.focolare.org\/fr\/demander-le-don-de-la-paix-les-voeux-de-la-presidente-des-focolari\/","title":{"rendered":"Demander le don de la paix: les v\u0153ux de la pr\u00e9sidente des Focolari"},"content":{"rendered":"<blockquote><p><strong><em>Un r\u00eave de paix et de fraternit\u00e9 pour tous les peuples de la terre. Dans les paroles de Margaret Karram, pr\u00e9sidente du mouvement des Focolari, un v\u0153u d&rsquo;esp\u00e9rance pour No\u00ebl et le nouvel an.<\/em><\/strong><\/p><\/blockquote>\n<p> <img alt=\"\" alt=\"\" loading=\"lazy\" decoding=\"async\" class=\"alignright size-full wp-image-260445\" src=\"https:\/\/www.focolare.org\/wp-content\/uploads\/2023\/12\/FR_auguri-Margaret-Karram.png\" alt=\"\" width=\"2000\" height=\"1414\" \/><\/p>\n","protected":false},"excerpt":{"rendered":"<p>Un sogno di pace e fraternit\u00e0 da realizzare per tutti i popoli della terra. Nelle parole di Margaret Karram, Presidente del Movimento dei Focolari, un augurio di speranza per questo Natale e per il nuovo anno in arrivo.<\/p>\n","protected":false},"author":35,"featured_media":0,"comment_status":"open","ping_status":"open","sticky":false,"template":"","format":"standard","meta":{"give_campaign_id":0,"_seopress_robots_primary_cat":"","_seopress_titles_title":"","_seopress_titles_desc":"","_seopress_robots_index":"","_et_pb_use_builder":"","_et_pb_old_content":"","_et_gb_content_width":"","footnotes":""},"categories":[47],"tags":[],"class_list":["post-315598","post","type-post","status-publish","format-standard","hentry","category-non-classifiee"],"_links":{"self":[{"href":"https:\/\/www.focolare.org\/fr\/wp-json\/wp\/v2\/posts\/315598","targetHints":{"allow":["GET"]}}],"collection":[{"href":"https:\/\/www.focolare.org\/fr\/wp-json\/wp\/v2\/posts"}],"about":[{"href":"https:\/\/www.focolare.org\/fr\/wp-json\/wp\/v2\/types\/post"}],"author":[{"embeddable":true,"href":"https:\/\/www.focolare.org\/fr\/wp-json\/wp\/v2\/users\/35"}],"replies":[{"embeddable":true,"href":"https:\/\/www.focolare.org\/fr\/wp-json\/wp\/v2\/comments?post=315598"}],"version-history":[{"count":0,"href":"https:\/\/www.focolare.org\/fr\/wp-json\/wp\/v2\/posts\/315598\/revisions"}],"wp:attachment":[{"href":"https:\/\/www.focolare.org\/fr\/wp-json\/wp\/v2\/media?parent=315598"}],"wp:term":[{"taxonomy":"category","embeddable":true,"href":"https:\/\/www.focolare.org\/fr\/wp-json\/wp\/v2\/categories?post=315598"},{"taxonomy":"post_tag","embeddable":true,"href":"https:\/\/www.focolare.org\/fr\/wp-json\/wp\/v2\/tags?post=315598"}],"curies":[{"name":"wp","href":"https:\/\/api.w.org\/{rel}","templated":true}]}}