{"id":315626,"date":"2024-01-31T14:21:17","date_gmt":"2024-01-31T13:21:17","guid":{"rendered":"https:\/\/www.focolare.org\/itvangelo-vissuto-amerai-il-signore-dio-tuo-e-il-tuo-prossimo-come-te-stesso-lc-10-27-esevangelio-vivido-amaras-al-senor-tu-dios-y-a-tu-projimo-como-a-ti-mismo\/"},"modified":"2024-05-15T21:04:29","modified_gmt":"2024-05-15T19:04:29","slug":"itvangelo-vissuto-amerai-il-signore-dio-tuo-e-il-tuo-prossimo-come-te-stesso-lc-10-27-esevangelio-vivido-amaras-al-senor-tu-dios-y-a-tu-projimo-como-a-ti-mismo","status":"publish","type":"post","link":"https:\/\/www.focolare.org\/fr\/itvangelo-vissuto-amerai-il-signore-dio-tuo-e-il-tuo-prossimo-come-te-stesso-lc-10-27-esevangelio-vivido-amaras-al-senor-tu-dios-y-a-tu-projimo-como-a-ti-mismo\/","title":{"rendered":"[:it]Vangelo Vissuto: \u00abAmerai il Signore Dio tuo&#8230; e il tuo prossimo come te stesso\u00bb (Lc 10, 27).[:es]Evangelio vivido: \u00abAmar\u00e1s al Se\u00f1or, tu Dios&#8230; y a tu pr\u00f3jimo como a ti mismo\u00bb (Lc 10, 27).[:pt]Evangelho vivido: \u00abAmar\u00e1s o Senhor teu Deus&#8230; e o teu pr\u00f3ximo como a ti mesmo\u00bb (Lc 10, 27)."},"content":{"rendered":"<p><em>Dieu nous a cr\u00e9\u00e9s pour participer \u00e0 sa vie, pour l&rsquo;aimer et pour ressentir son amour. En particulier, en nous pla\u00e7ant aux c\u00f4t\u00e9s de nos fr\u00e8res, il nous invite \u00e0 sortir de nous-m\u00eames, \u00e0 reconna\u00eetre les besoins de notre prochain et \u00e0 s\u2019inspirer de ce m\u00eame Amour pour soutenir et encourager tout le monde.<\/em>  <strong> Du B\u00e9nin<\/strong>  Pendant les huit mois que nous avons pass\u00e9s au B\u00e9nin, avec l&rsquo;aide d&rsquo;amis europ\u00e9ens, nous avons pu subvenir aux besoins les plus urgents de nos voisins : nous avons fourni de la nourriture, pay\u00e9 l&rsquo;inscription scolaire de quelques enfants, y compris les fournitures scolaires, procur\u00e9 des m\u00e9dicaments&#8230; Nous avons travaill\u00e9 pour am\u00e9liorer le sort de ceux qui \u00e9taient sans travail et vivaient dans des situations limites, convaincus que seul l&rsquo;amour peut apporter toute valorisation humaine. Un week-end de novembre dernier, nous avons rencontr\u00e9 la communaut\u00e9, une centaine de personnes venues \u00e9galement de plus loin, avec des sacrifices. Il s&rsquo;agit d&rsquo;occasions importantes, o\u00f9 l&rsquo;esquisse d&rsquo;une nouvelle soci\u00e9t\u00e9 peut \u00eatre r\u00e9alis\u00e9e entre tous. Un peu avant, il y a eu ceux qui ont fait des copies de la Parole de Vie pour les distribuer aux autres avec les invitations, ceux qui se sont mis \u00e0 la disposition pour les repas communs. La plupart des familles sont arriv\u00e9es avec un grand d\u00e9sir d&rsquo;approfondir la vie de l&rsquo;\u00c9vangile, une vie dont le Ma\u00eetre est J\u00e9sus pr\u00e9sent parmi nous. (Un couple de Paris-B\u00e9nin)  <strong>Dans le train<\/strong>  Debout dans le train bond\u00e9, je r\u00e9alise soudain qu&rsquo;un vieil homme devant moi se sent mal, soutenu par une personne qui doit \u00eatre sa femme. Je m&rsquo;approche pour prendre son pouls : il est arythmique. Je demande aux voyageurs qui l&rsquo;entourent de s&rsquo;\u00e9carter pour lui donner de l&rsquo;air, je d\u00e9boutonne le col de sa chemise et je le fais s&rsquo;allonger. Il y a de l&rsquo;agitation parmi les passagers, qui s&rsquo;int\u00e9ressent \u00e0 l&rsquo;\u00e9tat de sant\u00e9 du vieil homme. Le conducteur du train arrive \u00e0 son tour, je l\u2019invite \u00e0 appeler une ambulance, et me pr\u00e9sentant comme m\u00e9decin, je calme le monsieur et sa femme : \u201cCe n&rsquo;\u00e9tait qu&rsquo;un malaise, un \u00e9vanouissement\u201d. Au premier arr\u00eat, alors que l&rsquo;ambulance est d\u00e9j\u00e0 \u00e0 l&rsquo;ext\u00e9rieur de la gare, le monsieur a repris des couleurs. Je rassure l&rsquo;infirmi\u00e8re et le m\u00e9decin arriv\u00e9s entre-temps et les accompagne, avec le vieil homme allong\u00e9 sur le brancard, jusqu&rsquo;\u00e0 l&rsquo;ambulance, au milieu des remerciements unanimes des voyageurs et du chef de train. Apr\u00e8s avoir repris le voyage, j&rsquo;ai \u00e9t\u00e9 ravi de voir combien ma simple intervention avait suscit\u00e9 de participation humaine chez tant d&rsquo;inconnus, qui \u00e9taient devenus &#8211; m\u00eame bri\u00e8vement &#8211; les \u201cprochains\u201d de cet homme. (C.F. &#8211; Italie)  <strong>La conf\u00e9rence<\/strong> <\/p>\n<p style=\"text-align: left;\">Je traversais une mauvaise p\u00e9riode au travail et dans ma famille. Je me sentais d\u00e9motiv\u00e9 et sans force. Pour faire plaisir \u00e0 ma femme, je l&rsquo;ai accompagn\u00e9e \u00e0 une conf\u00e9rence qui ne m&rsquo;int\u00e9ressait \u00e0 priori pas du tout. Mais en \u00e9coutant l&rsquo;orateur qui parlait d&rsquo;un th\u00e9ologien russe, j&rsquo;ai \u00e9t\u00e9 frapp\u00e9 par son affirmation selon laquelle tout ce qui est m\u00fb par l&rsquo;amour pour quelqu&rsquo;un est cr\u00e9atif. J&rsquo;ai alors r\u00e9fl\u00e9chi \u00e0 ma propre vie, \u00e0 mon travail \u00e0 la banque devenu r\u00e9p\u00e9titif, \u00e0 mes relations avec des coll\u00e8gues malades de carri\u00e9risme et de suspicion. Qu&rsquo;est-ce que cela signifiait pour moi d&rsquo;\u00eatre cr\u00e9atif dans un tel environnement ? Le lendemain, dans ma fa\u00e7on de traiter les clients, j&rsquo;ai essay\u00e9 d\u2019ajouter un mot de plus, d\u2019\u00eatre un peu plus courtoi, de donner un sourire de plus ; et quant \u00e0 mes coll\u00e8gues, de m&rsquo;int\u00e9resser \u00e0 eux, de leur demander des nouvelles de leurs enfants, d&rsquo;un parent que je savais malade&#8230; et l\u00e0 o\u00f9 tout paraissait gris, le soleil est revenu peu \u00e0 peu. Naturellement, j&rsquo;ai aussi voulu en savoir plus sur ce th\u00e9ologien, Solov&rsquo;\u00ebv, qui, comme un grand fr\u00e8re, m&rsquo;avait \u201cr\u00e9veill\u00e9\u201d, m&rsquo;aidant \u00e0 aller vers les autres avec la cr\u00e9ativit\u00e9 de l&rsquo;amour. (Z.W. &#8211; Pologne)<\/p>\n<p style=\"text-align: right;\"><em>\u00a0 \u00a0 \u00a0 \u00a0 \u00a0 \u00a0 \u00a0 \u00a0 \u00a0 \u00a0 \u00a0 \u00a0 \u00a0 \u00a0 \u00a0 \u00a0 \u00a0 \u00a0 \u00a0 \u00a0 \u00a0 \u00a0 \u00a0 \u00a0 \u00a0 \u00a0 \u00a0 \u00a0 \u00a0 \u00a0 \u00a0 \u00a0 \u00a0 \u00a0 \u00a0 \u00a0 \u00a0 \u00a0 \u00a0 \u00a0 \u00a0 \u00a0 \u00a0 \u00a0 \u00a0 \u00a0 \u00a0 \u00a0 \u00a0 \u00a0 \u00a0 \u00a0 \u00a0 \u00a0 \u00a0 \u00a0 \u00a0 \u00a0 \u00a0 Maria Grazia Berretta<\/em> <em>(extrait de Il Vangelo del Giorno, Citt\u00e0 Nuova, ann\u00e9e X- no.1 janvier-f\u00e9vrier 2024)<\/em><\/p>\n","protected":false},"excerpt":{"rendered":"<p>Dieu nous a cr\u00e9\u00e9s pour participer \u00e0 sa vie, pour l&rsquo;aimer et pour ressentir son amour. En particulier, en nous pla\u00e7ant aux c\u00f4t\u00e9s de nos fr\u00e8res, il nous invite \u00e0 sortir de nous-m\u00eames, \u00e0 reconna\u00eetre les besoins de notre prochain et \u00e0 s\u2019inspirer de ce m\u00eame Amour pour soutenir et encourager tout le monde.<\/p>\n","protected":false},"author":34,"featured_media":0,"comment_status":"open","ping_status":"open","sticky":false,"template":"","format":"standard","meta":{"give_campaign_id":0,"_seopress_robots_primary_cat":"","_seopress_titles_title":"","_seopress_titles_desc":"","_seopress_robots_index":"","_et_pb_use_builder":"","_et_pb_old_content":"","_et_gb_content_width":"","footnotes":""},"categories":[47],"tags":[],"class_list":["post-315626","post","type-post","status-publish","format-standard","hentry","category-non-classifiee"],"_links":{"self":[{"href":"https:\/\/www.focolare.org\/fr\/wp-json\/wp\/v2\/posts\/315626","targetHints":{"allow":["GET"]}}],"collection":[{"href":"https:\/\/www.focolare.org\/fr\/wp-json\/wp\/v2\/posts"}],"about":[{"href":"https:\/\/www.focolare.org\/fr\/wp-json\/wp\/v2\/types\/post"}],"author":[{"embeddable":true,"href":"https:\/\/www.focolare.org\/fr\/wp-json\/wp\/v2\/users\/34"}],"replies":[{"embeddable":true,"href":"https:\/\/www.focolare.org\/fr\/wp-json\/wp\/v2\/comments?post=315626"}],"version-history":[{"count":0,"href":"https:\/\/www.focolare.org\/fr\/wp-json\/wp\/v2\/posts\/315626\/revisions"}],"wp:attachment":[{"href":"https:\/\/www.focolare.org\/fr\/wp-json\/wp\/v2\/media?parent=315626"}],"wp:term":[{"taxonomy":"category","embeddable":true,"href":"https:\/\/www.focolare.org\/fr\/wp-json\/wp\/v2\/categories?post=315626"},{"taxonomy":"post_tag","embeddable":true,"href":"https:\/\/www.focolare.org\/fr\/wp-json\/wp\/v2\/tags?post=315626"}],"curies":[{"name":"wp","href":"https:\/\/api.w.org\/{rel}","templated":true}]}}