{"id":315630,"date":"2024-02-05T03:00:07","date_gmt":"2024-02-05T02:00:07","guid":{"rendered":"https:\/\/www.focolare.org\/commemorer-le-concile-de-nicee-pour-avancer-ensemble-vers-lunite-le-debut-dun-nouveau-depart\/"},"modified":"2024-05-15T21:04:29","modified_gmt":"2024-05-15T19:04:29","slug":"commemorer-le-concile-de-nicee-pour-avancer-ensemble-vers-lunite-le-debut-dun-nouveau-depart","status":"publish","type":"post","link":"https:\/\/www.focolare.org\/fr\/commemorer-le-concile-de-nicee-pour-avancer-ensemble-vers-lunite-le-debut-dun-nouveau-depart\/","title":{"rendered":"Comm\u00e9morer le Concile de Nic\u00e9e pour avancer ensemble vers l&rsquo;unit\u00e9 : le d\u00e9but d&rsquo;un nouveau d\u00e9part"},"content":{"rendered":"<p><em>Le jeudi 8 f\u00e9vrier 2024, un s\u00e9minaire en ligne offrira des perspectives et des r\u00e9flexions sur le Concile de Nic\u00e9e et son h\u00e9ritage toujours vivant pour les chr\u00e9tiens d&rsquo;aujourd&rsquo;hui.<\/em>  L&rsquo;ann\u00e9e 2025 marque les 1700 ans du premier concile \u0153cum\u00e9nique de Nic\u00e9e (325 apr\u00e8s J.-C.) : un exemple unique de prise de d\u00e9cisions communes en des temps difficiles et \u00e0 partir de cultures diff\u00e9rentes. Les fondements de la foi chr\u00e9tienne ont alors \u00e9t\u00e9 pos\u00e9s : un h\u00e9ritage pr\u00e9cieux, dont la vie et la foi des \u00c9glises ont t\u00e9moign\u00e9 au cours des si\u00e8cles et qui a nourri le chemin de la civilisation humaine.  C&rsquo;est \u00e9galement \u00e0 Nic\u00e9e qu&rsquo;a \u00e9t\u00e9 d\u00e9cid\u00e9e la mani\u00e8re de calculer la date de la P\u00e2que chr\u00e9tienne : le dimanche suivant la premi\u00e8re pleine lune apr\u00e8s le d\u00e9but du printemps. Plus tard, l&rsquo;utilisation de diff\u00e9rents calendriers a diff\u00e9renci\u00e9 le jour de P\u00e2ques entre l&rsquo;Orient et l&rsquo;Occident, de sorte que cette date ne co\u00efncide qu&rsquo;occasionnellement (par exemple, en cette ann\u00e9e 2024, il y a une diff\u00e9rence de 15 jours). En 2025, toutes les \u00c9glises c\u00e9l\u00e9breront P\u00e2ques le m\u00eame jour  Mais aujourd&rsquo;hui, cet anniversaire rev\u00eat une signification plus large. Nous vivons en effet une \u00e9poque de conflits et d&rsquo;angoisse. Une \u00e9poque qui a besoin d&rsquo;un nouvel espoir. Une \u00e9poque qui a besoin de red\u00e9couvrir la proph\u00e9tie d&rsquo;une culture de la r\u00e9surrection. Un s\u00e9minaire en ligne est pr\u00e9vu pour le jeudi 8 f\u00e9vrier 2024, intitul\u00e9 <em>: \u00ab\u00a0Depuis Nic\u00e9e, marcher ensemble vers l&rsquo;unit\u00e9. Le d\u00e9but d&rsquo;un nouveau d\u00e9part\u00a0\u00bb<\/em> Cet \u00e9v\u00e9nement entend souligner comment le Concile de Nic\u00e9e a \u00e9t\u00e9 pour l&rsquo;\u00c9glise le d\u00e9but d\u2019un puissant t\u00e9moignage commun avec l\u2019\u00e9lan d&rsquo;une nouvelle Pentec\u00f4te qui \u00e9claire toute la r\u00e9alit\u00e9 et donne la force de lutter pour la fraternit\u00e9 universelle.  D&rsquo;o\u00f9 un appel pressant \u00e0 toutes les \u00c9glises, en Orient et en Occident, pour qu&rsquo;elles fassent un nouvel effort afin de convenir d&rsquo;une date commune pour P\u00e2ques, une fa\u00e7on de d\u00e9buter ensemble un t\u00e9moignage commun devant le monde.  T\u00e9moigner en fait de l&rsquo;unit\u00e9 et de la reconnaissance mutuelle des traditions riches et distinctes de l&rsquo;unique foi serait une contribution d\u00e9cisive \u00e0 la recherche ardue et dramatique de la paix et \u00e0 la r\u00e9conciliation difficile entre une coexistence mondiale heureuse de l&rsquo;humanit\u00e9 et le droit \u00e0 l&rsquo;identit\u00e9 propre de chaque peuple.  Ce s\u00e9minaire en ligne, pr\u00e9par\u00e9 par des sp\u00e9cialistes de diff\u00e9rentes \u00c9glises, vise \u00e0 diffuser, dans un langage accessible \u00e0 tous, l&rsquo;\u00e9norme h\u00e9ritage du premier Conseil \u0153cum\u00e9nique de l&rsquo;\u00c9glise : un h\u00e9ritage qui, assum\u00e9 et v\u00e9cu, a le pouvoir de nous interpeller dans les temps de souffrance que nous vivons.  Les discours d&rsquo;ouverture seront prononc\u00e9s par S.S. le Patriarche \u0153cum\u00e9nique Bartholom\u00e9e, S.E. le cardinal Kurt Koch, Pr\u00e9sident du Conseil \u0153cum\u00e9nique des \u00c9glises pour l&rsquo;Unit\u00e9 des chr\u00e9tiens, le Dr Jerry Pillay, Secr\u00e9taire G\u00e9n\u00e9ral du Conseil \u0153cum\u00e9nique des \u00c9glises, et le Dr Thomas Schirrmacher, Secr\u00e9taire G\u00e9n\u00e9ral de l&rsquo;Alliance \u00c9vang\u00e9lique Mondiale. Des repr\u00e9sentants de diverses \u00c9glises y participeront \u00e9galement.  Il se d\u00e9roulera de 13h30 \u00e0 16h30. Une traduction simultan\u00e9e sera disponible en allemand, anglais, arabe, espagnol, fran\u00e7ais et italien.  Pour recevoir le lien, inscrivez-vous en cliquant ici <a href=\"https:\/\/forms.gle\/RK8FerrnXMftqHKA9\">questo formulario<\/a>  <strong><a href=\"https:\/\/www.focolare.org\/wp-content\/uploads\/2024\/02\/20240208-WEBINAR-FR.pdf\" target=\"_blank\" rel=\"noopener\">T\u00e9l\u00e9charger le programme complet<\/a>\u00a0<\/strong><\/p>\n","protected":false},"excerpt":{"rendered":"<p>Le jeudi 8 f\u00e9vrier 2024, un s\u00e9minaire en ligne offrira des perspectives et des r\u00e9flexions sur le Concile de Nic\u00e9e et son h\u00e9ritage toujours vivant pour les chr\u00e9tiens d&rsquo;aujourd&rsquo;hui.<\/p>\n","protected":false},"author":33,"featured_media":0,"comment_status":"open","ping_status":"open","sticky":false,"template":"","format":"standard","meta":{"give_campaign_id":0,"_seopress_robots_primary_cat":"","_seopress_titles_title":"","_seopress_titles_desc":"","_seopress_robots_index":"","_et_pb_use_builder":"","_et_pb_old_content":"","_et_gb_content_width":"","footnotes":""},"categories":[47],"tags":[],"class_list":["post-315630","post","type-post","status-publish","format-standard","hentry","category-non-classifiee"],"_links":{"self":[{"href":"https:\/\/www.focolare.org\/fr\/wp-json\/wp\/v2\/posts\/315630","targetHints":{"allow":["GET"]}}],"collection":[{"href":"https:\/\/www.focolare.org\/fr\/wp-json\/wp\/v2\/posts"}],"about":[{"href":"https:\/\/www.focolare.org\/fr\/wp-json\/wp\/v2\/types\/post"}],"author":[{"embeddable":true,"href":"https:\/\/www.focolare.org\/fr\/wp-json\/wp\/v2\/users\/33"}],"replies":[{"embeddable":true,"href":"https:\/\/www.focolare.org\/fr\/wp-json\/wp\/v2\/comments?post=315630"}],"version-history":[{"count":0,"href":"https:\/\/www.focolare.org\/fr\/wp-json\/wp\/v2\/posts\/315630\/revisions"}],"wp:attachment":[{"href":"https:\/\/www.focolare.org\/fr\/wp-json\/wp\/v2\/media?parent=315630"}],"wp:term":[{"taxonomy":"category","embeddable":true,"href":"https:\/\/www.focolare.org\/fr\/wp-json\/wp\/v2\/categories?post=315630"},{"taxonomy":"post_tag","embeddable":true,"href":"https:\/\/www.focolare.org\/fr\/wp-json\/wp\/v2\/tags?post=315630"}],"curies":[{"name":"wp","href":"https:\/\/api.w.org\/{rel}","templated":true}]}}