{"id":315636,"date":"2024-02-15T12:00:03","date_gmt":"2024-02-15T11:00:03","guid":{"rendered":"https:\/\/www.focolare.org\/concours-2023-2024-une-ville-ne-suffit-pas-chiara-lubich-citoyenne-du-monde\/"},"modified":"2024-05-15T21:04:30","modified_gmt":"2024-05-15T19:04:30","slug":"concours-2023-2024-une-ville-ne-suffit-pas-chiara-lubich-citoyenne-du-monde","status":"publish","type":"post","link":"https:\/\/www.focolare.org\/fr\/concours-2023-2024-une-ville-ne-suffit-pas-chiara-lubich-citoyenne-du-monde\/","title":{"rendered":"Concours 2023-2024 : \u00ab\u00a0\u00bbUne ville ne suffit pas\u00a0\u00bb, Chiara Lubich, citoyenne du monde.\u00a0\u00bb"},"content":{"rendered":"<p><em>Le Centre Chiara Lubich, en collaboration avec le Minist\u00e8re Italien de l&rsquo;\u00c9ducation et du M\u00e9rite, la Fondation Mus\u00e9e Historique du Trentin ainsi que New Humanity, annoncent la quatri\u00e8me \u00e9dition du concours national \u00ab\u00a0\u00ab\u00a0Une ville ne suffit pas\u00a0\u00bb, Chiara Lubich, citoyenne du monde\u00a0\u00bb. Les participants peuvent soumettre leurs \u0153uvres jusqu&rsquo;au 22 avril 2024. <\/em>  Une occasion de r\u00e9flexion et d&rsquo;approfondissement dans le domaine des valeurs qui sous-tendent les relations humaines, l&rsquo;acceptation de la diversit\u00e9, le d\u00e9veloppement des nouvelles technologies et dans le domaine des \u00e9tudes. Tel est l&rsquo;objectif du concours national <em>\u00ab\u00a0\u00ab\u00a0Une ville ne suffit pas\u00a0\u00bb, Chiara Lubich, citoyenne du monde\u00a0\u00bb.<\/em>  Promu par le Centre Chiara Lubich en collaboration avec le Minist\u00e8re de l&rsquo;\u00c9ducation et du M\u00e9rite, la Fondazione Museo Storico del Trentino (<em>Fondation Mus\u00e9e Historique du Trentin)<\/em> et New Humanity du mouvement des Focolari, le concours en est \u00e0 sa quatri\u00e8me \u00e9dition et vise une fois de plus \u00e0 souligner la valeur du message de Chiara Lubich (Trente 1920 &#8211; Rocca di Papa 2008), fondatrice du mouvement des Focolari.  Consid\u00e9r\u00e9e comme l&rsquo;une des personnalit\u00e9s spirituelles et des penseurs les plus significatifs du XXe si\u00e8cle, promotrice d&rsquo;une culture de l&rsquo;unit\u00e9 et de la fraternit\u00e9 entre les peuples, Chiara Lubich a anticip\u00e9 de nombreux th\u00e8mes qui, aujourd&rsquo;hui, attirent l&rsquo;attention du monde entier et c&rsquo;est pourquoi le concours qui lui est consacr\u00e9 se veut une voie que les nouvelles g\u00e9n\u00e9rations pourront suivre avec cr\u00e9ativit\u00e9 et engagement, en s&rsquo;impr\u00e9gnant de sa pens\u00e9e et de son exp\u00e9rience de vie.  Le concours, qui a vu de nombreux participants lors des \u00e9ditions pr\u00e9c\u00e9dentes, est ouvert \u00e0 tous les \u00e9l\u00e8ves, gar\u00e7ons et filles, des \u00e9coles primaires et secondaires, y compris ceux qui fr\u00e9quentent les instituts italiens \u00e0 l&rsquo;\u00e9tranger, qui peuvent participer en toute autonomie d\u2019expression \u00e0 cette initiative, individuellement, en groupe ou par classe.  Il sera possible de participer gr\u00e2ce \u00e0 la r\u00e9alisation d&rsquo;une \u0153uvre \u00e9crite, graphique, plastique ou multim\u00e9dia et en choisissant l&rsquo;un des domaines th\u00e9matiques d\u00e9crits dans l&rsquo;appel \u00e0 candidatures, des propositions qui visent \u00e0 mettre en \u00e9vidence la coh\u00e9rence entre la pens\u00e9e et l&rsquo;action de Chiara Lubich, depuis la seconde moiti\u00e9 du XXe si\u00e8cle, et les points port\u00e9s \u00e0 l&rsquo;attention du monde par l&rsquo;Agenda 2030 de l&rsquo;ONU pour le d\u00e9veloppement durable. Les r\u00e9alisations doivent \u00eatre envoy\u00e9es avant le 22 avril 2024 selon les indications et les laur\u00e9ats seront r\u00e9compens\u00e9s lors d&rsquo;une c\u00e9r\u00e9monie officielle qui se tiendra le 17 mai 2024, de 10h30 \u00e0 12h30, dans l&rsquo;Auditorium du si\u00e8ge du Centre International du Mouvement des Focolari.  Pour plus d&rsquo;informations, pour t\u00e9l\u00e9charger l&rsquo;appel \u00e0 candidatures et pour conna\u00eetre les exigences et les proc\u00e9dures en d\u00e9tail, veuillez consulter la page du Minist\u00e8re de l&rsquo;\u00c9ducation (<a href=\"https:\/\/www.miur.gov.it\/web\/guest\/-\/concorso-nazionale-una-citta-non-basta-chiara-lubich-cittadina-del-mondo-quarta-edizione-anno-scolastico-2023-2024\">https:\/\/www.miur.gov.it\/web\/guest\/-\/concorso-nazionale-una-citta-non-basta-chiara-lubich-cittadina-del-mondo-quarta-edizione-anno-scolastico-2023-2024<\/a>) ou <a href=\"http:\/\/www.chiaralubich.org\">www.chiaralubich.org<\/a>. <\/p>\n<p style=\"text-align: right;\"><em>\u00a0 \u00a0 \u00a0 \u00a0 \u00a0 \u00a0 \u00a0 \u00a0 \u00a0 \u00a0 \u00a0 \u00a0 \u00a0 \u00a0 \u00a0 \u00a0 \u00a0 \u00a0 \u00a0 \u00a0 \u00a0 \u00a0 \u00a0 \u00a0 \u00a0 \u00a0 \u00a0 \u00a0 \u00a0 \u00a0 \u00a0 \u00a0 \u00a0 \u00a0 \u00a0 \u00a0 \u00a0 \u00a0 \u00a0 \u00a0 \u00a0 \u00a0 \u00a0 \u00a0 \u00a0 \u00a0 \u00a0 \u00a0 \u00a0 \u00a0 \u00a0 \u00a0 \u00a0 \u00a0 \u00a0 \u00a0 Maria Grazia Berretta<\/em><\/p>\n","protected":false},"excerpt":{"rendered":"<p>Le Centre Chiara Lubich, en collaboration avec le Minist\u00e8re Italien de l&rsquo;\u00c9ducation et du M\u00e9rite, la Fondation Mus\u00e9e Historique du Trentin ainsi que New Humanity, annoncent la quatri\u00e8me \u00e9dition du concours national \u00ab\u00a0\u00ab\u00a0Une ville ne suffit pas\u00a0\u00bb, Chiara Lubich, citoyenne du monde\u00a0\u00bb. Les participants peuvent soumettre leurs \u0153uvres jusqu&rsquo;au 22 avril 2024.<\/p>\n","protected":false},"author":33,"featured_media":0,"comment_status":"open","ping_status":"open","sticky":false,"template":"","format":"standard","meta":{"give_campaign_id":0,"_seopress_robots_primary_cat":"","_seopress_titles_title":"","_seopress_titles_desc":"","_seopress_robots_index":"","_et_pb_use_builder":"","_et_pb_old_content":"","_et_gb_content_width":"","footnotes":""},"categories":[47],"tags":[],"class_list":["post-315636","post","type-post","status-publish","format-standard","hentry","category-non-classifiee"],"_links":{"self":[{"href":"https:\/\/www.focolare.org\/fr\/wp-json\/wp\/v2\/posts\/315636","targetHints":{"allow":["GET"]}}],"collection":[{"href":"https:\/\/www.focolare.org\/fr\/wp-json\/wp\/v2\/posts"}],"about":[{"href":"https:\/\/www.focolare.org\/fr\/wp-json\/wp\/v2\/types\/post"}],"author":[{"embeddable":true,"href":"https:\/\/www.focolare.org\/fr\/wp-json\/wp\/v2\/users\/33"}],"replies":[{"embeddable":true,"href":"https:\/\/www.focolare.org\/fr\/wp-json\/wp\/v2\/comments?post=315636"}],"version-history":[{"count":0,"href":"https:\/\/www.focolare.org\/fr\/wp-json\/wp\/v2\/posts\/315636\/revisions"}],"wp:attachment":[{"href":"https:\/\/www.focolare.org\/fr\/wp-json\/wp\/v2\/media?parent=315636"}],"wp:term":[{"taxonomy":"category","embeddable":true,"href":"https:\/\/www.focolare.org\/fr\/wp-json\/wp\/v2\/categories?post=315636"},{"taxonomy":"post_tag","embeddable":true,"href":"https:\/\/www.focolare.org\/fr\/wp-json\/wp\/v2\/tags?post=315636"}],"curies":[{"name":"wp","href":"https:\/\/api.w.org\/{rel}","templated":true}]}}