{"id":315640,"date":"2024-02-20T03:00:00","date_gmt":"2024-02-20T02:00:00","guid":{"rendered":"https:\/\/www.focolare.org\/don-cosimino-fronzuto-la-paroisse-et-lengagement-dans-la-ville\/"},"modified":"2024-05-15T21:04:31","modified_gmt":"2024-05-15T19:04:31","slug":"don-cosimino-fronzuto-la-paroisse-et-lengagement-dans-la-ville","status":"publish","type":"post","link":"https:\/\/www.focolare.org\/fr\/don-cosimino-fronzuto-la-paroisse-et-lengagement-dans-la-ville\/","title":{"rendered":"Don Cosimino Fronzuto : la paroisse et l&rsquo;engagement dans la ville"},"content":{"rendered":"<p><em>Un pr\u00eatre de Gaeta (Italie) ne s&rsquo;est pas seulement d\u00e9pens\u00e9 pour ses paroissiens, mais il les a aussi impliqu\u00e9s en faveur de la ville.<\/em>  <img alt=\"\" alt=\"\" loading=\"lazy\" decoding=\"async\" class=\"alignright wp-image-261238\" src=\"https:\/\/www.focolare.org\/wp-content\/uploads\/2024\/02\/don-Cosimino-Fronzuto-696x387.jpg-e1708378642739-311x340.webp\" alt=\"\" width=\"290\" height=\"317\" \/>Don Cosimino Fronzuto \u00e9tait un pr\u00eatre italien n\u00e9 \u00e0 Gaeta en 1939. Il est mort \u00e0 l&rsquo;\u00e2ge de 49 ans, en 1989, apr\u00e8s une vie intense pass\u00e9e au service de son prochain, des n\u00e9cessiteux et de la soci\u00e9t\u00e9 de sa ville. Il vivait pr\u00e8s de la mer, mais n&rsquo;aimait pas se baigner et avait peur des profondeurs. Un jour, enfant, il voulut surmonter cette difficult\u00e9 et plongea\u00a0; pour prouver qu&rsquo;il avait touch\u00e9 le fond, il mit sa main dans le sable et ramassa, \u00e0 sa grande surprise, un petit crucifix en fer, qu&rsquo;il porta ensuite toute sa vie. En 1963, il a \u00e9t\u00e9 ordonn\u00e9 pr\u00eatre et a commenc\u00e9 son service en tant que vice-recteur du S\u00e9minaire dioc\u00e9sain local. Il d\u00e9couvra la spiritualit\u00e9 de l&rsquo;unit\u00e9 et adh\u00e8ra au mouvement des Focolari.  En 1967, il est nomm\u00e9 cur\u00e9 de la paroisse Saint-Paul-Ap\u00f4tre de Gaeta, poste qu&rsquo;il occupera jusqu&rsquo;\u00e0 la fin de sa vie. Au cours de ces ann\u00e9es, le Mouvement Paroissial s&rsquo;est d\u00e9velopp\u00e9, expression du mouvement des Focolari dans l&rsquo;\u00c9glise locale. Il porta beaucoup de fruits, en particulier parmi les jeunes qui, aujourd&rsquo;hui, sont engag\u00e9s dans la ville comme pr\u00eatres, dans la famille, dans la vie politique et dans diverses sph\u00e8res civiles et professionnelles, dans les diff\u00e9rentes r\u00e9alit\u00e9s du mouvement des Focolari et qui continuent \u00e0 \u00eatre tr\u00e8s actifs dans la vie paroissiale. Au cours de son minist\u00e8re pastoral dans la paroisse, avec un style plein d&rsquo;amour et d&rsquo;attention \u00e0 tous, en particulier aux plus faibles (m\u00e8res c\u00e9libataires, anciens d\u00e9tenus, toxicomanes, expuls\u00e9s, marginaux), il cr\u00e9a la communaut\u00e9 optant simplement, mais avec force et d\u00e9cision, de vivre l&rsquo;\u00c9vangile dans toutes les situations et dans les r\u00e9alit\u00e9s les plus diverses. Il n\u2019h\u00e9sitait pas \u00e0 prendre position, m\u00eame face aux nombreuses r\u00e9alit\u00e9s sociales \u00e9loign\u00e9es d&rsquo;une dimension vraiment humaine et chr\u00e9tienne.  <img alt=\"\" alt=\"\" loading=\"lazy\" decoding=\"async\" class=\"alignleft wp-image-261240\" src=\"https:\/\/www.focolare.org\/wp-content\/uploads\/2024\/02\/2024-01-21-Gaeta-Fronzuto-e1708378813525-292x340.jpg\" alt=\"\" width=\"290\" height=\"338\" \/>Il \u00e9crivit dans son journal : \u00ab\u00a0<em>Nous avons remarqu\u00e9 pendant les heures de cat\u00e9chisme des enfants plut\u00f4t mal en point, mal nourris et je me suis souvenu que dans cette m\u00eame famille, les enfants plus \u00e2g\u00e9s n&rsquo;avaient re\u00e7u ni Confirmation, ni Communion, vraiment rien. Nous \u00e9tions vers la mi-mars et je me suis dit : si nous ne les prenons pas maintenant, nous ne les prendrons plus jamais. Je suis donc all\u00e9 chez eux et je me suis rendu compte (il \u00e9tait 12h30) qu&rsquo;ils \u00e9taient en train de cuire des p\u00e2tes et qu&rsquo;il n&rsquo;y aurait rien d&rsquo;autre \u00e0 manger. Je me suis rendu compte que, bien que le chef de famille soit un petit entrepreneur, une vitre manquait \u00e0 la porte qui donnait sur le balcon et que plusieurs des dix enfants dormaient dans cette pi\u00e8ce. J&rsquo;ai tout de suite commenc\u00e9 \u00e0 parler du cat\u00e9chisme mais j&rsquo;ai aussi essay\u00e9 de regarder autour de moi et de me rendre compte de la situation. <\/em>  <em>Le soir, apr\u00e8s l&rsquo;adoration, j&rsquo;ai parl\u00e9 de cette situation \u00e0 la communaut\u00e9. Au fur et \u00e0 mesure que j&rsquo;en prenais conscience, j&rsquo;ai rassembl\u00e9 toutes les donn\u00e9es : instabilit\u00e9 \u00e9conomique, avis de saisie, probl\u00e8mes de sant\u00e9 des enfants. Puis nous avons pass\u00e9 la matin\u00e9e \u00e0 ne penser qu&rsquo;\u00e0 cette famille, \u00e0 voir sous diff\u00e9rents aspects comment les choses se passaient, \u00e0 partager le travail, \u00e0 assurer la nourriture et, en m\u00eame temps, \u00e0 retenir les a\u00een\u00e9s pour qu&rsquo;ils re\u00e7oivent une vraie cat\u00e9ch\u00e8se.<\/em>  <em>Un soir, je me suis rendu compte que je devais faire une proposition. En moi-m\u00eame, j&rsquo;avais d\u00e9cid\u00e9, mais que valait ma d\u00e9cision en tant que cur\u00e9 ? Elle pouvait \u00eatre bonne mais je voulais que la d\u00e9cision vienne de Dieu et qu&rsquo;elle soit donc choisie en unit\u00e9 avec la communaut\u00e9, ce qui me donnerait la garantie que c&rsquo;\u00e9tait Dieu lui-m\u00eame qui faisait les choses. J&rsquo;ai donc propos\u00e9 de mettre \u00e0 la disposition de cette famille les quelque deux millions de lires que nous avions dans la paroisse pour r\u00e9soudre le cas jusqu&rsquo;\u00e0 ce qu&rsquo;il puisse reprendre le travail. Je peux dire que d\u00e8s le premier instant, tout le monde a \u00e9t\u00e9 favorable. C&rsquo;\u00e9tait le d\u00e9but, puis cette situation a connu plusieurs d\u00e9veloppements. Pas plus tard qu&rsquo;hier, j&rsquo;ai assist\u00e9 \u00e0 une r\u00e9union de copropri\u00e9t\u00e9 o\u00f9 l&rsquo;on avait d\u00e9cid\u00e9 de retirer au p\u00e8re le travail qu&rsquo;il avait commenc\u00e9 et qu&rsquo;il n&rsquo;avait pas termin\u00e9. J&rsquo;ai tout fait pour qu&rsquo;il puisse le terminer et obtenir de l&rsquo;argent. Le chemin sera encore long, nous sommes avec lui depuis plus d&rsquo;un mois, pr\u00e8s de lui, et il m\u2019a dit : \u00ab\u00a0Ma volont\u00e9 de vivre revient, ma volont\u00e9 de vivre revient\u00a0\u00bb. Mais ce n\u2019est pas seulement moi qui suis intervenu\u00a0 car l&rsquo;intervention a \u00e9t\u00e9 un peu collective\u00a0; beaucoup de personnes vont continuellement apporter tout ce qui est n\u00e9cessaire et nous ne sommes pas tellement pr\u00e9occup\u00e9s par le manque de choses, mais nous sommes pr\u00e9occup\u00e9s de ne pas faire manquer l&rsquo;amour, parce que ces personnes ont clairement \u00e9t\u00e9 mal aim\u00e9es, elles ont \u00e9t\u00e9 bafou\u00e9es dans certains droits (&#8230;)\u00a0\u00bb.<\/em>  <img alt=\"\" alt=\"\" loading=\"lazy\" decoding=\"async\" class=\"alignleft size-medium wp-image-261244\" src=\"https:\/\/www.focolare.org\/wp-content\/uploads\/2024\/02\/Imagen-de-WhatsApp-2024-02-19-a-las-22.47.24_62c63667-2-1138x340.jpg\" alt=\"\" width=\"1138\" height=\"340\" \/>Le dimanche 21 janvier 2024, l&rsquo;archev\u00eaque de Gaeta, Monseigneur Luigi Vari, a ouvert la cause de b\u00e9atification de Don Cosimino Fronzuto dans une cath\u00e9drale remplie de personnalit\u00e9s civiles et religieuses et de fid\u00e8les.<em> <\/em> <\/p>\n<p style=\"text-align: right;\"><em>Carlos Mana <\/em><\/p>\n","protected":false},"excerpt":{"rendered":"<p>Un pr\u00eatre de Gaeta (Italie) ne s&rsquo;est pas seulement d\u00e9pens\u00e9 pour ses paroissiens, mais il les a aussi impliqu\u00e9s en faveur de la ville.<\/p>\n","protected":false},"author":34,"featured_media":0,"comment_status":"open","ping_status":"open","sticky":false,"template":"","format":"standard","meta":{"give_campaign_id":0,"_seopress_robots_primary_cat":"","_seopress_titles_title":"","_seopress_titles_desc":"","_seopress_robots_index":"","_et_pb_use_builder":"","_et_pb_old_content":"","_et_gb_content_width":"","footnotes":""},"categories":[47],"tags":[],"class_list":["post-315640","post","type-post","status-publish","format-standard","hentry","category-non-classifiee"],"_links":{"self":[{"href":"https:\/\/www.focolare.org\/fr\/wp-json\/wp\/v2\/posts\/315640","targetHints":{"allow":["GET"]}}],"collection":[{"href":"https:\/\/www.focolare.org\/fr\/wp-json\/wp\/v2\/posts"}],"about":[{"href":"https:\/\/www.focolare.org\/fr\/wp-json\/wp\/v2\/types\/post"}],"author":[{"embeddable":true,"href":"https:\/\/www.focolare.org\/fr\/wp-json\/wp\/v2\/users\/34"}],"replies":[{"embeddable":true,"href":"https:\/\/www.focolare.org\/fr\/wp-json\/wp\/v2\/comments?post=315640"}],"version-history":[{"count":0,"href":"https:\/\/www.focolare.org\/fr\/wp-json\/wp\/v2\/posts\/315640\/revisions"}],"wp:attachment":[{"href":"https:\/\/www.focolare.org\/fr\/wp-json\/wp\/v2\/media?parent=315640"}],"wp:term":[{"taxonomy":"category","embeddable":true,"href":"https:\/\/www.focolare.org\/fr\/wp-json\/wp\/v2\/categories?post=315640"},{"taxonomy":"post_tag","embeddable":true,"href":"https:\/\/www.focolare.org\/fr\/wp-json\/wp\/v2\/tags?post=315640"}],"curies":[{"name":"wp","href":"https:\/\/api.w.org\/{rel}","templated":true}]}}