{"id":315648,"date":"2024-03-04T05:23:21","date_gmt":"2024-03-04T04:23:21","guid":{"rendered":"https:\/\/www.focolare.org\/les-jeunes-et-la-traite-des-etres-humains\/"},"modified":"2024-05-15T21:04:34","modified_gmt":"2024-05-15T19:04:34","slug":"les-jeunes-et-la-traite-des-etres-humains","status":"publish","type":"post","link":"https:\/\/www.focolare.org\/fr\/les-jeunes-et-la-traite-des-etres-humains\/","title":{"rendered":"Les jeunes et la traite des \u00eatres humains"},"content":{"rendered":"<p><em>Du 2 au 8 f\u00e9vrier 2024, une semaine de mobilisation et de pri\u00e8re contre la traite des \u00eatres humains. \u00c0 Rome (Italie), une rencontre de 50 jeunes de tous les continents, dont des gar\u00e7ons et des filles du mouvement des Focolari. <\/em>  La traite des \u00eatres humains est un processus par lequel des personnes sont forc\u00e9es ou attir\u00e9es par de fausses perspectives, recrut\u00e9es, transf\u00e9r\u00e9es et forc\u00e9es \u00e0 travailler et \u00e0 vivre dans des conditions d&rsquo;exploitation ou d&rsquo;abus. Il s&rsquo;agit d&rsquo;un ph\u00e9nom\u00e8ne en constante et dramatique \u00e9volution, comme le soulignent les r\u00e9cents rapports des Nations Unies <a href=\"https:\/\/www.unodc.org\/documents\/data-and-analysis\/tip\/2021\/GLOTiP_2020_15jan_web.pdf\">rapporti delle Nazioni Unite<\/a>  <img alt=\"\" alt=\"\" loading=\"lazy\" decoding=\"async\" class=\"alignright wp-image-261499\" src=\"https:\/\/www.focolare.org\/wp-content\/uploads\/2024\/03\/Gen-Giornata-Tratta-453x340.jpeg\" alt=\"\" width=\"320\" height=\"240\" \/>La Semaine de pri\u00e8re contre la traite des personnes s&rsquo;est d\u00e9roul\u00e9e du 2 au 8 f\u00e9vrier 2024. Instaur\u00e9e par le <strong>pape Fran\u00e7ois en 2015<\/strong>, la semaine inclut toujours le 8 f\u00e9vrier, f\u00eate de <strong>sainte Bakhita<\/strong>, une religieuse soudanaise qui, jeune fille, a \u00e9t\u00e9 r\u00e9duite en esclavage, vendue et abus\u00e9e, une victime de la traite et un symbole universel de la lutte contre ce fl\u00e9au de l&rsquo;humanit\u00e9. Le th\u00e8me de cette ann\u00e9e \u00e9tait <em>\u00ab\u00a0Marcher pour la dignit\u00e9. \u00c9couter, r\u00eaver et agir.\u00a0\u00bb<\/em>  Des milliers de personnes du monde entier se sont r\u00e9unies pour r\u00e9fl\u00e9chir, prier et partager leur exp\u00e9rience d&rsquo;engagement contre ce ph\u00e9nom\u00e8ne mondial.  \u00c0 Rome (Italie), de nombreux jeunes de diff\u00e9rents pays &#8211; Kenya, Japon, \u00c9tats-Unis, Tha\u00eflande, Albanie, Canada, Mexique, France, Italie &#8211; ont particip\u00e9 \u00e0 des conf\u00e9rences, \u00e0 des flash mobs, \u00e0 des moments de pri\u00e8re sur ce th\u00e8me, \u00e0 l&rsquo;Ang\u00e9lus et \u00e0 l&rsquo;audience avec le pape Fran\u00e7ois qui qui s&rsquo;est d\u00e9roul\u00e9e pendant la semaine. Parmi eux se trouvaient \u00e9galement des Gen2, des jeunes du mouvement des Focolari.  <strong>Prisque Dipinda<\/strong>, de la R\u00e9publique d\u00e9mocratique du Congo, raconte : \u00ab\u00a0L&rsquo;\u00e9v\u00e9nement le plus marquant pour moi a \u00e9t\u00e9 la <em>veill\u00e9e de pri\u00e8re<\/em> dans l&rsquo;\u00e9glise Santa Maria in Trastevere, au c\u0153ur de Rome. C&rsquo;\u00e9tait un moment important <img alt=\"\" alt=\"\" loading=\"lazy\" decoding=\"async\" class=\"alignleft size-medium wp-image-261496\" src=\"https:\/\/www.focolare.org\/wp-content\/uploads\/2024\/03\/Giornata-tratta-condivisione-340x340.jpeg\" alt=\"\" width=\"340\" height=\"340\" \/>devant Dieu, l&rsquo;\u00e9motion de le partager avec d&rsquo;autres jeunes qui portent le d\u00e9fi de la traite des \u00eatres humains dans leur c\u0153ur. Mais aussi la responsabilit\u00e9 de faire partie des protagonistes de la lutte contre ce ph\u00e9nom\u00e8ne. Je pense que pour les jeunes qui ont particip\u00e9, cela a \u00e9galement servi \u00e0 leur faire prendre conscience que tant de personnes dans le monde souffrent, pour diverses raisons : \u00e9conomiques, politiques, religieuses. C&rsquo;\u00e9tait l&rsquo;occasion de r\u00e9fl\u00e9chir et de commencer ensemble \u00e0 planifier quelque chose contre la souffrance.\u00a0\u00bb  Parmi les Gen2 pr\u00e9sents, <strong>Michel Haroun<\/strong>, franco-libanais, et <strong>Miriana Dante<\/strong>, italienne.  \u00ab\u00a0Je n&rsquo;ai jamais eu d&rsquo;engagement particulier contre la traite des \u00eatres humains &#8211; explique Michel- mais j&rsquo;ai une certaine exp\u00e9rience de l&rsquo;aide aux migrants qui arrivent dans ma ville ou aux fronti\u00e8res entre les \u00c9tats. Par exemple, il y a quelques ann\u00e9es, j&rsquo;\u00e9tais \u00e0 Trieste (Italie), le point d&rsquo;arriv\u00e9e de la route des Balkans par laquelle les migrants de nombreuses r\u00e9gions du monde d\u00e9vast\u00e9es par les conflits arrivent en Italie. Mais je n&rsquo;\u00e9tais pas suffisamment conscient du fait que les r\u00e9fugi\u00e9s, avant d&rsquo;arriver en Europe &#8211; mais c&rsquo;est \u00e9galement vrai pour l&rsquo;Am\u00e9rique latine, les \u00c9tats-Unis ou d&rsquo;autres parties du monde &#8211; subissent des violences et des abus de mani\u00e8re organis\u00e9e.  <img alt=\"\" alt=\"\" loading=\"lazy\" decoding=\"async\" class=\"alignright wp-image-261498\" src=\"https:\/\/www.focolare.org\/wp-content\/uploads\/2024\/03\/Veglia-Giornata-Tratta-509x340.jpeg\" alt=\"\" width=\"320\" height=\"214\" \/>Ces journ\u00e9es pass\u00e9es \u00e0 Rome avec d&rsquo;autres jeunes de diff\u00e9rents continents, de diff\u00e9rentes langues, de diff\u00e9rentes cultures, appartenant \u00e0 diff\u00e9rentes \u00e9glises chr\u00e9tiennes, ont \u00e9t\u00e9 une riche exp\u00e9rience de relations personnelles qui, je l&rsquo;esp\u00e8re, dureront, parce qu&rsquo;\u00e0 la fin nous affronterons (mais nous affrontons d\u00e9j\u00e0) le monde ensemble, en tant que membres de la m\u00eame g\u00e9n\u00e9ration.\u00a0\u00bb  \u00ab\u00a0J&rsquo;ai \u00e9t\u00e9 \u00e9mue de d\u00e9couvrir l&rsquo;histoire de Sainte Bakhita &#8211; poursuit Miriana &#8211; qui a \u00e9t\u00e9 esclave, vendue. Par la suite, elle a courageusement fait face \u00e0 tout ce qu&rsquo;elle avait v\u00e9cu, en envoyant des messages contre la traite des \u00eatres humains. Je me demandais o\u00f9 elle puisait toute cette force. Cela m&rsquo;a fait beaucoup de bien de rencontrer autant de mes pairs qui s&rsquo;engagent sur ces questions. Il ne s&rsquo;agit pas d&rsquo;adultes ayant une longue exp\u00e9rience derri\u00e8re eux, mais de jeunes de mon \u00e2ge, originaires du monde entier, qui ont des r\u00eaves et l&rsquo;espoir d&rsquo;un avenir meilleur. Nous n&rsquo;avons pas ressenti les diff\u00e9rences culturelles, car nous \u00e9tions li\u00e9s par notre objectif commun : lutter contre la traite des \u00eatres humains.\u00a0\u00bb <\/p>\n<p style=\"text-align: right;\"><em>\u00a0\u00a0\u00a0\u00a0\u00a0\u00a0\u00a0\u00a0\u00a0\u00a0\u00a0\u00a0\u00a0\u00a0\u00a0\u00a0\u00a0\u00a0\u00a0\u00a0\u00a0\u00a0\u00a0\u00a0\u00a0\u00a0\u00a0\u00a0\u00a0\u00a0\u00a0\u00a0\u00a0\u00a0\u00a0\u00a0\u00a0\u00a0\u00a0\u00a0\u00a0\u00a0\u00a0\u00a0\u00a0\u00a0\u00a0\u00a0\u00a0\u00a0\u00a0\u00a0\u00a0\u00a0\u00a0\u00a0\u00a0\u00a0\u00a0\u00a0\u00a0\u00a0\u00a0\u00a0\u00a0\u00a0\u00a0\u00a0\u00a0\u00a0\u00a0\u00a0\u00a0\u00a0\u00a0\u00a0\u00a0\u00a0\u00a0\u00a0\u00a0\u00a0\u00a0\u00a0\u00a0\u00a0\u00a0\u00a0\u00a0\u00a0\u00a0\u00a0\u00a0\u00a0\u00a0\u00a0 Lorenzo Russo<\/em><\/p>\n","protected":false},"excerpt":{"rendered":"<p>Du 2 au 8 f\u00e9vrier 2024, une semaine de mobilisation et de pri\u00e8re contre la traite des \u00eatres humains. \u00c0 Rome (Italie), une rencontre de 50 jeunes de tous les continents, dont des gar\u00e7ons et des filles du mouvement des Focolari.<\/p>\n","protected":false},"author":34,"featured_media":0,"comment_status":"open","ping_status":"open","sticky":false,"template":"","format":"standard","meta":{"give_campaign_id":0,"_seopress_robots_primary_cat":"","_seopress_titles_title":"","_seopress_titles_desc":"","_seopress_robots_index":"","_et_pb_use_builder":"","_et_pb_old_content":"","_et_gb_content_width":"","footnotes":""},"categories":[47],"tags":[],"class_list":["post-315648","post","type-post","status-publish","format-standard","hentry","category-non-classifiee"],"_links":{"self":[{"href":"https:\/\/www.focolare.org\/fr\/wp-json\/wp\/v2\/posts\/315648","targetHints":{"allow":["GET"]}}],"collection":[{"href":"https:\/\/www.focolare.org\/fr\/wp-json\/wp\/v2\/posts"}],"about":[{"href":"https:\/\/www.focolare.org\/fr\/wp-json\/wp\/v2\/types\/post"}],"author":[{"embeddable":true,"href":"https:\/\/www.focolare.org\/fr\/wp-json\/wp\/v2\/users\/34"}],"replies":[{"embeddable":true,"href":"https:\/\/www.focolare.org\/fr\/wp-json\/wp\/v2\/comments?post=315648"}],"version-history":[{"count":0,"href":"https:\/\/www.focolare.org\/fr\/wp-json\/wp\/v2\/posts\/315648\/revisions"}],"wp:attachment":[{"href":"https:\/\/www.focolare.org\/fr\/wp-json\/wp\/v2\/media?parent=315648"}],"wp:term":[{"taxonomy":"category","embeddable":true,"href":"https:\/\/www.focolare.org\/fr\/wp-json\/wp\/v2\/categories?post=315648"},{"taxonomy":"post_tag","embeddable":true,"href":"https:\/\/www.focolare.org\/fr\/wp-json\/wp\/v2\/tags?post=315648"}],"curies":[{"name":"wp","href":"https:\/\/api.w.org\/{rel}","templated":true}]}}