{"id":315682,"date":"2024-04-19T13:00:06","date_gmt":"2024-04-19T11:00:06","guid":{"rendered":"https:\/\/www.focolare.org\/une-nouvelle-annee-academique-pour-linstitut-universitaire-sophia\/"},"modified":"2024-05-15T21:04:40","modified_gmt":"2024-05-15T19:04:40","slug":"une-nouvelle-annee-academique-pour-linstitut-universitaire-sophia","status":"publish","type":"post","link":"https:\/\/www.focolare.org\/fr\/une-nouvelle-annee-academique-pour-linstitut-universitaire-sophia\/","title":{"rendered":"Une nouvelle ann\u00e9e acad\u00e9mique pour l&rsquo;Institut Universitaire Sophia"},"content":{"rendered":"<p><em>La c\u00e9r\u00e9monie d&rsquo;inauguration de l&rsquo;ann\u00e9e acad\u00e9mique 2023\/2024 de l&rsquo;Institut Universitaire Sophia (I.U.S.) s&rsquo;est tenue le vendredi 12 avril 2024, \u00e0 l&rsquo;Auditorium de la cit\u00e9 internationale de Loppiano (Figline et Incisa Valdarno &#8211; FI).<\/em>  <img alt=\"\" alt=\"\" loading=\"lazy\" decoding=\"async\" class=\"wp-image-262228 alignleft\" src=\"https:\/\/www.focolare.org\/wp-content\/uploads\/2024\/04\/2024-04-12-Inaugurazione-Sophia-29-scaled.jpg\" alt=\"\" width=\"323\" height=\"215\" \/>\u00ab\u00a0Que <em>Sophia <\/em>soit l&rsquo;un de ces laboratoires qui forment des femmes et des hommes capables d&rsquo;\u00eatre porteurs de paix et d&rsquo;unit\u00e9 en ces temps-ci \u00bb. C&rsquo;est par ces mots que <strong>Margaret Karram,<\/strong> Pr\u00e9sidente du mouvement des Focolari, a adress\u00e9 ses v\u0153ux aux \u00e9tudiants qui, en ce moment historique, ont choisi \u00ab\u00a0avec courage et espoir\u00a0\u00bb de pr\u00e9parer l&rsquo;avenir en fr\u00e9quentant <strong>l&rsquo;<a href=\"https:\/\/www.sophiauniversity.org\/it\/\" target=\"_blank\" rel=\"noopener\">Institut Universitaire Sophia<\/a> (I.U.S<\/strong>.), \u00e0 l&rsquo;occasion de la c\u00e9r\u00e9monie d&rsquo;inauguration de la <strong>16\u00e8me ann\u00e9e acad\u00e9mique<\/strong> qui s&rsquo;est d\u00e9roul\u00e9e le 12 avril 2024, dans la salle A de l&rsquo;Auditorium de Loppiano (Figline et Incisa Valdarno &#8211; FI).  Parmi les autorit\u00e9s religieuses et civiles pr\u00e9sentes, le cardinal <strong>Giuseppe Betori,<\/strong> Archev\u00eaque de Florence et Grand Chancelier de l&rsquo;I.U.S., l&rsquo;\u00e9v\u00eaque de Fiesole, Monseigneur<strong> Stefano Manetti, et Giulia Mugnai<\/strong>, maire de Figline et Incisa Valdarno.  Dans une p\u00e9riode de crise comme celle que nous vivons actuellement, l&rsquo;\u00e9v\u00e9nement a \u00e9t\u00e9 un moment de r\u00e9flexion sur le r\u00f4le des universit\u00e9s, et de Sophia en particulier, auquel il incombe, a d\u00e9clar\u00e9 le Card. Betori dans les salutations d&rsquo;ouverture, \u00ab\u00a0la t\u00e2che de t\u00e9moigner du caract\u00e8re raisonnable de la foi. Et donc d&rsquo;\u00e9duquer \u00e0 lire, \u00e0 interpr\u00e9ter la r\u00e9alit\u00e9, en accompagnant le regard de chaque jeune vers cette v\u00e9rit\u00e9 que chacun, m\u00eame inconsciemment, recherche\u00a0\u00bb.  Le <strong>Recteur<\/strong> <a href=\"https:\/\/www.sophiauniversity.org\/it\/news\/declan-obyrne-nuovo-rettore-di-sophia\/\" target=\"_blank\" rel=\"noopener\">r\u00e9cemment nomm\u00e9<\/a>, <strong>Declan O&rsquo;Byrne, th\u00e9ologien irlandais,<\/strong> a d\u00e9clar\u00e9 l&rsquo;ann\u00e9e<img alt=\"\" alt=\"\" loading=\"lazy\" decoding=\"async\" class=\" wp-image-262229 alignright\" src=\"https:\/\/www.focolare.org\/wp-content\/uploads\/2024\/04\/2024-04-12-Inaugurazione-Sophia-32-scaled.jpg\" alt=\"\" width=\"347\" height=\"231\" \/> acad\u00e9mique 2023-2024 ouverte \u00e0 la fin d&rsquo;un discours qui a amen\u00e9 les participants \u00e0 r\u00e9fl\u00e9chir \u00e0 la valeur sociale des universit\u00e9s. \u00ab\u00a0Si les \u00c9tats investissent dans les universit\u00e9s, c&rsquo;est parce que l&rsquo;on consid\u00e8re qu&rsquo;il est dans l&rsquo;int\u00e9r\u00eat national d&rsquo;investir dans la jeunesse. On investit parce que des jeunes bien form\u00e9s apportent des avantages sociaux. On estime qu&rsquo;une nation qui assure l&rsquo;\u00e9ducation de la jeune g\u00e9n\u00e9ration sera capable de s&rsquo;adapter et d&rsquo;innover, ce qui, \u00e0 son tour, garantira la comp\u00e9titivit\u00e9 future de la nation\u00a0\u00bb, a-t-il d\u00e9clar\u00e9. En ce qui concerne la mission particuli\u00e8re de l&rsquo;Institut universitaire Sophia, il a r\u00e9affirm\u00e9 : \u00ab\u00a0Nous voulons \u00eatre un lieu o\u00f9, tout en \u00e9tant conscients que nous vivons un moment historique dramatique, nous examinons la capacit\u00e9 humaine \u00e0 construire une paix durable. Nous voulons \u00e9tudier et enseigner comment voir ces \u00ab\u00a0graines\u00a0\u00bb qui expriment d\u00e9j\u00e0 la possibilit\u00e9 de r\u00e9soudre la crise que nous vivons\u00a0\u00bb.  La c\u00e9r\u00e9monie s&rsquo;est achev\u00e9e par le discours de Massimiliano Marianelli, professeur titulaire d&rsquo;histoire de la philosophie \u00e0 l&rsquo;universit\u00e9 de P\u00e9rouse, intitul\u00e9 \u00ab\u00a0Sophia, red\u00e9couvrir l&rsquo;humain dans \u00ab\u00a0l&rsquo;entre-deux\u00a0\u00bb, qui met l&rsquo;accent sur l&rsquo;\u00eatre humain et la primaut\u00e9 des relations\u00a0\u00bb.  L&rsquo;\u00e9v\u00e9nement, retransmis en direct, est disponible sur <a href=\"https:\/\/www.youtube.com\/watch?v=UNr1c1FFKz8\" target=\"_blank\" rel=\"noopener\"><em>Youtube<\/em> <\/a>en italien et en anglais aux liens accessibles de <a href=\"http:\/\/www.sophiauniversity.org\">www.sophiauniversity.org<\/a>. <\/p>\n<p style=\"text-align: right;\"><em>Maria Grazia Berretta<\/em><\/p>\n","protected":false},"excerpt":{"rendered":"<p>La c\u00e9r\u00e9monie d&rsquo;inauguration de l&rsquo;ann\u00e9e acad\u00e9mique 2023\/2024 de l&rsquo;Institut Universitaire Sophia (I.U.S.) s&rsquo;est tenue le vendredi 12 avril 2024, \u00e0 l&rsquo;Auditorium de la cit\u00e9 internationale de Loppiano (Figline et Incisa Valdarno &#8211; FI).<\/p>\n","protected":false},"author":33,"featured_media":0,"comment_status":"open","ping_status":"open","sticky":false,"template":"","format":"standard","meta":{"give_campaign_id":0,"_seopress_robots_primary_cat":"","_seopress_titles_title":"","_seopress_titles_desc":"","_seopress_robots_index":"","_et_pb_use_builder":"","_et_pb_old_content":"","_et_gb_content_width":"","footnotes":""},"categories":[3128,47],"tags":[3197],"class_list":["post-315682","post","type-post","status-publish","format-standard","hentry","category-cultura-5","category-non-classifiee","tag-ppg-fr"],"_links":{"self":[{"href":"https:\/\/www.focolare.org\/fr\/wp-json\/wp\/v2\/posts\/315682","targetHints":{"allow":["GET"]}}],"collection":[{"href":"https:\/\/www.focolare.org\/fr\/wp-json\/wp\/v2\/posts"}],"about":[{"href":"https:\/\/www.focolare.org\/fr\/wp-json\/wp\/v2\/types\/post"}],"author":[{"embeddable":true,"href":"https:\/\/www.focolare.org\/fr\/wp-json\/wp\/v2\/users\/33"}],"replies":[{"embeddable":true,"href":"https:\/\/www.focolare.org\/fr\/wp-json\/wp\/v2\/comments?post=315682"}],"version-history":[{"count":0,"href":"https:\/\/www.focolare.org\/fr\/wp-json\/wp\/v2\/posts\/315682\/revisions"}],"wp:attachment":[{"href":"https:\/\/www.focolare.org\/fr\/wp-json\/wp\/v2\/media?parent=315682"}],"wp:term":[{"taxonomy":"category","embeddable":true,"href":"https:\/\/www.focolare.org\/fr\/wp-json\/wp\/v2\/categories?post=315682"},{"taxonomy":"post_tag","embeddable":true,"href":"https:\/\/www.focolare.org\/fr\/wp-json\/wp\/v2\/tags?post=315682"}],"curies":[{"name":"wp","href":"https:\/\/api.w.org\/{rel}","templated":true}]}}