{"id":315684,"date":"2024-04-23T01:00:08","date_gmt":"2024-04-22T23:00:08","guid":{"rendered":"https:\/\/www.focolare.org\/chili-habiter-les-vulnerabilites\/"},"modified":"2024-06-10T23:13:53","modified_gmt":"2024-06-10T21:13:53","slug":"chili-habiter-les-vulnerabilites","status":"publish","type":"post","link":"https:\/\/www.focolare.org\/fr\/chili-habiter-les-vulnerabilites\/","title":{"rendered":"Chili : Habiter les vuln\u00e9rabilit\u00e9s"},"content":{"rendered":"<p><em>Dans une dimension fragment\u00e9e et divis\u00e9e comme celle dans laquelle nous vivons, nous sommes souvent appel\u00e9s \u00e0 nous diriger vers un ailleurs inconnu, vers les p\u00e9riph\u00e9ries ; nous sommes appel\u00e9s \u00e0 \u00ab\u00a0sortir\u00a0\u00bb, aussi de nous-m\u00eame parfois, pour entrer dans les blessures de cette humanit\u00e9. C&rsquo;est le t\u00e9moignage qui nous arrive du quartier de Yungay, \u00e0 Santiago du Chili.<\/em><\/p>\n<p><iframe loading=\"lazy\" title=\"Chili : Habiter les vuln\u00e9rabilit\u00e9s\" width=\"1080\" height=\"608\" src=\"https:\/\/www.youtube.com\/embed\/l-Zadfg6cUU?feature=oembed\"  allow=\"accelerometer; autoplay; clipboard-write; encrypted-media; gyroscope; picture-in-picture; web-share\" referrerpolicy=\"strict-origin-when-cross-origin\" allowfullscreen><\/iframe><\/p>\n","protected":false},"excerpt":{"rendered":"<p>Dans une dimension fragment\u00e9e et divis\u00e9e comme celle dans laquelle nous vivons, nous sommes souvent appel\u00e9s \u00e0 nous diriger vers un ailleurs inconnu, vers les p\u00e9riph\u00e9ries ; nous sommes appel\u00e9s \u00e0 \u00ab\u00a0sortir\u00a0\u00bb, aussi de nous-m\u00eame parfois, pour entrer dans les blessures de cette humanit\u00e9. C&rsquo;est le t\u00e9moignage qui nous arrive du quartier de Yungay, \u00e0 Santiago du Chili.<\/p>\n","protected":false},"author":34,"featured_media":355959,"comment_status":"open","ping_status":"open","sticky":false,"template":"","format":"standard","meta":{"give_campaign_id":0,"_seopress_robots_primary_cat":"","_seopress_titles_title":"","_seopress_titles_desc":"","_seopress_robots_index":"","_et_pb_use_builder":"","_et_pb_old_content":"","_et_gb_content_width":"","footnotes":""},"categories":[47,3177],"tags":[3197,2932],"class_list":["post-315684","post","type-post","status-publish","format-standard","has-post-thumbnail","hentry","category-non-classifiee","category-social-fr","tag-ppg-fr","tag-scelte-e-impegno-3"],"_links":{"self":[{"href":"https:\/\/www.focolare.org\/fr\/wp-json\/wp\/v2\/posts\/315684","targetHints":{"allow":["GET"]}}],"collection":[{"href":"https:\/\/www.focolare.org\/fr\/wp-json\/wp\/v2\/posts"}],"about":[{"href":"https:\/\/www.focolare.org\/fr\/wp-json\/wp\/v2\/types\/post"}],"author":[{"embeddable":true,"href":"https:\/\/www.focolare.org\/fr\/wp-json\/wp\/v2\/users\/34"}],"replies":[{"embeddable":true,"href":"https:\/\/www.focolare.org\/fr\/wp-json\/wp\/v2\/comments?post=315684"}],"version-history":[{"count":0,"href":"https:\/\/www.focolare.org\/fr\/wp-json\/wp\/v2\/posts\/315684\/revisions"}],"wp:featuredmedia":[{"embeddable":true,"href":"https:\/\/www.focolare.org\/fr\/wp-json\/wp\/v2\/media\/355959"}],"wp:attachment":[{"href":"https:\/\/www.focolare.org\/fr\/wp-json\/wp\/v2\/media?parent=315684"}],"wp:term":[{"taxonomy":"category","embeddable":true,"href":"https:\/\/www.focolare.org\/fr\/wp-json\/wp\/v2\/categories?post=315684"},{"taxonomy":"post_tag","embeddable":true,"href":"https:\/\/www.focolare.org\/fr\/wp-json\/wp\/v2\/tags?post=315684"}],"curies":[{"name":"wp","href":"https:\/\/api.w.org\/{rel}","templated":true}]}}