{"id":329788,"date":"2014-08-14T03:00:39","date_gmt":"2014-08-14T01:00:39","guid":{"rendered":"https:\/\/www.focolare.org\/futurs-pretres-quelle-formation\/"},"modified":"2024-05-16T15:09:27","modified_gmt":"2024-05-16T13:09:27","slug":"futurs-pretres-quelle-formation","status":"publish","type":"post","link":"https:\/\/www.focolare.org\/fr\/futurs-pretres-quelle-formation\/","title":{"rendered":"Futurs pr\u00eatres: quelle formation?"},"content":{"rendered":"<p><img loading=\"lazy\" decoding=\"async\" class=\"wp-image-109528 alignright\" style=\"margin-left: 10px\" alt=\"20140813-02\" src=\"https:\/\/www.focolare.org\/wp-content\/uploads\/2014\/08\/20140813-02.jpg\" width=\"322\" height=\"191\" \/><b>Une nouvelle g\u00e9n\u00e9ration dans l\u2019\u00c9glise catholique <\/b>\u00e0 laquelle les \u00c9v\u00eaques ont confi\u00e9 les lieux de formation: ce sont des jeunes pr\u00eatres (n\u00e9s durant la seconde moiti\u00e9 des ann\u00e9es 70 et le d\u00e9but des ann\u00e9es 80), tr\u00e8s pr\u00e9par\u00e9s, certains en fin d\u2019\u00e9tudes \u00e0 Rome destin\u00e9s \u00e0 la formation dans les s\u00e9minaires.  <b>23 pr\u00eatres de onze pays <\/b>\u2013 Tha\u00eflande, Congo, Kenya, Argentine, Br\u00e9sil, Colombie, Equateur, Croatie, Hongrie, Irlande et Italie \u2013 ont particip\u00e9 au Cours 2014 pour Formateurs des s\u00e9minaristes (14-26 juillet 2014), promu par le Centre de spiritualit\u00e9 de communion pour pr\u00eatres et s\u00e9minaristes dioc\u00e9sains <a href=\"https:\/\/www.focolare.org\/fr\/news\/2013\/10\/19\/riapertura-del-centro-di-spiritualita-vinea-mea\/\">\u00ab\u00a0Vinea mea\u00a0\u00bb<\/a> de <a href=\"http:\/\/www.loppiano.it\/\" target=\"_blank\" rel=\"noopener\">Loppiano<\/a> (Florence), avec l\u2019<a href=\"http:\/\/www.iu-sophia.org\/\" target=\"_blank\" rel=\"noopener\">Institut universitaire Sophia<\/a> (Loppiano) et avec le <a href=\"https:\/\/www.focolare.org\/fr\/movimento-dei-focolari\/un-popolo\/movimento-sacerdotale\/\">Mouvement sacerdotal<\/a> du Mouvement des Focolari.  \u00ab\u00a0<b>Quelqu\u2019un parlait d\u2019une retraite spirituelle<\/b> ou d\u2019une conversion, un autre d\u2019une synth\u00e8se entre les \u00e9tudes et la vie\u00a0\u00bb \u2013 explique le directeur du cours, Don Silvestre Marques. \u00ab\u00a0Tous concordaient que la communion et l\u2019unit\u00e9 dans la diversit\u00e9 \u00e9taient tangibles et devenaient une exp\u00e9rience v\u00e9cue \u00e0 apporter comme t\u00e9moignage de vie dans leurs s\u00e9minaires.\u00a0\u00bb  <img loading=\"lazy\" decoding=\"async\" class=\"alignleft  wp-image-109530\" style=\"margin-right: 10px\" alt=\"20140813-04\" src=\"https:\/\/www.focolare.org\/wp-content\/uploads\/2014\/08\/20140813-04.jpg\" width=\"307\" height=\"203\" \/><b>Le cours \u2013 dans sa 9<sup>\u00e8me<\/sup> \u00e9dition \u2013 s\u2019adresse \u00e0 des recteurs, directeurs spirituels et formateurs <\/b>qui travaillent \u00e0 plein temps au s\u00e9minaire pour proposer des parcours et paradigmes pour le discernement et la formation des vocations au minist\u00e8re presbyt\u00e9ral, pr\u00eats \u00e0 r\u00e9pondre aux d\u00e9fis des changements socioculturels et leur impact sur la situation des jeunes.  <b>Il s\u2019articule autour d\u2019un parcours en deux ans: <\/b>deux semaines chaque ann\u00e9e, avec des rapports d\u2019experts, groupes de travail et s\u00e9ances de partage, accompagn\u00e9s de c\u00e9l\u00e9brations liturgiques. Le parcours d\u2019\u00e9tude, qui a le soutien de la Congr\u00e9gation pour le Clerg\u00e9 et de la Congr\u00e9gation pour l\u2019\u00c9ducation catholique, est li\u00e9 \u00e0 des cr\u00e9dits octroy\u00e9s par l\u2019<a href=\"http:\/\/www.iu-sophia.org\/\" target=\"_blank\" rel=\"noopener\">Institut universitaire Sophia<\/a>, sur pr\u00e9sentation d\u2019un travail \u00e9crit la fin du cours.  <img loading=\"lazy\" decoding=\"async\" class=\"size-full wp-image-109529 alignright\" style=\"margin-left: 10px\" alt=\"20140813-03\" src=\"https:\/\/www.focolare.org\/wp-content\/uploads\/2014\/08\/20140813-03.jpg\" width=\"314\" height=\"221\" \/><b>\u00ab\u00a0C\u2019\u00e9tait deux semaines v\u00e9cues dans le climat de Sophia:<\/b> un cycle complet entre vie, pens\u00e9e et pri\u00e8re\u00a0\u00bb, d\u00e9clare encore Don Silvestre. \u00ab\u00a0En tous, la joie d\u2019avoir pu faire l\u2019exp\u00e9rience qu\u2019ils esp\u00e9raient et cherchaient, et qu\u2019ils veulent maintenant proposer \u00e0 leur communaut\u00e9 \u00e9ducative.\u00a0\u00bb  \u00ab\u00a0<b>Je n\u2019ai pas bien pu suivre en italien, <\/b>mais j\u2019ai compris une autre langue, celle de la communaut\u00e9\u00a0\u00bb, \u00e9crit l\u2019un des participants. Un autre: \u00ab\u00a0C\u2019est un d\u00e9fi \u00e0 vivre. Nous avons vu nos difficult\u00e9s dans une lumi\u00e8re nouvelle\u00a0\u00bb.  <b>Rendez-vous en 2015 <\/b>pour la deuxi\u00e8me partie du cours, o\u00f9 seront approfondies les quatre dimensions fondamentales de la vie sacerdotale:<b> <\/b>humaine, spirituelle, intellectuelle et pastorale. Les formateurs des s\u00e9minaires se reverront \u00e0 Loppiano, du 13 au 25 juillet 2015, au si\u00e8ge de la \u00ab\u00a0Vinea mea\u00a0\u00bb.<\/p>\n","protected":false},"excerpt":{"rendered":"<p>\u00c0 Loppiano, le 9\u00e8me cours s\u2019adresse aux formateurs des s\u00e9minaristes, les jeunes qui cheminent vers le sacerdoce. Le d\u00e9fi de la \u00ab\u00a0communion\u00a0\u00bb.<\/p>\n","protected":false},"author":34,"featured_media":0,"comment_status":"open","ping_status":"open","sticky":false,"template":"","format":"standard","meta":{"give_campaign_id":0,"_seopress_robots_primary_cat":"","_seopress_titles_title":"","_seopress_titles_desc":"","_seopress_robots_index":"","_et_pb_use_builder":"","_et_pb_old_content":"","_et_gb_content_width":"","footnotes":""},"categories":[47],"tags":[],"class_list":["post-329788","post","type-post","status-publish","format-standard","hentry","category-non-classifiee"],"_links":{"self":[{"href":"https:\/\/www.focolare.org\/fr\/wp-json\/wp\/v2\/posts\/329788","targetHints":{"allow":["GET"]}}],"collection":[{"href":"https:\/\/www.focolare.org\/fr\/wp-json\/wp\/v2\/posts"}],"about":[{"href":"https:\/\/www.focolare.org\/fr\/wp-json\/wp\/v2\/types\/post"}],"author":[{"embeddable":true,"href":"https:\/\/www.focolare.org\/fr\/wp-json\/wp\/v2\/users\/34"}],"replies":[{"embeddable":true,"href":"https:\/\/www.focolare.org\/fr\/wp-json\/wp\/v2\/comments?post=329788"}],"version-history":[{"count":0,"href":"https:\/\/www.focolare.org\/fr\/wp-json\/wp\/v2\/posts\/329788\/revisions"}],"wp:attachment":[{"href":"https:\/\/www.focolare.org\/fr\/wp-json\/wp\/v2\/media?parent=329788"}],"wp:term":[{"taxonomy":"category","embeddable":true,"href":"https:\/\/www.focolare.org\/fr\/wp-json\/wp\/v2\/categories?post=329788"},{"taxonomy":"post_tag","embeddable":true,"href":"https:\/\/www.focolare.org\/fr\/wp-json\/wp\/v2\/tags?post=329788"}],"curies":[{"name":"wp","href":"https:\/\/api.w.org\/{rel}","templated":true}]}}