{"id":329834,"date":"2014-09-04T04:00:18","date_gmt":"2014-09-04T02:00:18","guid":{"rendered":"https:\/\/www.focolare.org\/campus-de-citoyennete-planetaire-printemps-2015\/"},"modified":"2024-05-16T15:09:37","modified_gmt":"2024-05-16T13:09:37","slug":"campus-de-citoyennete-planetaire-printemps-2015","status":"publish","type":"post","link":"https:\/\/www.focolare.org\/fr\/campus-de-citoyennete-planetaire-printemps-2015\/","title":{"rendered":"Campus de citoyennet\u00e9 plan\u00e9taire (printemps 2015)"},"content":{"rendered":"<p><img loading=\"lazy\" decoding=\"async\" class=\"alignleft size-full wp-image-110549\" style=\"margin-right: 10px\" alt=\"Loppiano_2\" src=\"https:\/\/www.focolare.org\/wp-content\/uploads\/2014\/09\/Loppiano_2.jpg\" width=\"324\" height=\"171\" \/>les jeunes sont \u201c<strong>citoyens du monde<\/strong>\u201d ou qu\u2019ils devraient plus ou moins l\u2019\u00eatre, \u00e9tant donn\u00e9 qu\u2019aujourd\u2019hui plus aucun peuple ne peut vivre isol\u00e9. Et c\u2019est pr\u00e9cis\u00e9ment pour cette raison qu\u2019il est important que les jeunes soient form\u00e9s en ce sens, de fa\u00e7on \u00e0 \u00eatre capables de regarder, d\u2019\u00e9couter et de prendre en consid\u00e9ration\u00a0 autant ceux qui leur sont proches que des inconnus qui habitent loin, mais qui ne sont jamais anonymes. Il s\u2019agit en somme de permettre \u00e0 ces jeunes d\u2019\u00eatre citoyens de leur propre ville, de leur propre pays et en m\u00eame temps citoyens du monde, capables \u00ab\u00a0d\u2019aimer la patrie de l\u2019autre comme la leur\u00a0\u00bb C\u2019est ainsi que l\u2019<a href=\"http:\/\/www.amu-it.eu\/\" target=\"_blank\" rel=\"noopener\">AMU<\/a>-Action Monde Uni d\u00e9finit la fa\u00e7on d\u2019\u00eatre \u00ab\u00a0citoyens du monde\u00a0\u00bb et que, pour la sixi\u00e8me fois cette ann\u00e9e, elle propose aux \u00e9coles secondaires italiennes de 1<sup>er<\/sup> et 2<sup>\u00e8me<\/sup> cycle \u00a0<b>le Campus de citoyennet\u00e9 plan\u00e9taire<\/b>.  <img loading=\"lazy\" decoding=\"async\" class=\"size-full wp-image-110548 alignright\" style=\"margin-left: 10px\" alt=\"Loppiano\" src=\"https:\/\/www.focolare.org\/wp-content\/uploads\/2014\/09\/Loppiano.jpg\" width=\"279\" height=\"180\" \/>Celui-ci se d\u00e9roulera sur une journ\u00e9e, pr\u00e9vue en avril-mai 2015, \u00e0 la cit\u00e9-pilote internationale de <a href=\"http:\/\/www.loppiano.it\/\" target=\"_blank\" rel=\"noopener\">Loppiano<\/a> (Florence &#8211;<a href=\"https:\/\/www.focolare.org\/fr\/focolare-worldwide\/europa\/italia\/\" target=\"_blank\" rel=\"noopener\">Italie<\/a>), et s\u2019adresse \u00e0 des \u00e9l\u00e8ves des \u00e9coles secondaires du 1<sup>er<\/sup> et du 2<sup>e<\/sup> cycle et \u00e0 leurs professeurs. L\u2019objectif est de permettre aux jeunes de prendre conscience de la signification et de l\u2019importance d\u2019une <b>citoyennet\u00e9 active<\/b>, d\u2019\u00eatre des acteurs au sein de la soci\u00e9t\u00e9 civile, et de contribuer \u00e0 promouvoir une \u00e9ducation au sein de soci\u00e9t\u00e9s pluriethniques et pluriculturelles, et cela gr\u00e2ce aussi au contexte dans lequel se d\u00e9roule le campus\u00a0: Loppiano accueille en effet des personnes de tous \u00e2ges et de tous les continents, venues en Toscane pour mettre en pratique dans la vie quotidienne \u2013 il s\u2019agit en effet d\u2019une ville comme toutes les autres, avec des \u00e9coles, des bureaux, des entreprises et bien d\u2019autres r\u00e9alit\u00e9s \u2013 l\u2019id\u00e9al de fraternit\u00e9 universelle propos\u00e9 par le Mouvement des Focolari. Un lieu donc o\u00f9 l\u2019on peut exp\u00e9rimenter la diversit\u00e9 comme une richesse et la rencontre avec celui qui est \u00ab\u00a0diff\u00e9rent\u00a0\u00bb non pas comme une menace mais comme une occasion d\u2019\u00e9change et de partage.  <b>Le fil conducteur de la journ\u00e9e sera le th\u00e8me de la globalisation<\/b>: \u00e0 travers des jeux de r\u00f4le, des ateliers et des temps d\u2019\u00e9changes les jeunes apprendront \u00e0 conna\u00eetre les ombres et les lumi\u00e8res de ce processus, \u00a0la dynamique des relations entre les diff\u00e9rents pays du monde, l\u2019apprentissage des \u00ab\u00a0bonnes conduites\u00a0\u00bb \u00e0 tenir pour\u00a0 faire na\u00eetre un style de vie cr\u00e9dible et fraternel, gr\u00e2ce aussi au t\u00e9moignage direct de ceux qui les pratiquent. C\u2019est \u00e0 partir de l\u00e0 que seront \u00e9labor\u00e9es et propos\u00e9es des actions concr\u00e8tes destin\u00e9es \u00e0 \u00eatre \u00a0mises en \u0153uvre dans la vie quotidienne des villes.  <b>Les \u00e9coles int\u00e9ress\u00e9es sont pri\u00e9es de contacter le bureau de l\u2019Education au D\u00e9veloppement (EaS) de l\u2019AMU<\/b> avant le 31 d\u00e9cembre pour harmoniser le parcours didactique et le programme de ce Campus avec ceux de l\u2019ann\u00e9e scolaire en cours.  <strong>Secr\u00e9tariat et organisation<\/strong>: Via Frascati, 342 \u2013 Rocca di Papa (RM) T\u00e9l: 0694792170  Email: <a href=\"mailto:eas@amu-it.eu\">eas@amu-it.eu<\/a><\/p>\n","protected":false},"excerpt":{"rendered":"<p>Une journ\u00e9e propos\u00e9e aux \u00e9coles italiennes dans la Cit\u00e9 Pilote internationale de Loppiano: jeux de r\u00f4le, \u00e9changes et conseils pratiques pour comprendre la globalisation.<\/p>\n","protected":false},"author":34,"featured_media":0,"comment_status":"open","ping_status":"open","sticky":false,"template":"","format":"standard","meta":{"give_campaign_id":0,"_seopress_robots_primary_cat":"","_seopress_titles_title":"","_seopress_titles_desc":"","_seopress_robots_index":"","_et_pb_use_builder":"","_et_pb_old_content":"","_et_gb_content_width":"","footnotes":""},"categories":[906],"tags":[],"class_list":["post-329834","post","type-post","status-publish","format-standard","hentry","category-focolare-worldwide-2-3"],"_links":{"self":[{"href":"https:\/\/www.focolare.org\/fr\/wp-json\/wp\/v2\/posts\/329834","targetHints":{"allow":["GET"]}}],"collection":[{"href":"https:\/\/www.focolare.org\/fr\/wp-json\/wp\/v2\/posts"}],"about":[{"href":"https:\/\/www.focolare.org\/fr\/wp-json\/wp\/v2\/types\/post"}],"author":[{"embeddable":true,"href":"https:\/\/www.focolare.org\/fr\/wp-json\/wp\/v2\/users\/34"}],"replies":[{"embeddable":true,"href":"https:\/\/www.focolare.org\/fr\/wp-json\/wp\/v2\/comments?post=329834"}],"version-history":[{"count":0,"href":"https:\/\/www.focolare.org\/fr\/wp-json\/wp\/v2\/posts\/329834\/revisions"}],"wp:attachment":[{"href":"https:\/\/www.focolare.org\/fr\/wp-json\/wp\/v2\/media?parent=329834"}],"wp:term":[{"taxonomy":"category","embeddable":true,"href":"https:\/\/www.focolare.org\/fr\/wp-json\/wp\/v2\/categories?post=329834"},{"taxonomy":"post_tag","embeddable":true,"href":"https:\/\/www.focolare.org\/fr\/wp-json\/wp\/v2\/tags?post=329834"}],"curies":[{"name":"wp","href":"https:\/\/api.w.org\/{rel}","templated":true}]}}