{"id":329894,"date":"2014-09-30T03:01:52","date_gmt":"2014-09-30T01:01:52","guid":{"rendered":"https:\/\/www.focolare.org\/le-grand-age-signe-de-benediction\/"},"modified":"2024-05-16T15:09:50","modified_gmt":"2024-05-16T13:09:50","slug":"le-grand-age-signe-de-benediction","status":"publish","type":"post","link":"https:\/\/www.focolare.org\/fr\/le-grand-age-signe-de-benediction\/","title":{"rendered":"Le grand \u00e2ge, signe de  b\u00e9n\u00e9diction."},"content":{"rendered":"<p><img loading=\"lazy\" decoding=\"async\" class=\"alignleft size-full wp-image-111877\" style=\"margin-right: 10px\" alt=\"20140930-01\" src=\"https:\/\/www.focolare.org\/wp-content\/uploads\/2014\/09\/20140930-01.jpg\" width=\"258\" height=\"200\" \/><b>Le 28 septembre<\/b>, place St Pierre, <b>le Pape Fran\u00e7ois<\/b> a rencontr\u00e9 les personnes \u00e2g\u00e9es et les grands- parents \u00e0 l\u2019occasion de la premi\u00e8re journ\u00e9e internationale d\u00e9di\u00e9e au troisi\u00e8me \u00e2ge, une initiative du <a href=\"http:\/\/www.vatican.va\/roman_curia\/pontifical_councils\/family\/documents\/rc_pc_family_pro_20051996_fr.html\" target=\"_blank\" rel=\"noopener\">Conseil Pontifical pour la Famille.<\/a> Cette rencontre intitul\u00e9e:\u00a0<b>\u00ab\u00a0La b\u00e9n\u00e9diction d\u2019une longue vie\u00a0\u00bb<\/b> a co\u00efncid\u00e9 avec la Journ\u00e9e de pri\u00e8re pour le <a href=\"http:\/\/www.familiam.org\/famiglia_fra\/eglise\/00005684_Synode_sur_la_Famille.html\" target=\"_blank\" rel=\"noopener\">Synode sur la Famille<\/a>, et s\u2019inspire des nombreuses interventions du Pape qui a rappel\u00e9 \u00e0 plusieurs reprises\u00a0 la tragique \u00ab\u00a0culture du rejet \u00bb, caract\u00e9ristique \u00ab\u00a0d\u2019un peuple qui ne prend plus soin des personnes \u00e2g\u00e9es\u00a0\u00bb en les mettant de c\u00f4t\u00e9 \u00ab\u00a0avec des comportements derri\u00e8re lesquels il y a une euthanasie cach\u00e9e\u00a0\u00bb.  Le Pape Fran\u00e7ois a remerci\u00e9 Beno\u00eet XVI\u00a0de sa pr\u00e9sence, en <a href=\"http:\/\/fr.radiovaticana.va\/news\/2014\/09\/28\/le_pape_fran%C3%A7ois_appelle_au_partage_entre_g%C3%A9n%C3%A9rations\/1107473\" target=\"_blank\" rel=\"noopener\">d\u00e9clarant <\/a>: \u00ab Je l\u2019ai dit d\u00e9j\u00e0 tant de fois que je suis heureux que vous soyez ici tout pr\u00e8s, que vous habitiez au Vatican, car c\u2019est comme d\u2019avoir \u00e0 la maison le grand-p\u00e8re rempli de sagesse, merci \u00bb. <strong>Beno\u00eet XVI<\/strong>, au premier rang, a joint les mains et les a tendues vers Fran\u00e7ois qui remerciait alors l\u2019assembl\u00e9e d\u2019\u00eatre venue si nombreuse \u00e0 cette f\u00eate des grands-parents et des personnes \u00e2g\u00e9es.  Cette rencontre a \u00e9t\u00e9 l\u2019occasion de r\u00e9affirmer que\u00a0 &#8211; comme l\u2019avait dit <strong>Mgr Paglia<\/strong>, pr\u00e9sident du dicast\u00e8re pour la famille &#8211;\u00a0 \u201c<b>La vieillesse n\u2019est pas un naufrage mais une vocation\u201d<\/b>: l\u2019esp\u00e9rance de vie augmente, \u00a0mais on n\u2019a pas d\u00e9velopp\u00e9 \u00e0 ce sujet une r\u00e9flexion convenable ni dans le domaine politique, ni en mati\u00e8re \u00e9conomique, ni dans la soci\u00e9t\u00e9 et encore moins dans la culture\u00a0\u00bb  <img loading=\"lazy\" decoding=\"async\" class=\"size-full wp-image-111882 alignright\" style=\"margin-left: 10px\" alt=\"20140930-02\" src=\"https:\/\/www.focolare.org\/wp-content\/uploads\/2014\/09\/20140930-02.jpg\" width=\"307\" height=\"164\" \/><b>\u201c La vieillesse doit \u00eatre repens\u00e9e et avec elle l\u2019engagement des personnes \u00e2g\u00e9es dans le monde<\/b>\u00a0ainsi que celui de l\u2019Eglise envers elles. Sans oublier leur contribution proprement citoyenne, il y a aussi une culture que les personnes \u00e2g\u00e9es peuvent promouvoir\u00a0: celle de ne pas concevoir le d\u00e9clin de la vie physique comme une \u00a0trag\u00e9die d\u00e9finitive mais comme un t\u00e9moignage d\u2019esp\u00e9rance en l\u2019au-del\u00e0\u00a0\u00bb  L\u2019\u00e9v\u00e9nement du 28 septembre est en lien \u00e9troit avec <b>la journ\u00e9e de pri\u00e8re pour le Synode sur la Famille<\/b>, \u201clieu fondamental et primordial o\u00f9 la personne \u00e2g\u00e9e peut vivre au sein d\u2019un tissu de relations qui la soutiennent \u2013 <b>pr\u00e9cise encore Mgr Paglia<\/b> \u2013 des relations \u00a0qu\u2019elle est\u00a0 appel\u00e9e \u00e0 son tour \u00e0 vivifier et enrichir. Les personnes \u00e2g\u00e9es ne font pas seulement l\u2019objet d\u2019attentions et de soins, ce sont aussi des personnes \u00e0 part enti\u00e8re, porteuses d\u2019une perspective de vie nouvelle\u00a0\u00bb  <b>Pour vous familiariser avec cette dimension de la vie<\/b>, nous vous conseillons deux publications en langue fran\u00e7aise<i> \u00a0(<\/i><em><a href=\"http:\/\/www.nouvellecite.fr\/\" target=\"_blank\" rel=\"noopener\"><i>Editions Nouvelle Cit\u00e9<\/i>)<\/a><\/em><b> :<\/b> <\/p>\n<ul>\n<li><a href=\"http:\/\/www.nouvellecite.fr\/librairie\/ce-que-dit-la-bible-sur-la-vieillesse\/\" target=\"_blank\" rel=\"noopener\">La Vieillesse\u00a0 <\/a>(Lo\u00efc Gicquel des Touches) <i>Collection<\/i>\u00a0: <b><i>\u00ab\u00a0Ce que nous dit la Bible sur\u2026\u00a0\u00bb<\/i><\/b><\/li>\n<li>\u00ab\u00a0<a href=\"http:\/\/www.nouvellecite.fr\/librairie\/bien-vieillir-ca-sapprend-novembre-decembre-2012\/\" target=\"_blank\" rel=\"noopener\">Bien vieillir \u00e7a s\u2019apprend\u00a0<b>\u00bb <i>(<\/i><\/b><\/a><i>Revue Nouvelle Cit\u00e9, novembre-d\u00e9cembre \u00a02012, n\u00b0558)<\/i>\n<ul>\n<li>\u00a0<i>Editions Nouvelle Cit\u00e9<\/i>, Domaine d\u2019Arny 91680 \u2013 Bruy\u00e8res-le-Ch\u00e2tel<\/li>\n<li>t\u00e9l: 00 33 1 69 17 10 06\u00a0\u00a0\u00a0\u00a0\u00a0 Mail: commercial@nouvellecite.fr<\/li>\n<\/ul>\n<\/li>\n<\/ul>\n","protected":false},"excerpt":{"rendered":"<p>Premi\u00e8re rencontre internationale des personnes \u00e2g\u00e9es avec le Pape. \u00ab La vieillesse n\u2019est pas un naufrage mais une vocation \u00bb.<\/p>\n","protected":false},"author":27,"featured_media":0,"comment_status":"open","ping_status":"open","sticky":false,"template":"","format":"standard","meta":{"give_campaign_id":0,"_seopress_robots_primary_cat":"","_seopress_titles_title":"","_seopress_titles_desc":"","_seopress_robots_index":"","_et_pb_use_builder":"","_et_pb_old_content":"","_et_gb_content_width":"","footnotes":""},"categories":[47],"tags":[],"class_list":["post-329894","post","type-post","status-publish","format-standard","hentry","category-non-classifiee"],"_links":{"self":[{"href":"https:\/\/www.focolare.org\/fr\/wp-json\/wp\/v2\/posts\/329894","targetHints":{"allow":["GET"]}}],"collection":[{"href":"https:\/\/www.focolare.org\/fr\/wp-json\/wp\/v2\/posts"}],"about":[{"href":"https:\/\/www.focolare.org\/fr\/wp-json\/wp\/v2\/types\/post"}],"author":[{"embeddable":true,"href":"https:\/\/www.focolare.org\/fr\/wp-json\/wp\/v2\/users\/27"}],"replies":[{"embeddable":true,"href":"https:\/\/www.focolare.org\/fr\/wp-json\/wp\/v2\/comments?post=329894"}],"version-history":[{"count":0,"href":"https:\/\/www.focolare.org\/fr\/wp-json\/wp\/v2\/posts\/329894\/revisions"}],"wp:attachment":[{"href":"https:\/\/www.focolare.org\/fr\/wp-json\/wp\/v2\/media?parent=329894"}],"wp:term":[{"taxonomy":"category","embeddable":true,"href":"https:\/\/www.focolare.org\/fr\/wp-json\/wp\/v2\/categories?post=329894"},{"taxonomy":"post_tag","embeddable":true,"href":"https:\/\/www.focolare.org\/fr\/wp-json\/wp\/v2\/tags?post=329894"}],"curies":[{"name":"wp","href":"https:\/\/api.w.org\/{rel}","templated":true}]}}