{"id":329898,"date":"2014-10-02T03:11:11","date_gmt":"2014-10-02T01:11:11","guid":{"rendered":"https:\/\/www.focolare.org\/evangile-vecu-en-famille\/"},"modified":"2024-05-16T15:09:51","modified_gmt":"2024-05-16T13:09:51","slug":"evangile-vecu-en-famille","status":"publish","type":"post","link":"https:\/\/www.focolare.org\/fr\/evangile-vecu-en-famille\/","title":{"rendered":"Evangile v\u00e9cu: en famille"},"content":{"rendered":"<p><img loading=\"lazy\" decoding=\"async\" class=\"alignleft  wp-image-111984\" style=\"margin-right: 10px\" alt=\"20141002-01\" src=\"https:\/\/www.focolare.org\/wp-content\/uploads\/2014\/10\/20141002-01.jpg\" width=\"216\" height=\"150\" \/><b>R\u00e9conciliation<\/b> Il y a des ann\u00e9es ma m\u00e8re et ses fr\u00e8res ont vendu une propri\u00e9t\u00e9. Un de mes oncles, insatisfait de ce qu\u2019il avait re\u00e7u, s\u2019est par la suite oppos\u00e9 \u00e0 la vente d\u2019une ruine qui restait, rompant les relations avec les autres. Consid\u00e9rant qu\u2019il \u00e9tait\u00a0 absurde de se disputer pour quatre pierres, je suis all\u00e9e le trouver avec ma m\u00e8re, en lui faisant cadeau d\u2019un livre d\u2019exp\u00e9riences positives v\u00e9cues en\u00a0 famille. Il s\u2019agissait pour nous d\u2019\u00e9couter les raisons de cet oncle f\u00e2ch\u00e9, comprendre les motifs de sa ranc\u0153ur. C\u2019est seulement avant de partir que j\u2019ai pu lui dire quelque chose sur la valeur de la paix en famille. \u00a0A ma grande surprise il m\u2019a propos\u00e9 de m\u2019accompagner en voiture jusqu\u2019au car, et en me saluant il a aussi embrass\u00e9 sa s\u0153ur \u00e0 qui il n\u2019avait m\u00eame pas dit bonjour. M.F.L. &#8211; <a href=\"https:\/\/www.focolare.org\/fr\/focolare-worldwide\/europa\/italia\/\">Italie<b><\/b><\/a>  <strong>Elle ne serait pas n\u00e9e<\/strong> Ses parents et ses amis la poussaient \u00e0 avorter. Mais elle, fille m\u00e8re, s\u00fbre de pouvoir compter sur nous, a tenu bon. Elle a donn\u00e9 naissance \u00e0 Marie, une belle petite fille, mais un peu fragile. Elle nous l\u2019a confi\u00e9e pendant cinq mois, le temps de finir ses \u00e9tudes \u00e0 l\u2019\u00e9tranger. Parfois on se demandait si on avait bien fait\u00a0: avec aucun de nos enfants on n\u2019avait d\u00fb se r\u00e9veiller si souvent\u00a0 la nuit, aucun n\u2019avait \u00e9t\u00e9 aussi malade que Marie\u00a0! Mais une autre pens\u00e9e s\u2019est vite impos\u00e9e \u00e0 nous: sans notre disponibilit\u00e9 Marie ne serait m\u00eame pas n\u00e9e et qui sait comment aurait fini sa m\u00e8re\u00a0! Quand elle est rentr\u00e9e, sa famille l\u2019a accueillie. Une ann\u00e9e apr\u00e8s elle s\u2019est mari\u00e9e et aujourd\u2019hui elle a trois enfants. F.Z. \u2013 <a href=\"https:\/\/www.focolare.org\/fr\/focolare-worldwide\/europa\/repubblica-ceca\/\">R\u00e9publique Tch\u00e8que<\/a> <b><\/b>  <b>Solidarit\u00e9<\/b> Depuis \u00a0dix ans je vis avec mon p\u00e8re l\u2019\u00e9volution de sa maladie: le n\u00e9gociant du cours toujours pr\u00eat \u00e0 lancer une blague et le grand-p\u00e8re fier de ses petits-enfants ont fait place \u00e0 une personne d\u00e9pendant compl\u00e8tement des autres. Apr\u00e8s une premi\u00e8re r\u00e9volte de ma part, je ne voyais en effet que les aspects n\u00e9gatifs de cette situation, je me suis rendue compte que cette maladie avait suscit\u00e9 beaucoup de solidarit\u00e9\u00a0: des personnes viennent tenir compagnie \u00e0 maman, nos proches sont devenus plus attentifs et plus disponibles\u2026 sans parler de cette auxiliaire de vie, une philippine, qui a une excellente relation avec nous, au point que nous la consid\u00e9rons comme de la famille\u00a0: abandonn\u00e9e par son mari, elle a pu ainsi subvenir aux besoins de ses trois enfants. N.B &#8211; Italie  <b>Un fil invisible<\/b> Nos enfants avaient \u00e0 peine termin\u00e9 leurs \u00e9tudes sup\u00e9rieures lorsque mon mari est tomb\u00e9 gravement malade, lui qui \u00e9tait fort comme un roc. C\u2019est alors qu\u2019a commenc\u00e9 pour lui un\u00a0 calvaire d\u2019hospitalisations et d\u2019interventions chirurgicales \u00e9puisantes. N\u2019ayant comme soutien que Dieu seul, Michel et moi nous sommes pr\u00e9par\u00e9s \u00e0 la s\u00e9paration d\u00e9sormais tr\u00e8s proche. Lors d\u2019un moment de confidence, alors qu\u2019il souffrait beaucoup, c\u2019est lui qui m\u2019a encourag\u00e9e\u00a0:\u00a0\u00ab\u00a0Tu es une femme merveilleuse. Nos enfants ont de la chance de t\u2019avoir comme m\u00e8re\u00a0\u00bb. Et en me remettant sa bague de mariage il a ajout\u00e9: \u00abJe t\u2019aime, je t\u2019aime pour toujours\u00a0!\u00a0Je t\u2019aiderai davantage lorsque je ne serai plus de ce monde \u00bb. Lorsque Michel est mort, c\u2019est comme s\u2019il nous avait emmen\u00e9s avec lui; plus que jamais il est \u00e0 nos c\u00f4t\u00e9s. Un fil invisible relie le ciel et la terre. L.S. &#8211; Italie<\/p>\n","protected":false},"excerpt":{"rendered":"<p>Rassasier la faim spirituelle et mat\u00e9rielle de l\u2019humanit\u00e9 qui nous entoure: c\u2019est ce \u00e0 quoi nous invite la Parole de Vie du mois d\u2019octobre. Quelques exp\u00e9riences \u00e9clairantes v\u00e9cues en famille..<\/p>\n","protected":false},"author":34,"featured_media":0,"comment_status":"open","ping_status":"open","sticky":false,"template":"","format":"standard","meta":{"give_campaign_id":0,"_seopress_robots_primary_cat":"","_seopress_titles_title":"","_seopress_titles_desc":"","_seopress_robots_index":"","_et_pb_use_builder":"","_et_pb_old_content":"","_et_gb_content_width":"","footnotes":""},"categories":[906],"tags":[],"class_list":["post-329898","post","type-post","status-publish","format-standard","hentry","category-focolare-worldwide-2-3"],"_links":{"self":[{"href":"https:\/\/www.focolare.org\/fr\/wp-json\/wp\/v2\/posts\/329898","targetHints":{"allow":["GET"]}}],"collection":[{"href":"https:\/\/www.focolare.org\/fr\/wp-json\/wp\/v2\/posts"}],"about":[{"href":"https:\/\/www.focolare.org\/fr\/wp-json\/wp\/v2\/types\/post"}],"author":[{"embeddable":true,"href":"https:\/\/www.focolare.org\/fr\/wp-json\/wp\/v2\/users\/34"}],"replies":[{"embeddable":true,"href":"https:\/\/www.focolare.org\/fr\/wp-json\/wp\/v2\/comments?post=329898"}],"version-history":[{"count":0,"href":"https:\/\/www.focolare.org\/fr\/wp-json\/wp\/v2\/posts\/329898\/revisions"}],"wp:attachment":[{"href":"https:\/\/www.focolare.org\/fr\/wp-json\/wp\/v2\/media?parent=329898"}],"wp:term":[{"taxonomy":"category","embeddable":true,"href":"https:\/\/www.focolare.org\/fr\/wp-json\/wp\/v2\/categories?post=329898"},{"taxonomy":"post_tag","embeddable":true,"href":"https:\/\/www.focolare.org\/fr\/wp-json\/wp\/v2\/tags?post=329898"}],"curies":[{"name":"wp","href":"https:\/\/api.w.org\/{rel}","templated":true}]}}