{"id":329928,"date":"2014-10-16T03:00:10","date_gmt":"2014-10-16T01:00:10","guid":{"rendered":"https:\/\/www.focolare.org\/synode-rencontre-des-focolari-avec-les-peres-synodaux\/"},"modified":"2024-05-16T15:10:01","modified_gmt":"2024-05-16T13:10:01","slug":"synode-rencontre-des-focolari-avec-les-peres-synodaux","status":"publish","type":"post","link":"https:\/\/www.focolare.org\/fr\/synode-rencontre-des-focolari-avec-les-peres-synodaux\/","title":{"rendered":"Synode: rencontre des Focolari avec les P\u00e8res synodaux"},"content":{"rendered":"<p><img loading=\"lazy\" decoding=\"async\" class=\"alignleft  wp-image-112701\" style=\"margin-right: 10px\" alt=\"20141016-02\" src=\"https:\/\/www.focolare.org\/wp-content\/uploads\/2014\/10\/20141016-02.jpg\" width=\"346\" height=\"227\" \/><strong>L\u2019engagement dans la formation des jeunes couples,<\/strong> l\u2019accompagnement des grossesses non d\u00e9sir\u00e9es, la disponibilit\u00e9 \u00e0 tout quitter pour porter l\u2019Evangile sur des terres lointaines\u2026 C\u2019est une \u00ab\u00a0vie vraie\u00a0\u00bb qui s\u2019est exprim\u00e9e le 12 octobre, au si\u00e8ge du Conseil Pontifical pour la Famille, \u00e0 Rome,\u00a0 lors de la rencontre d\u2019un groupe de P\u00e8res synodaux et d\u2019auditeurs au Synode avec des familles du Mouvement des Focolari. Accueillis par la Pr\u00e9sidente et le copr\u00e9sident du Mouvement, <a href=\"https:\/\/www.focolare.org\/fr\/news\/2014\/09\/24\/intervista-a-maria-voce-e-jesus-moran\/\" target=\"_blank\" rel=\"noopener\">Maria Voce et Jes\u00fas Mor\u00e1n<\/a>, le cardinal Andrew Yeom Soo-Jung, archev\u00eaque de S\u00e9oul, ainsi que les pr\u00e9sidents des conf\u00e9rences \u00e9piscopales de la R\u00e9publique Tch\u00e8que, de Slov\u00e9nie, Madagascar, Tanzanie et de l\u2019Uruguay, se sont joints au groupe comme simples participants.  \u201cIl n\u2019y a pas de recettes infaillibles, \u00a0au contraire\u00a0!\u00a0\u00bb a commenc\u00e9 par dire Alberto Friso de <a href=\"https:\/\/www.focolare.org\/fr\/movimento-dei-focolari\/un-popolo\/famiglie-nuove\/\">Familles Nouvelles<\/a>. \u00ab\u00a0Combien d\u2019erreurs, nous les parents, commettons-nous envers nos enfants\u00a0! Tant\u00f4t nous sommes trop permissifs, tant\u00f4t possessifs, ou faibles, ou au contraire inflexibles quand il ne le faudrait pas. C\u2019est alors que l\u2019art de savoir \u00ab\u00a0recommencer\u00a0\u00bb prend toute sa valeur: \u00eatre toujours pr\u00eats \u00e0 reconna\u00eetre nos erreurs et \u00e0 nous excuser. Et quand c\u2019est l\u2019enfant qui se trompe, ne pas h\u00e9siter \u00e0 lui faire remarquer, sans cesser\u00a0 de lui t\u00e9moigner notre confiance\u00a0\u00bb  <b>Souvent bless\u00e9e, d\u00e9chir\u00e9e au plus profond d\u2019elle-m\u00eame par des trahisons et des silences coupables<\/b>, la famille demeure le lieu incontournable o\u00f9 l\u2019on engendre et transmet la vie. Pour Anna Friso (Familles Nouvelles) \u00a0ceux qui aujourd\u2019hui \u00e9paulent les familles ont choisi de vivre \u00e0 la \u00ab\u00a0p\u00e9riph\u00e9rie\u00a0\u00bb parce que, comme le dit le <b>Pape Fran\u00e7ois\u00a0<\/b>: \u00ab\u00a0Le chr\u00e9tien n\u2019est pas fait pour rester dans son campement, mais pour aller dans les p\u00e9riph\u00e9ries du monde\u00a0\u00bb. \u00ab\u00a0Et lorsqu\u2019on se trouve dans ces p\u00e9riph\u00e9ries \u2013 a-t-elle ajout\u00e9 \u2013 la question n\u2019est pas de savoir si les gens se sont mari\u00e9s \u00e0 l\u2019\u00e9glise, s\u2019ils cohabitent ou sont s\u00e9par\u00e9s. Nous accueillons toutes les personnes telles qu\u2019elles sont, nous les aimons, nous les \u00e9coutons en profondeur, si nous le pouvons nous cherchons \u00e0 pourvoir \u00e0 leurs besoins. Et au moment opportun nous les mettons toutes, sans exception, et quelle que soit leur situation, en pr\u00e9sence de cette\u00a0 r\u00e9alit\u00e9\u00a0: <a href=\"https:\/\/www.focolare.org\/fr\/chiara-lubich\/spiritualita-dellunita\/dio-amore\/\">Dieu t\u2019aime immens\u00e9ment<\/a>. Il n\u2019y a aucune personne qui soit\u00a0 exclue de l\u2019amour de Dieu\u00a0\u00bb.  <a href=\"https:\/\/www.focolare.org\/wp-content\/uploads\/2014\/10\/20141016-03.jpg\"><img loading=\"lazy\" decoding=\"async\" class=\"alignright\" style=\"margin-left: 10px\" alt=\"20141016-03\" src=\"https:\/\/www.focolare.org\/wp-content\/uploads\/2014\/10\/20141016-03.jpg\" width=\"358\" height=\"212\" \/><\/a>Les \u00e9v\u00eaques ont aussi \u00e9cout\u00e9 le parcours de Tiziana G.\u00a0: <b>treize ann\u00e9es de mariage entach\u00e9es de mensonges, de disputes,<\/b> d\u2019explications qui n\u2019en n\u2019\u00e9taient pas, suivies de nouvelles d\u00e9ceptions: \u00a0 \u00ab\u00a0J\u2019aurais pu aller dans une \u00e9glise o\u00f9 l\u2019on ne me connaissait pas et continuer \u00e0 communier \u2013 a-t-elle racont\u00e9 \u2013 mais par ob\u00e9issance je ne l\u2019ai jamais fait\u00a0\u00bb Tiziana ne cache pas aux \u00e9v\u00eaques le sentiment \u00ab\u00a0d\u2019auto-exclusion\u00a0\u00bb qu\u2019elle a \u00e9prouv\u00e9, sa <b>\u00ab\u00a0grande solitude spirituelle\u00a0\u00bb<\/b> Et de leur confier\u00a0: \u00abJ\u2019avais une immense peine en voyant les \u00a0autres s\u2019approcher de l\u2019autel. Je restais \u00e0 ma place. Je me sentais abandonn\u00e9e, r\u00e9pudi\u00e9e, coupable\u00a0\u00bb.  C\u2019est ensuite Paolo R. qui a pris la parole: <b>m\u00eame s&rsquo;il se retrouve seul, il continue \u00e0 vivre son mariage \u00ab\u00a0int\u00e9rieurement\u00a0\u00bb.<\/b> Une histoire soufferte qui commence par l\u2019abandon de sa femme, en passant par la\u00a0 s\u00e9paration, le recours aux avocats&#8230; pour finir sur\u00a0 un sentiment profond de d\u00e9sert. Mais Paolo a d\u00e9cid\u00e9 \u00ab\u00a0d\u2019attendre\u00a0\u00bb parce que \u2013 dit-il \u2013 \u00ab\u00a0 c\u2019est cela le mariage chr\u00e9tien. Un engagement sans retour. Par le sacrement on remet sa vie entre les mains de Dieu \u00e0 travers la personne qu\u2019on \u00e9pouse, dont on est amoureux\u2026mais ensuite l\u2019amour reste \u00e0 construire, y compris dans les \u00e9preuves, jour apr\u00e8s jour\u00a0\u00bb  <a href=\"https:\/\/www.focolare.org\/wp-content\/uploads\/2014\/10\/20141016-01.jpg\"><img loading=\"lazy\" decoding=\"async\" class=\"wp-image-112700 alignleft\" style=\"margin-right: 10px\" alt=\"20141016-01\" src=\"https:\/\/www.focolare.org\/wp-content\/uploads\/2014\/10\/20141016-01.jpg\" width=\"338\" height=\"221\" \/><\/a>Etaient aussi pr\u00e9sents \u00e0 cette r\u00e9union <b>les \u00e9poux Dieudonn\u00e9 et Emerthe Gatsinga, de Kigali (Rwanda)<\/b>, tous deux auditeurs au synode. Ils ont racont\u00e9 leur exp\u00e9rience d\u2019accompagnement des familles, des jeunes couples, des fianc\u00e9s, principalement dans leur pays, mais aussi en Ouganda, au Burundi, au K\u00e9nya et au Congo. Lui est gyn\u00e9cologue, elle \u00e9conomiste. Ils se sont pr\u00e9sent\u00e9s ainsi au Pape\u00a0: \u00ab\u00a0En nous mariant nous nous sommes promis de ne pas rester repli\u00e9s sur nous-m\u00eames, mais de nous donner aux autres. Vingt-six ann\u00e9es ont pass\u00e9 depuis. <b>Nous avons huit enfants dont quatre adopt\u00e9s\u00a0: ils \u00e9taient devenus orphelins \u00e0 la \u00a0suite du g\u00e9nocide du Rwanda.<\/b> Cela n\u2019a pas \u00e9t\u00e9 facile d\u2019assumer ces huit enfants au moment o\u00f9 une forte crise \u00e9conomique et sociale s\u00e9vissait dans notre pays, sans parler des grandes\u00a0 \u00e9preuves travers\u00e9es. Mais Dieu nous a aid\u00e9s et d\u00e9sormais ils sont tous grands\u00a0: deux d\u2019entre eux nous ont d\u00e9j\u00e0 donn\u00e9 la joie d\u2019\u00eatre les grands- parents de trois petits-enfants\u00a0\u00bb. Des exp\u00e9riences qui illustrent ces lignes de <a href=\"https:\/\/www.focolare.org\/fr\/chiara-lubich\/chi-e-chiara\/\">Chiara Lubich,<\/a> lues durant la rencontre avec le <b>cardinal Ennio Antonelli<\/b>\u00a0: \u00ab\u00a0La famille ne \u00a0\u00a0repose sur rien d\u2019autre que l\u2019amour, \u00a0c\u2019est l\u2019amour qui l\u2019unit et la fait \u00eatre\u2026 Lorsque les membres d\u2019une famille laissent vivre dans leur c\u0153ur la flamme de l\u2019amour, aucun probl\u00e8me n\u2019est sans solution, les obstacles insurmontables ne surgissent pas, on ne pleure pas sur \u00a0des \u00e9checs irr\u00e9parables\u00a0\u00bb  <a href=\"https:\/\/www.dropbox.com\/sh\/5fw37h5c28ztr80\/AACbgSGF4LGVWBalDGjQnDjRa\" target=\"_blank\" rel=\"noopener\">Photo gallery<\/a> <\/p>\n<p style=\"text-align: right\"><em>(source: Sir)<\/em><\/p>\n","protected":false},"excerpt":{"rendered":"<p>Une confrontation loyale sur les dynamiques de vie des familles d\u2019aujourd\u2019hui. La douleur de l\u2019\u00e9chec, de la s\u00e9paration, le divorce : \u00ab Il n\u2019y a pas de recettes infaillibles ! \u00bb, le secret r\u00e9side dans le fait d\u2019avancer ensemble.<\/p>\n","protected":false},"author":34,"featured_media":0,"comment_status":"open","ping_status":"open","sticky":false,"template":"","format":"standard","meta":{"give_campaign_id":0,"_seopress_robots_primary_cat":"","_seopress_titles_title":"","_seopress_titles_desc":"","_seopress_robots_index":"","_et_pb_use_builder":"","_et_pb_old_content":"","_et_gb_content_width":"","footnotes":""},"categories":[906],"tags":[],"class_list":["post-329928","post","type-post","status-publish","format-standard","hentry","category-focolare-worldwide-2-3"],"_links":{"self":[{"href":"https:\/\/www.focolare.org\/fr\/wp-json\/wp\/v2\/posts\/329928","targetHints":{"allow":["GET"]}}],"collection":[{"href":"https:\/\/www.focolare.org\/fr\/wp-json\/wp\/v2\/posts"}],"about":[{"href":"https:\/\/www.focolare.org\/fr\/wp-json\/wp\/v2\/types\/post"}],"author":[{"embeddable":true,"href":"https:\/\/www.focolare.org\/fr\/wp-json\/wp\/v2\/users\/34"}],"replies":[{"embeddable":true,"href":"https:\/\/www.focolare.org\/fr\/wp-json\/wp\/v2\/comments?post=329928"}],"version-history":[{"count":0,"href":"https:\/\/www.focolare.org\/fr\/wp-json\/wp\/v2\/posts\/329928\/revisions"}],"wp:attachment":[{"href":"https:\/\/www.focolare.org\/fr\/wp-json\/wp\/v2\/media?parent=329928"}],"wp:term":[{"taxonomy":"category","embeddable":true,"href":"https:\/\/www.focolare.org\/fr\/wp-json\/wp\/v2\/categories?post=329928"},{"taxonomy":"post_tag","embeddable":true,"href":"https:\/\/www.focolare.org\/fr\/wp-json\/wp\/v2\/tags?post=329928"}],"curies":[{"name":"wp","href":"https:\/\/api.w.org\/{rel}","templated":true}]}}