{"id":329966,"date":"2014-11-02T04:00:02","date_gmt":"2014-11-02T03:00:02","guid":{"rendered":"https:\/\/www.focolare.org\/burkina-faso-prier-pour-la-paix\/"},"modified":"2024-05-16T15:10:10","modified_gmt":"2024-05-16T13:10:10","slug":"burkina-faso-prier-pour-la-paix","status":"publish","type":"post","link":"https:\/\/www.focolare.org\/fr\/burkina-faso-prier-pour-la-paix\/","title":{"rendered":"Burkina Faso, prier pour la paix"},"content":{"rendered":"<p><img loading=\"lazy\" decoding=\"async\" class=\"size-full wp-image-113567 alignright\" style=\"margin-left: 10px\" alt=\"BurkinaFaso_2\" src=\"https:\/\/www.focolare.org\/wp-content\/uploads\/2013\/05\/BurkinaFaso_2.jpg\" width=\"305\" height=\"165\" \/><strong>\u00ab\u00a0<\/strong><strong>Nous avons appris les graves d\u00e9sordres qui se sont pass\u00e9s au <\/strong><a href=\"https:\/\/www.focolare.org\/fr\/focolare-worldwide\/africa\/burkina-faso\/\">Burkina Faso,<\/a> j\u2019ai t\u00e9l\u00e9phon\u00e9 au <a href=\"https:\/\/www.focolare.org\/fr\/movimento-dei-focolari\/scelte-e-impegno\/focolarini\/\">focolarini <\/a>de Bobo-Dioulasso pour leur demander des nouvelles et les assurer de notre unit\u00e9 et de nos pri\u00e8res. J\u2019ai parl\u00e9 avec Dominique qui m\u2019a rassur\u00e9\u00a0: la situation est calme, m\u00eame s\u2019i y a des tensions.\u00a0\u00bb, \u00e9crit Augusto Parody Reyes, m\u00e9decin, qui a v\u00e9cu 24 ans en Afrique et qui se trouve maintenant au Centre international des Focolari.  <strong>Voil\u00e0 en bref la situation (<\/strong><a href=\"http:\/\/www.misna.org\/fr\/\" target=\"_blank\" rel=\"noopener\">Misna<\/a><strong>) : <\/strong>ces jours derniers \u00e0 Ouagadougou et dans les principales villes du pays beaucoup de manifestations sans pr\u00e9c\u00e9dent se sont d\u00e9roul\u00e9es pour s\u2019opposer, aux \u00e9lections de 2015, \u00e0 la candidature du pr\u00e9sident Blaise Compaor\u00e9, au pouvoir depuis 1987. Mais ces manifestations ont d\u00e9g\u00e9n\u00e9r\u00e9 aujourd\u2019hui, 30 octobre, dans la capitale et aussi \u00e0 Bobo Dioulasso, la seconde ville du Burkina Faso, et se sont prolong\u00e9es dans l\u2019apr\u00e8s-midi jusqu\u2019au parlement qui a \u00e9t\u00e9 assailli et incendi\u00e9. La presse locale parle d\u2019au moins une personne tu\u00e9e au cours des affrontements entre les manifestants et les forces de l\u2019ordre. Des pillages de magasins et de banques ont aussi \u00e9t\u00e9 signal\u00e9s. Dans l\u2019apr\u00e8s-midi des manifestants ont entour\u00e9 le si\u00e8ge de la pr\u00e9sidence.  <b>Proclamation de l\u2019\u00e9tat d\u2019urgence, dissolution du gouvernement et appel \u00e0 des n\u00e9gociations avec les manifestants :<\/b> ce sont les \u00e9l\u00e9ments-cl\u00e9 d\u2019un message transmis \u00e0 la radio par le chef de l\u2019Etat, apr\u00e8s des heures de d\u00e9sordre et de violence au c\u0153ur de Ouagadougou.  <b>Puis, on a su que le pr\u00e9sident Blaise Compaor\u00e9 n\u2019a pas donn\u00e9 sa d\u00e9mission <\/b>et il a supprim\u00e9 l\u2019\u00e9tat d\u2019urgence sur tout le territoire national, d\u00e9cr\u00e9t\u00e9 quelques heures auparavant. Il a annonc\u00e9 directement les derni\u00e8res d\u00e9cisions au cours d\u2019une allocution t\u00e9l\u00e9vis\u00e9e. Les d\u00e9clarations du pr\u00e9sident ont provoqu\u00e9 une confusion ult\u00e9rieure \u00e0 une situation d\u00e9j\u00e0 compliqu\u00e9e et incertaine.  <b>De fait, \u00e0 Ouagadougou la capitale, actuellement qui est au pouvoir\u00a0? Ce n\u2019est pas clair. <\/b>En effet, quelques heures avant le chef d\u2019\u00e9tat-major des forces arm\u00e9es avait fait savoir que \u00ab\u00a0les pouvoirs ex\u00e9cutifs et l\u00e9gislatifs seront confi\u00e9s \u00e0 un organisme de transition qui sera constitu\u00e9 apr\u00e8s consultations entre toutes les forces vives de la nation\u00a0\u00bb. De plus, le but de la transition serait \u00ab\u00a0le retour \u00e0 l\u2019ordre constitutionnel d\u2019ici \u00e0 12 mois\u00a0\u00bb. L\u2019arm\u00e9e a aussi d\u00e9cr\u00e9t\u00e9 un couvre-feu sur tout le territoire national de 19 \u00e0 6 heures. Telle est la situation en date du 30 Octobre, qui est en \u00e9volution continue. Au moment o\u00f9 nous publions cet article, nous apprenons que l\u2019ancien pr\u00e9sident Blaise Compaor\u00e9 a donn\u00e9 sa d\u00e9mission et qu&rsquo;on ne sait pas o\u00f9 il est. Les militaires se trouvent divis\u00e9s en deux groupes\u00a0: l\u2019arm\u00e9e et la garde pr\u00e9sidentielle avec chacun un chef \u00e0 leur t\u00eate.  <b>\u201cNous prions pour la paix. Nous demandons \u00e0 toutes les parties de faire preuve de retenue et de limiter les d\u00e9g\u00e2ts en ce moment particuli\u00e8rement critique pour notre pays\u201d :<\/b> c\u2019est l\u2019appel de l\u2019\u00e9v\u00eaque de Bobo Dioulasso, qui est aussi pr\u00e9sident de Caritas Burkina Faso, <b>Mgr Paul Ou\u00e9draogo,<\/b> \u00ab\u00a0en qui \u2013 disent les Focolari du B.F. \u2013 nous nous sentons exprim\u00e9s\u00a0\u00bb. <em><\/em>  Mise \u00e0 jour \u00e0 3 Novembre, 2014<\/p>\n","protected":false},"excerpt":{"rendered":"<p>Dominique Djir\u00e9 et Aurora Oliveira vivent dans les deux centres des Focolari \u00e0 Bobo-Diousasso. Nous avons pu les y rejoindre par t\u00e9l\u00e9phone pour leur demander des nouvelles en ce moment de chaos national.<\/p>\n","protected":false},"author":34,"featured_media":0,"comment_status":"open","ping_status":"open","sticky":false,"template":"","format":"standard","meta":{"give_campaign_id":0,"_seopress_robots_primary_cat":"","_seopress_titles_title":"","_seopress_titles_desc":"","_seopress_robots_index":"","_et_pb_use_builder":"","_et_pb_old_content":"","_et_gb_content_width":"","footnotes":""},"categories":[906],"tags":[],"class_list":["post-329966","post","type-post","status-publish","format-standard","hentry","category-focolare-worldwide-2-3"],"_links":{"self":[{"href":"https:\/\/www.focolare.org\/fr\/wp-json\/wp\/v2\/posts\/329966","targetHints":{"allow":["GET"]}}],"collection":[{"href":"https:\/\/www.focolare.org\/fr\/wp-json\/wp\/v2\/posts"}],"about":[{"href":"https:\/\/www.focolare.org\/fr\/wp-json\/wp\/v2\/types\/post"}],"author":[{"embeddable":true,"href":"https:\/\/www.focolare.org\/fr\/wp-json\/wp\/v2\/users\/34"}],"replies":[{"embeddable":true,"href":"https:\/\/www.focolare.org\/fr\/wp-json\/wp\/v2\/comments?post=329966"}],"version-history":[{"count":0,"href":"https:\/\/www.focolare.org\/fr\/wp-json\/wp\/v2\/posts\/329966\/revisions"}],"wp:attachment":[{"href":"https:\/\/www.focolare.org\/fr\/wp-json\/wp\/v2\/media?parent=329966"}],"wp:term":[{"taxonomy":"category","embeddable":true,"href":"https:\/\/www.focolare.org\/fr\/wp-json\/wp\/v2\/categories?post=329966"},{"taxonomy":"post_tag","embeddable":true,"href":"https:\/\/www.focolare.org\/fr\/wp-json\/wp\/v2\/tags?post=329966"}],"curies":[{"name":"wp","href":"https:\/\/api.w.org\/{rel}","templated":true}]}}