{"id":329978,"date":"2014-11-07T10:49:08","date_gmt":"2014-11-07T09:49:08","guid":{"rendered":"https:\/\/www.focolare.org\/le-pape-la-fraternite-entre-chretiens-signe-lumineux-de-la-foi\/"},"modified":"2024-05-16T15:10:12","modified_gmt":"2024-05-16T13:10:12","slug":"le-pape-la-fraternite-entre-chretiens-signe-lumineux-de-la-foi","status":"publish","type":"post","link":"https:\/\/www.focolare.org\/fr\/le-pape-la-fraternite-entre-chretiens-signe-lumineux-de-la-foi\/","title":{"rendered":"Le Pape : \u00ab la fraternit\u00e9 entre chr\u00e9tiens, signe lumineux de la Foi \u00bb"},"content":{"rendered":"<p><a href=\"https:\/\/www.focolare.org\/wp-content\/uploads\/2014\/11\/Vescovi_PapaFrancesco_21.jpg\"><img loading=\"lazy\" decoding=\"async\" class=\" wp-image-113955 alignright\" style=\"margin-left: 10px\" alt=\"Vescovi_PapaFrancesco_2\" src=\"https:\/\/www.focolare.org\/wp-content\/uploads\/2014\/11\/Vescovi_PapaFrancesco_21.jpg\" width=\"384\" height=\"247\" \/><\/a><strong>C\u2019est un appel \u00e0 l\u2019unit\u00e9<\/strong> que le Pape Fran\u00e7ois a lanc\u00e9 ce vendredi matin au Vatican aux participants de la <a href=\"https:\/\/www.focolare.org\/press\/files\/2014\/11\/20141102CS_ConvegnoEcumenicoVescoviAmiciFocolari_FR.pdf\" target=\"_blank\" rel=\"noopener\">conf\u00e9rence \u0153cum\u00e9nique des \u00e9v\u00eaques amis du Mouvement des Focolari,<\/a> dont le th\u00e8me est \u00ab\u00a0l\u2019eucharistie, myst\u00e8re de communion\u00a0\u00bb. Dans son discours, le Pape a soulign\u00e9 l\u2019importance \u00ab\u00a0d\u2019un t\u00e9moignage clair d\u2019unit\u00e9 entre les chr\u00e9tiens et d\u2019une marque d\u2019estime explicite, de respect et de fraternit\u00e9 entre\u00a0\u00bb eux. \u00ab\u00a0Cette fraternit\u00e9 est un signe lumineux et attrayant de notre foi dans le Christ ressuscit\u00e9,\u00a0\u00bb a-t-il ajout\u00e9. Cette unit\u00e9 et cette fraternit\u00e9 est d\u2019autant plus n\u00e9cessaire dans un monde difficile.  Notre conscience de chr\u00e9tiens et de pasteurs est interpel\u00e9e par plusieurs r\u00e9alit\u00e9s malheureuses\u00a0: l\u2019absence de \u00ab\u00a0libert\u00e9 de manifester publiquement sa religion et de vivre ouvertement selon les exigences de l\u2019\u00e9thique chr\u00e9tienne\u00a0\u00bb, \u00ab\u00a0les pers\u00e9cutions envers les chr\u00e9tiens et les autres minorit\u00e9s, le triste ph\u00e9nom\u00e8ne du terrorisme, le drame des r\u00e9fugi\u00e9s \u00e0 cause de la guerre, les d\u00e9fis du fondamentalisme ou de l\u2019autre extr\u00eame, le s\u00e9cularisme exasp\u00e9r\u00e9\u00a0\u00bb.  Autant de r\u00e9alit\u00e9s list\u00e9es par le Pape et qui nous poussent, comme chr\u00e9tiens, \u00e0 \u00ab\u00a0r\u00e9pondre de mani\u00e8re incisive\u00a0\u00bb, \u00ab\u00a0\u00e0 parler et \u00e0 agir comme des fr\u00e8res, d\u2019une mani\u00e8re que tout le monde puisse facilement reconna\u00eetre\u00a0\u00bb. Selon le Pape, c\u2019est m\u00eame le meilleur moyen de \u00ab\u00a0r\u00e9pondre \u00e0 la mondialisation de l\u2019indiff\u00e9rence par une mondialisation de la solidarit\u00e9 et de la fraternit\u00e9, qui devra pour les baptis\u00e9s, resplendir de mani\u00e8re encore plus nette.\u00a0\u00bb  \u00ab\u00a0<strong>Ces d\u00e9fis sont un appel \u00e0 chercher<\/strong>, avec un engagement renouvel\u00e9, avec constance et avec patience, les chemins qui conduisent vers l\u2019unit\u00e9 pour que le monde croie\u00a0\u00bb, a expliqu\u00e9 ensuite le Pape. L\u2019un de ces chemins, c\u2019est l\u2019eucharistie, comme myst\u00e8re de communion, \u00ab\u00a0moment de la v\u00e9rit\u00e9\u00a0\u00bb comme l\u2019a \u00e9crit saint Paul. \u00ab\u00a0C\u2019est l\u00e0 que l\u2019on v\u00e9rifie le mieux la rencontre entre la gr\u00e2ce du Christ et notre responsabilit\u00e9. Nous sentons clairement, dans l\u2019eucharistie que l\u2019unit\u00e9 est un don, et qu\u2019en m\u00eame temps, c\u2019est une grave responsabilit\u00e9\u00a0\u00bb.  <a href=\"http:\/\/fr.radiovaticana.va\/news\/2014\/11\/07\/le_pape__%C2%AB_la_fraternit%C3%A9_entre_chr%C3%A9tiens,_signe_lumineux_de_la_foi_%C2%BB\/1110489\" target=\"_blank\" rel=\"noopener\">Radio Vatican<\/a><\/p>\n","protected":false},"excerpt":{"rendered":"<p>C\u2019est un appel \u00e0 l\u2019unit\u00e9 que le Pape Fran\u00e7ois a lanc\u00e9  au Vatican aux participants de la conf\u00e9rence \u0153cum\u00e9nique des \u00e9v\u00eaques amis du Mouvement des Focolari, dont le th\u00e8me est \u00ab l\u2019eucharistie, myst\u00e8re de communion \u00bb.<\/p>\n","protected":false},"author":34,"featured_media":0,"comment_status":"open","ping_status":"open","sticky":false,"template":"","format":"standard","meta":{"give_campaign_id":0,"_seopress_robots_primary_cat":"","_seopress_titles_title":"","_seopress_titles_desc":"","_seopress_robots_index":"","_et_pb_use_builder":"","_et_pb_old_content":"","_et_gb_content_width":"","footnotes":""},"categories":[47],"tags":[],"class_list":["post-329978","post","type-post","status-publish","format-standard","hentry","category-non-classifiee"],"_links":{"self":[{"href":"https:\/\/www.focolare.org\/fr\/wp-json\/wp\/v2\/posts\/329978","targetHints":{"allow":["GET"]}}],"collection":[{"href":"https:\/\/www.focolare.org\/fr\/wp-json\/wp\/v2\/posts"}],"about":[{"href":"https:\/\/www.focolare.org\/fr\/wp-json\/wp\/v2\/types\/post"}],"author":[{"embeddable":true,"href":"https:\/\/www.focolare.org\/fr\/wp-json\/wp\/v2\/users\/34"}],"replies":[{"embeddable":true,"href":"https:\/\/www.focolare.org\/fr\/wp-json\/wp\/v2\/comments?post=329978"}],"version-history":[{"count":0,"href":"https:\/\/www.focolare.org\/fr\/wp-json\/wp\/v2\/posts\/329978\/revisions"}],"wp:attachment":[{"href":"https:\/\/www.focolare.org\/fr\/wp-json\/wp\/v2\/media?parent=329978"}],"wp:term":[{"taxonomy":"category","embeddable":true,"href":"https:\/\/www.focolare.org\/fr\/wp-json\/wp\/v2\/categories?post=329978"},{"taxonomy":"post_tag","embeddable":true,"href":"https:\/\/www.focolare.org\/fr\/wp-json\/wp\/v2\/tags?post=329978"}],"curies":[{"name":"wp","href":"https:\/\/api.w.org\/{rel}","templated":true}]}}