{"id":329994,"date":"2014-11-13T12:00:33","date_gmt":"2014-11-13T11:00:33","guid":{"rendered":"https:\/\/www.focolare.org\/croatie-congres-edec-europeen\/"},"modified":"2024-05-16T15:10:16","modified_gmt":"2024-05-16T13:10:16","slug":"croatie-congres-edec-europeen","status":"publish","type":"post","link":"https:\/\/www.focolare.org\/fr\/croatie-congres-edec-europeen\/","title":{"rendered":"Croatie: congr\u00e8s \u00c9deC europ\u00e9en"},"content":{"rendered":"<p><p><img loading=\"lazy\" decoding=\"async\" class=\"alignright wp-image-114261\" src=\"https:\/\/www.focolare.org\/wp-content\/uploads\/2014\/11\/DSC00152.jpg\" alt=\"DSC00152\" width=\"320\" height=\"214\" \/><\/p>\n<p><strong>\u00ab\u00a0L\u2019\u00c9conomie de communion n\u2019est pas \u2018un fait\u2019, mais \u2018un processus\u2019<\/strong>\u00ab\u00a0, un concept r\u00e9p\u00e9t\u00e9 plusieurs fois durant le 5<sup>\u00e8me<\/sup> rendez-vous des entrepreneurs et protagonistes de l\u2019<a href=\"http:\/\/www.edc-online.org\/fr\/\" target=\"_blank\" rel=\"noopener\">\u00c9deC<\/a> europ\u00e9enne en <a href=\"https:\/\/www.focolare.org\/fr\/focolare-worldwide\/europa\/croazia\/\">Croatie<\/a>, dans la cit\u00e9-pilote des Focolari, \u00e0 Kri\u017eevci (17-20 octobre 2014). Cette rencontre a aussi \u00e9t\u00e9 un processus, une communion qui s\u2019est cr\u00e9\u00e9e jour apr\u00e8s jour.<\/p>\n<p><strong>Les participants<\/strong>, plus de 150, provenaient de 23 pays: en plus de l\u2019Europe, il y avait des repr\u00e9sentants du <a href=\"https:\/\/www.focolare.org\/fr\/focolare-worldwide\/america-sud\/brasile\/\">Br\u00e9sil<\/a>, de l\u2019<a href=\"https:\/\/www.focolare.org\/fr\/focolare-worldwide\/america-sud\/argentina\/\">Argentine<\/a>, du <a href=\"https:\/\/www.focolare.org\/fr\/focolare-worldwide\/africa\/repubblica-democratica-del-congo\/\">Congo<\/a> et de l&rsquo;<a href=\"https:\/\/www.focolare.org\/fr\/focolare-worldwide\/asia\/india\/\">Inde<\/a>. \u00c0 la rencontre ont aussi particip\u00e9 42 jeunes entre 18 et 30 ans des sept pays qui ont adh\u00e9r\u00e9 au projet <a href=\"http:\/\/www.edc-online.org\/fr\/accueil\/607-francais\/home-fr\/fr-evenements-internationales\/9720-un-fructueux-echange.html\" target=\"_blank\" rel=\"noopener\">\u00ab\u00a0Together we grow: youth towards an inclusive economy\u00a0\u00bb<\/a>. En pratique, sept associations europ\u00e9ennes (de Croatie, Roumanie, Hongrie, Mac\u00e9doine, Bulgarie, Allemagne et Italie) ont pens\u00e9 organiser en parall\u00e8le, et faisant partie int\u00e9grante de la rencontre des entrepreneurs, \u00ab\u00a0un \u00e9change\u00a0\u00bb pour les jeunes intitul\u00e9 \u00ab\u00a0Grandir ensemble: des jeunes pour une \u00e9conomie qui favorise l\u2019int\u00e9gration\u00a0\u00bb, avec le soutien de la Commission europ\u00e9enne qui cofinance le projet.<\/p>\n<p><strong>Qu\u2019est-ce que l\u2019\u00c9deC aujourd\u2019hui, o\u00f9 en sommes-nous et quelles sont ses perspectives?<\/strong><\/p>\n<p>Le professeur<strong> Luigino Bruni<\/strong> a r\u00e9pondu \u00e0 ces questions, rappelant les d\u00e9buts du Mouvement des Focolari en 1943, lorsque <a href=\"https:\/\/www.focolare.org\/fr\/chiara-lubich\/chi-e-chiara\/\">Chiara Lubich<\/a> et les premi\u00e8res focolarines accueillaient les pauvres chez elles pour manger. \u00ab\u00a0C\u2019est la premi\u00e8re image de l\u2019\u00c9deC \u2013 a-t-il affirm\u00e9. Dans cette image, le pauvre est dans la maison et c&rsquo;est cela la fraternit\u00e9.\u00a0\u00bb Et concernant les d\u00e9fis auxquels l\u2019\u00c9conomie de Communion est confront\u00e9e, Bruni les a r\u00e9sum\u00e9s en trois titres: proposer un grand id\u00e9al, les premiers pauvres d\u2019aujourd\u2019hui sont les jeunes parce qu\u2019ils n\u2019ont pas de travail, et faire les choses avec ceux qui d\u00e9j\u00e0 partagent les m\u00eames valeurs de communion et de fraternit\u00e9.<\/p>\n<p><img loading=\"lazy\" decoding=\"async\" class=\"alignleft wp-image-114260\" src=\"https:\/\/www.focolare.org\/wp-content\/uploads\/2014\/11\/DSC00143.jpg\" alt=\"DSC00143\" width=\"320\" height=\"214\" \/><strong>Les trois journ\u00e9es en Croatie<\/strong> ont \u00e9t\u00e9 riches en t\u00e9moignages des entrepreneurs pr\u00e9sents. <strong>Nico Daenens<\/strong> (<a href=\"https:\/\/www.focolare.org\/fr\/focolare-worldwide\/europa\/belgio\/\">Belgique<\/a>) a pr\u00e9sent\u00e9 son entreprise, qui fournit des services d\u2019aide \u00e0 domicile, avec 3000 collaborateurs. <strong>Koen et Chris<\/strong> de la Belgique, avec <strong>Atila et Boglarka<\/strong> de la <a href=\"https:\/\/www.focolare.org\/fr\/focolare-worldwide\/europa\/serbia\/\">Serbie<\/a>, ont aussi racont\u00e9 la collaboration qui est n\u00e9e gr\u00e2ce au partage des valeurs de l\u2019\u00c9deC et qui aujourd\u2019hui s\u2019est concr\u00e9tis\u00e9e dans une entreprise en Serbie.<\/p>\n<p><b>Les apr\u00e8s-midis \u00e9taient r\u00e9serv\u00e9s aux <strong>ateliers sur diff\u00e9rents th\u00e8mes:<\/strong><\/b> \u00ab\u00a0Que faut-il pour r\u00e9aliser un business plan et une start-up \u00c9deC?\u00a0\u00bb, \u00ab\u00a0Les voies d\u2019inclusion des pauvres au niveau local dans la vie de l\u2019entreprise de communion\u00a0\u00bb, \u00ab\u00a0La diffusion du projet \u00c9deC et de sa culture\u00a0\u00bb, \u00ab\u00a0Management des associations \u00e0 but non lucratif\u00a0\u00bb, etc.<\/p>\n<p><strong>Une des personnes<\/strong> pr\u00e9sentes r\u00e9sumaient la rencontre ainsi: \u00ab\u00a0Un vrai laboratoire de fraternit\u00e9, ouvert \u00e0 des projets futurs qui, esp\u00e9rons-le, nous guident au-del\u00e0 des vieilles fronti\u00e8res g\u00e9ographiques et mentales, en suivant la voie de la communion\u00a0\u00bb.<\/p>\n<p><b>Source:<\/b> <a href=\"http:\/\/www.edc-online.org\/fr\/\" target=\"_blank\" rel=\"noopener\">\u00c9deC online<\/a><\/p><\/p>\n","protected":false},"excerpt":{"rendered":"<p>Conclusion, dans la Mariapolis Faro, du 5\u00e8me rendez-vous des entrepreneurs de l\u2019\u00c9conomie de Communion europ\u00e9enne. Participation active des jeunes du projet \u00ab\u00a0Together we grow: youth towards an inclusive economy\u00a0\u00bb.<\/p>\n","protected":false},"author":34,"featured_media":0,"comment_status":"open","ping_status":"open","sticky":false,"template":"","format":"standard","meta":{"give_campaign_id":0,"_seopress_robots_primary_cat":"","_seopress_titles_title":"","_seopress_titles_desc":"","_seopress_robots_index":"","_et_pb_use_builder":"","_et_pb_old_content":"","_et_gb_content_width":"","footnotes":""},"categories":[906,907],"tags":[],"class_list":["post-329994","post","type-post","status-publish","format-standard","hentry","category-focolare-worldwide-2-3","category-senza-categoria-2-3"],"_links":{"self":[{"href":"https:\/\/www.focolare.org\/fr\/wp-json\/wp\/v2\/posts\/329994","targetHints":{"allow":["GET"]}}],"collection":[{"href":"https:\/\/www.focolare.org\/fr\/wp-json\/wp\/v2\/posts"}],"about":[{"href":"https:\/\/www.focolare.org\/fr\/wp-json\/wp\/v2\/types\/post"}],"author":[{"embeddable":true,"href":"https:\/\/www.focolare.org\/fr\/wp-json\/wp\/v2\/users\/34"}],"replies":[{"embeddable":true,"href":"https:\/\/www.focolare.org\/fr\/wp-json\/wp\/v2\/comments?post=329994"}],"version-history":[{"count":0,"href":"https:\/\/www.focolare.org\/fr\/wp-json\/wp\/v2\/posts\/329994\/revisions"}],"wp:attachment":[{"href":"https:\/\/www.focolare.org\/fr\/wp-json\/wp\/v2\/media?parent=329994"}],"wp:term":[{"taxonomy":"category","embeddable":true,"href":"https:\/\/www.focolare.org\/fr\/wp-json\/wp\/v2\/categories?post=329994"},{"taxonomy":"post_tag","embeddable":true,"href":"https:\/\/www.focolare.org\/fr\/wp-json\/wp\/v2\/tags?post=329994"}],"curies":[{"name":"wp","href":"https:\/\/api.w.org\/{rel}","templated":true}]}}