{"id":330004,"date":"2014-11-18T04:06:00","date_gmt":"2014-11-18T03:06:00","guid":{"rendered":"https:\/\/www.focolare.org\/iii-congres-mondial-des-mouvements-et-nouvelles-communautes-sur-le-seuil-de-la-porte\/"},"modified":"2024-05-16T15:10:17","modified_gmt":"2024-05-16T13:10:17","slug":"iii-congres-mondial-des-mouvements-et-nouvelles-communautes-sur-le-seuil-de-la-porte","status":"publish","type":"post","link":"https:\/\/www.focolare.org\/fr\/iii-congres-mondial-des-mouvements-et-nouvelles-communautes-sur-le-seuil-de-la-porte\/","title":{"rendered":"III\u00b0 Congr\u00e8s mondial des Mouvements et Nouvelles communaut\u00e9s sur le seuil de la porte"},"content":{"rendered":"<p><p><img loading=\"lazy\" decoding=\"async\" class=\"alignright wp-image-114487\" src=\"https:\/\/www.focolare.org\/wp-content\/uploads\/2014\/11\/20111118-01.jpg\" alt=\"20111118-01\" width=\"320\" height=\"214\" \/><strong>C\u2019est le Pr\u00e9sident du dicast\u00e8re<\/strong>, le cardinal Stanislaw Rylko, avec le scr\u00e9taire Mgr Josef Clemens, qui <strong>a pr\u00e9sent\u00e9 \u00e0 la presse le III\u00b0 congr\u00e8s mondial au Vatican. <\/strong>Les attentes des mouvements et des communaut\u00e9s ont \u00e9t\u00e9 confi\u00e9es \u00e0 Maria Voce, pr\u00e9sidente des Focolari, et \u00e0 Jean Luc Moens, responsable pour les relations internationales de la \u00ab\u00a0Communaut\u00e9 de l\u2019Emmanuel\u00a0\u00bb.<\/p>\n<p><strong>Il s\u2019agit de la troisi\u00e8me \u00e9tape d\u2019une \u00ab\u00a0croissance vers la maturit\u00e9 eccl\u00e9siale\u00a0\u00bb. <\/strong><a href=\"https:\/\/www.focolare.org\/fr\/in-dialogo\/chiesa-cattolica\/page\/111\/\">La premi\u00e8re manifestation <\/a>se d\u00e9roula en 1998 puis en 2006, en m\u00eame temps que les deux grands rassemblements des mouvements avec Jean Paul II d\u2019abord \u2013 qui d\u00e9finissait le ph\u00e9nom\u00e8ne des mouvements comme un \u00ab\u00a0courant de gr\u00e2ce\u00a0\u00bb, et affirmait que l\u2019Eglise s\u2019attendait d\u2019eux des \u00ab\u00a0fruits <em>m\u00fbrs<\/em> de communion et d\u2019engagements\u00a0\u00bb &#8211; et avec Benoit XVI, qui voyait dans ce chemin \u00ab\u00a0une provocation salutaire\u00a0\u00bb pour l\u2019Eglise, \u00ab\u00a0minorit\u00e9 cr\u00e9ative\u00a0\u00bb d\u00e9cisive pour le futur de l\u2019humanit\u00e9.<\/p>\n<p>Le pape Fran\u00e7ois a rencontr\u00e9 les mouvements et les communaut\u00e9s le <a href=\"https:\/\/www.focolare.org\/fr\/news\/2013\/05\/19\/uscite-fuori-uscite-linvito-di-papa-francesco\/\">18 mai 2013<\/a>, et maintenant le 3\u00b0 congr\u00e8s mondial part de son exhortation <em><a href=\"http:\/\/w2.vatican.va\/content\/francesco\/fr\/apost_exhortations\/documents\/papa-francesco_esortazione-ap_20131124_evangelii-gaudium.html\" target=\"_blank\" rel=\"noopener\">Evangelii Gaudium<\/a>. <\/em>Dans cette lettre Fran\u00e7ois appelle les mouvements \u00e0 \u00ab\u00a0\u00eatre de vrais protagonistes d\u2019une nouvelle \u00e9tape dans la mission \u00e9vang\u00e9lisatrice de l\u2019Eglise, marqu\u00e9e par la joie\u00a0\u00bb, tendue vers les \u00ab\u00a0p\u00e9riph\u00e9ries g\u00e9ographiques et existentielles de notre monde\u00a0\u00bb, \u00ab\u00a0proche de tous les pauvres, les souffrants et les exclus \u2013 produit amer de la <em>culture du d\u00e9chet <\/em>qui domine aujourd\u2019hui\u00a0\u00bb.<\/p>\n<p>Face aux journalistes, <strong>le cardinal Stanislaw Rylko se fait l\u2019expression d\u2019un bon nombre en posant une question. <\/strong>Comment se fait-il que \u00ab\u00a0dans un monde qui refuse Dieu de mani\u00e8re aussi radicale, <strong>on trouve encore tant d\u2019hommes, de femmes, adultes et jeunes, qui d\u00e9couvrent la joie et la beaut\u00e9 d\u2019\u00eatre chr\u00e9tiens\u00a0\u00bb et <\/strong>\u00ab\u00a0choisissent le Christ et son \u00e9vangile comme boussole sure pour leur existence\u00a0?\u00a0\u00bb. La vari\u00e9t\u00e9 et la richesse des nouveaux charismes \u00ab\u00a0proposent des itin\u00e9raires p\u00e9dagogiques\u00a0\u00bb de vie chr\u00e9tienne d\u2019une \u00ab\u00a0efficacit\u00e9 surprenante, capables de changer la vie des personnes et de r\u00e9veiller en elles un \u00e9lan \u00e9vang\u00e9lique extraordinaire\u00a0\u00bb, avec \u00ab\u00a0leur fantaisie missionnaire, la capacit\u00e9 de trouver des expressions et des voies toujours nouvelles de t\u00e9moignage et d\u2019annonce de l\u2019\u00e9vangile\u00a0\u00bb.<\/p>\n<p>Le secr\u00e9taire du Conseil Pontifical pour les la\u00efcs, Mgr Josef Clemens, s\u2019est par contre arr\u00eat\u00e9 sur le <strong>contenu <\/strong>des trois journ\u00e9es\u00a0: contexte et aspect diff\u00e9rents de l\u2019\u00e9vang\u00e9lisation, purification des obstacles et des emp\u00eachements, dynamisme et collaboration entre charismes, r\u00f4le des femmes et parcours pour inclure les pauvres.<\/p>\n<p><strong>Maria Voce, pr\u00e9sidente des Focolari, <\/strong>a mis en \u00e9vidence ce que le Concile Vatican II aujourd\u2019hui repr\u00e9sente pour les la\u00efcs comme \u00ab\u00a0stimulent et reflet\u00a0\u00bb de sa propre \u00ab\u00a0vocation et responsabilit\u00e9 vis-\u00e0-vis de l\u2019Eglise et du monde contemporain\u00a0\u00bb. En exprimant les attentes des la\u00efcs, elle a souhait\u00e9 que le Congr\u00e8s \u00ab\u00a0<strong>marque une \u00e9tape vers la maturit\u00e9\u00a0\u00bb, et<\/strong> que \u00ab les r\u00e9flexions et confrontations, en communion de succ\u00e8s et d&rsquo;\u00e9checs, d&rsquo;exp\u00e9riences et de projets, posent les conditions pour que Dieu, Seigneur de l&rsquo;histoire, puisse en extraire non seulement des fruits de communion et d&rsquo;enrichissement mutuel, mais aussi qu&rsquo;Il oriente davantage tous les participants, et tous ensemble, \u00e0 vivre toujours et avec une joie renouvel\u00e9e, pour l&rsquo;unique grand objectif de l\u2019\u00c9glise du Christ\u00a0: \u00ab\u00a0P\u00e8re qu&rsquo;ils soient un\u2026 que tous soient un\u00a0\u00bb. Voil\u00e0 quel est le \u2018r\u00eave de Dieu\u2019. Esp\u00e9rons que nous saurons r\u00e9pondre aux attentes plus profondes des hommes et des femmes d\u2019aujourd\u2019hui et contribuer \u00e0 faire de l\u2019humanit\u00e9 une seule et grande famille\u00a0\u00bb.<\/p>\n<p>\u201c Nous voulons avancer sur le chemin de la conversion pastorale\u00a0\u00bb que nous demande le pape, et surtout \u00ab\u00a0faire une exp\u00e9rience de communion\u00a0\u00bb, a dit <strong>Jean Luc Moens de la Communaut\u00e9 de l\u2019Emmanuel<\/strong>, qui a confirm\u00e9 \u00ab\u00a0<strong>pour nous il est tr\u00e8s int\u00e9ressant de d\u00e9couvrir comment l\u2019Esprit Saint travaille chez les autres. Le Congr\u00e8s sera une occasion unique pour faire cette d\u00e9couverte r\u00e9ciproque\u00a0\u00bb.<\/strong><\/p>\n<p><strong>Info\u00a0: <\/strong><a href=\"http:\/\/www.laici.va\/\"><strong>www.laici.va<\/strong><\/a><\/p>\n<p>De l\u2019<a href=\"https:\/\/www.focolare.org\/fr\/news\/2014\/11\/18\/movimenti-ecclesiali-una-storia-comune-e-feconda\/?doing_wp_cron=1416327530.2341210842132568359375\" target=\"_blank\" rel=\"noopener\">intervention <\/a>de Maria Voce \u00e0 la conf\u00e9rence de presse de pr\u00e9sentation du 3\u00b0 Congr\u00e8s des Mouvements eccl\u00e9siaux et des nouvelles communaut\u00e9s<strong><strong><\/p>\n<p><\/strong><\/strong><\/p>\n<p>&nbsp;<\/p>\n<p><strong>\u00a0<\/strong><\/p><\/p>\n","protected":false},"excerpt":{"rendered":"<p>Il accueillera 300 d\u00e9l\u00e9gu\u00e9s d\u2019une centaine de r\u00e9alit\u00e9s eccl\u00e9siales du monde entier. Il se tiendra \u00e0 Rome du 20 au 22 novembre, organis\u00e9 par le Conseil Pontifical pour les la\u00efcs. Le th\u00e8me : \u00ab La joie de l\u2019\u00e9vangile : une joie missionnaire \u00bb.<\/p>\n","protected":false},"author":27,"featured_media":0,"comment_status":"open","ping_status":"open","sticky":false,"template":"","format":"standard","meta":{"give_campaign_id":0,"_seopress_robots_primary_cat":"","_seopress_titles_title":"","_seopress_titles_desc":"","_seopress_robots_index":"","_et_pb_use_builder":"","_et_pb_old_content":"","_et_gb_content_width":"","footnotes":""},"categories":[47],"tags":[],"class_list":["post-330004","post","type-post","status-publish","format-standard","hentry","category-non-classifiee"],"_links":{"self":[{"href":"https:\/\/www.focolare.org\/fr\/wp-json\/wp\/v2\/posts\/330004","targetHints":{"allow":["GET"]}}],"collection":[{"href":"https:\/\/www.focolare.org\/fr\/wp-json\/wp\/v2\/posts"}],"about":[{"href":"https:\/\/www.focolare.org\/fr\/wp-json\/wp\/v2\/types\/post"}],"author":[{"embeddable":true,"href":"https:\/\/www.focolare.org\/fr\/wp-json\/wp\/v2\/users\/27"}],"replies":[{"embeddable":true,"href":"https:\/\/www.focolare.org\/fr\/wp-json\/wp\/v2\/comments?post=330004"}],"version-history":[{"count":0,"href":"https:\/\/www.focolare.org\/fr\/wp-json\/wp\/v2\/posts\/330004\/revisions"}],"wp:attachment":[{"href":"https:\/\/www.focolare.org\/fr\/wp-json\/wp\/v2\/media?parent=330004"}],"wp:term":[{"taxonomy":"category","embeddable":true,"href":"https:\/\/www.focolare.org\/fr\/wp-json\/wp\/v2\/categories?post=330004"},{"taxonomy":"post_tag","embeddable":true,"href":"https:\/\/www.focolare.org\/fr\/wp-json\/wp\/v2\/tags?post=330004"}],"curies":[{"name":"wp","href":"https:\/\/api.w.org\/{rel}","templated":true}]}}