{"id":330048,"date":"2014-12-04T09:35:24","date_gmt":"2014-12-04T08:35:24","guid":{"rendered":"https:\/\/www.focolare.org\/itiniziato-lanno-della-vita-consacrataenthe-year-of-consecrated-life-has-begunes-inaugurado-el-ano-de-la-vida-consagradaptiniciado-o-ano-da-vida-consagradazh%e7%8d%bb%e8%ba%ab\/"},"modified":"2024-05-16T15:10:26","modified_gmt":"2024-05-16T13:10:26","slug":"itiniziato-lanno-della-vita-consacrataenthe-year-of-consecrated-life-has-begunes-inaugurado-el-ano-de-la-vida-consagradaptiniciado-o-ano-da-vida-consagradazh%e7%8d%bb%e8%ba%ab","status":"publish","type":"post","link":"https:\/\/www.focolare.org\/fr\/itiniziato-lanno-della-vita-consacrataenthe-year-of-consecrated-life-has-begunes-inaugurado-el-ano-de-la-vida-consagradaptiniciado-o-ano-da-vida-consagradazh%e7%8d%bb%e8%ba%ab\/","title":{"rendered":"[:it]Iniziato l\u2019Anno della Vita Consacrata[:en]The Year of Consecrated Life Has Begun[:es] Inaugurado el A\u00f1o de la Vida Consagrada[:pt]Iniciado o Ano da Vida Consagrada[:zh]\u737b\u8eab\u751f\u6d3b\u5e74\u5df2\u958b\u555f"},"content":{"rendered":"<p><img loading=\"lazy\" decoding=\"async\" class=\"alignleft wp-image-115570\" src=\"https:\/\/www.focolare.org\/wp-content\/uploads\/2014\/12\/image071.jpg\" alt=\"ReligiosiCammino\" width=\"350\" height=\"232\" \/><strong>Le chemin de l&rsquo;\u00c9glise<\/strong>, malgr\u00e9 des vents contraires, est par nature un chemin d&rsquo;esp\u00e9rance qui am\u00e8ne \u00e0 J\u00e9sus Christ de mani\u00e8re irr\u00e9versible. C&rsquo;est la raison pour laquelle le logo retenu pour l&rsquo;indiction de cette ann\u00e9e sp\u00e9ciale rappelle les mots: <em>\u00c9vangile, Proph\u00e9tie, Esp\u00e9rance<\/em>.<\/p>\n<p><strong>C&rsquo;est avec cette conviction<\/strong> que les religieux et religieuses, les consacr\u00e9s et les consacr\u00e9es, hommes et femmes touch\u00e9s par les charismes qui, ont embelli l&rsquo;\u00c9glise tout au long des si\u00e8cles,se sont donn\u00e9 rendez-vous les samedi 29 puis dimanche 30 novembre, pour une Veill\u00e9e de pri\u00e8re et une C\u00e9l\u00e9bration eucharistique pour ouvrir l&rsquo;Ann\u00e9e de la Vie consacr\u00e9e.<\/p>\n<p>Le samedi soir, \u00e0 Rome, la basiliqueSainte-Marie-Majeure s&rsquo;est remplie progressivement d&rsquo;hommes et de femmes en habits aux couleurs vari\u00e9es pour la Veill\u00e9e. \u00ab\u00a0Cinquante consacr\u00e9s hommes et femmes pr\u00e9c\u00e9daient Mgr J.-L. Carballo dans la procession d&rsquo;entr\u00e9e \u00e0 Sainte-Marie-Majeure,chacun tenant un luminion comme symbole des diff\u00e9rents charismes, mais surtout, de l&rsquo;Esprit qui allume \u00e0 nouveau les c\u0153urs en une seule \u00e2me\u00a0\u00bb, racontent les pp. Theo Jansen et Mariano Steffan, du centre international des religieux de l&rsquo;\u0152uvre de Marie, pr\u00e9sents \u00e0 l&rsquo;\u00e9v\u00e9nement comme repr\u00e9sentants des religieux en lien avec \u00e0 la spiritualit\u00e9 des Focolari\u00e0 travers le monde.<\/p>\n<p><strong>\u00ab\u00a0En commentant l&rsquo;extrait d&rsquo;\u00c9vangile<\/strong> sur le miracle de J\u00e9sus \u00e0 Cana de Galil\u00e9e, de la transformation de l&rsquo;eau en vin, Mgr Carballo, qui pr\u00e9sidait la Veill\u00e9e de pri\u00e8re, disait entre autres, comment, pour recevoir le \u00ab\u00a0vin nouveau\u00a0\u00bb, nous devons aller \u00e0 J\u00e9sus, savoir le rencontrer, savoir l&rsquo;\u00e9couter, savoir le vivre\u00a0\u00bb.<\/p>\n<p>\u00ab\u00a0Nous avons tous \u00e9t\u00e9 frapp\u00e9s du fait que nous avions voulu commencer par nous mettre sous la protection de Marie la toute sainte. \u00c0 partir de ce moment, en effet, les lectures de la Bible, lesextraits d&rsquo;\u00e9crits de quelques fondateurs et les pri\u00e8res, me semblaient envelopp\u00e9es de Son manteau\u00a0\u00bb, raconte le p. Mariano. \u00ab\u00a0M\u00eame le pape Fran\u00e7ois, dans le message video enregistr\u00e9 pour l&rsquo;occasion et \u00e9cout\u00e9 avant la conclusion de la Veill\u00e9e, nous a confi\u00e9s \u00e0 Marie. Et la pri\u00e8re s&rsquo;est conclue par une invocation \u00e0 la Vierge\u00a0\u00bb, ajoute le p. Theo Jansen.<\/p>\n<p><img loading=\"lazy\" decoding=\"async\" class=\"alignright wp-image-115571\" src=\"https:\/\/www.focolare.org\/wp-content\/uploads\/2014\/12\/Card_braz_de_aviz1.jpg\" alt=\"Card_braz_de_aviz[1]\" width=\"280\" height=\"207\" \/>La C\u00e9l\u00e9bration eucharistique du dimanche 30 dans la basilique Saint-Pierre a donn\u00e9 l&rsquo;aval officiel \u00e0 l&rsquo;Ann\u00e9e de la Vie consacr\u00e9e. Le pape Fran\u00e7ois, dans la salutation inaugurale quele cardinal Jo\u00e3o Braz de Aviz, Pr\u00e9fet de la Congr\u00e9gation, a lue en d\u00e9but de la c\u00e9l\u00e9bration qu&rsquo;il pr\u00e9sidait, est revenue sur l&rsquo;exhortation:\u00a0\u00bbR\u00e9veillez le monde!\u00a0\u00bb<\/p>\n<p>Le p. Mariano disait:\u00a0\u00bbLe Pr\u00e9fet de la Congr\u00e9gation a fait sourire et r\u00e9fl\u00e9chir lorsqu&rsquo;il a dit, dans son hom\u00e9lie \u00e0 Saint-Pierre: &lsquo;Des visages plut\u00f4t tristes chez des religieux et des religieuses, toujours s\u00e9rieux, qui ne sourient jamais, ce n&rsquo;est pas joli\u00e0 voir \u2026 La joie s&rsquo;exprime et se partage\u2026'\u00a0\u00bb.<\/p>\n<p>Et le p. Theo, de conclure:\u00a0\u00bbCes deux \u00e9v\u00e9nementsont laiss\u00e9 place \u00e0 un air nouveau sur la Place Saint-Pierre. On pouvait lire sur le visage de tous la certitude qu&rsquo;avec un d\u00e9but aussi magnifique, nous pouvions vivre une profonde esp\u00e9rance. Nous sommes rentr\u00e9s chacun chez soien m\u00e9ditant toutes ces choses dans notre c\u0153ur, \u00e0 l&rsquo;exemple de Marie, avec la conviction que les pr\u00e9mices sont d\u00e9j\u00e0 l\u00e0 pour un changement de rythme de la vie religieuse et, nous le souhaitons, pour qu&rsquo;elle puisse &lsquo;r\u00e9veiller le monde&rsquo; tel que le souhaite le pape Fran\u00e7ois.\u00a0\u00bb<\/p>\n","protected":false},"excerpt":{"rendered":"<p>Avec la Veill\u00e9e de pri\u00e8re du 29 novembre et la C\u00e9l\u00e9bration eucharistique du 30, l&rsquo;Ann\u00e9e de la Vie consacr\u00e9e a \u00e9t\u00e9 officiellement lanc\u00e9e. &lsquo;R\u00e9veillez le monde!&rsquo;, tel est le v\u0153u du pape Fran\u00e7ois.<\/p>\n","protected":false},"author":34,"featured_media":0,"comment_status":"open","ping_status":"open","sticky":false,"template":"","format":"standard","meta":{"give_campaign_id":0,"_seopress_robots_primary_cat":"","_seopress_titles_title":"","_seopress_titles_desc":"","_seopress_robots_index":"","_et_pb_use_builder":"","_et_pb_old_content":"","_et_gb_content_width":"","footnotes":""},"categories":[907],"tags":[],"class_list":["post-330048","post","type-post","status-publish","format-standard","hentry","category-senza-categoria-2-3"],"_links":{"self":[{"href":"https:\/\/www.focolare.org\/fr\/wp-json\/wp\/v2\/posts\/330048","targetHints":{"allow":["GET"]}}],"collection":[{"href":"https:\/\/www.focolare.org\/fr\/wp-json\/wp\/v2\/posts"}],"about":[{"href":"https:\/\/www.focolare.org\/fr\/wp-json\/wp\/v2\/types\/post"}],"author":[{"embeddable":true,"href":"https:\/\/www.focolare.org\/fr\/wp-json\/wp\/v2\/users\/34"}],"replies":[{"embeddable":true,"href":"https:\/\/www.focolare.org\/fr\/wp-json\/wp\/v2\/comments?post=330048"}],"version-history":[{"count":0,"href":"https:\/\/www.focolare.org\/fr\/wp-json\/wp\/v2\/posts\/330048\/revisions"}],"wp:attachment":[{"href":"https:\/\/www.focolare.org\/fr\/wp-json\/wp\/v2\/media?parent=330048"}],"wp:term":[{"taxonomy":"category","embeddable":true,"href":"https:\/\/www.focolare.org\/fr\/wp-json\/wp\/v2\/categories?post=330048"},{"taxonomy":"post_tag","embeddable":true,"href":"https:\/\/www.focolare.org\/fr\/wp-json\/wp\/v2\/tags?post=330048"}],"curies":[{"name":"wp","href":"https:\/\/api.w.org\/{rel}","templated":true}]}}