{"id":330064,"date":"2014-12-10T09:33:56","date_gmt":"2014-12-10T08:33:56","guid":{"rendered":"https:\/\/www.focolare.org\/pour-une-amerique-latine-plus-humaine-et-fraternelle\/"},"modified":"2024-05-16T15:10:29","modified_gmt":"2024-05-16T13:10:29","slug":"pour-une-amerique-latine-plus-humaine-et-fraternelle","status":"publish","type":"post","link":"https:\/\/www.focolare.org\/fr\/pour-une-amerique-latine-plus-humaine-et-fraternelle\/","title":{"rendered":"Pour une Am\u00e9rique latine plus humaine et fraternelle"},"content":{"rendered":"<p><img loading=\"lazy\" decoding=\"async\" class=\"alignright size-full wp-image-115812\" src=\"https:\/\/www.focolare.org\/wp-content\/uploads\/2014\/12\/20141210-02.jpg\" alt=\"20141210-02\" width=\"448\" height=\"292\" \/>\u00ab<strong>A 64 ans de l&rsquo;institution de la Journ\u00e9e Internationale des Droits Humains<\/strong> [10 d\u00e9cembre] et de l&rsquo;appel lanc\u00e9 par l&rsquo;Assembl\u00e9e g\u00e9n\u00e9rale des Nations Unies, \u00a0\u00bbA tous les peuples du monde\u00a0\u00bb, nous, membres de UNIRedes, nous voulons rendre publique notre constitution en ligne, d\u00e9cid\u00e9e \u00e0 activer des liens authentiques de collaboration, finalis\u00e9s \u00e0 la construction d&rsquo;un monde plus juste, solidaire, \u00e0 la recherche du respect entier des droits humains\u00bb. C&rsquo;est ainsi que commence le \u00a0\u00bbManifeste\u00a0\u00bb sign\u00e9 \u00e0 l&rsquo;occasion de la Journ\u00e9e Internationale des Droits Humains, par les 50 et plus organisations sociales, initiatives et mouvements de 12 Pays d&rsquo;Am\u00e9rique Latine et des Cara\u00efbes impliqu\u00e9s dans UNIRedes.<\/p>\n<p><strong>Quels sont leurs points communs? <\/strong>L&rsquo;engagement dans le changement social \u00e0 travers une culture bas\u00e9e sur la fraternit\u00e9, comme expression sociale du charisme de l&rsquo;unit\u00e9 de Chiara Lubich. Ils \u0153uvrent sur diff\u00e9rents fronts: incidence politique, sociale, \u00e9conomique, environnementale, interg\u00e9n\u00e9rationnelle et culturelle. Principale caract\u00e9ristique: la promotion du protagonisme et de la participation des divers acteurs int\u00e9ress\u00e9s.<\/p>\n<p>Le \u00a0\u00bbManifeste\u00a0\u00bb exprime, en plus de \u00abL&rsquo;engagement \u00e0 cultiver et diffuser dans notre milieu, une culture qui respecte et prot\u00e8ge la dignit\u00e9, la libert\u00e9 et les droits de chaque \u00eatre humain; \u00e0 oeuvrer sans cesse dans le but de r\u00e9veiller, sur notre territoire, une conscience ferme et convaincue de la valeur de chaque \u00eatre et \u00e0 diffuser cette vision parmi le plus grand nombre de personnes, en partageant des exp\u00e9riences, de bonnes pratiques, du mat\u00e9riel pour la formation et les certificats d&rsquo;aptitude de nos membres, n\u00e9cessit\u00e9s et carences, pour un soutien r\u00e9ciproque sans barri\u00e8res g\u00e9ographiques ou d&rsquo;idiome et grandir dans la conscience que nous faisons tous partie d&rsquo;une famille\u00bb.<\/p>\n<p>En d\u00e9finitive, UNIRedes d\u00e9sire rendre publique la disponibilit\u00e9 \u00e0 collaborer et \u00ab\u00e0 soutenir tous ceux qui d\u00e9sirent travailler ensemble, en rendant ainsi plus visibles et concr\u00e8tes la justice et la fraternit\u00e9, qui sont des forces capables de combler le manque de dignit\u00e9 auquel beaucoup d&rsquo;\u00eatres humains sont soumis\u00bb. Pour cela, ils lancent \u00abun appel public aux institutions gouvernementales, aux organismes de la soci\u00e9t\u00e9 civile, aux personnes qui soutiennent des initiatives et actions sociales, \u00e0 s&rsquo;unir et \u00e0 partager les efforts, pour que nous puissions construire un monde dans lequel les droits de chaque homme ne soient pas viol\u00e9s, mais prot\u00e9g\u00e9s et garantis\u00bb. Unir, donc, les efforts des personnes engag\u00e9es depuis des ann\u00e9es dans les p\u00e9riph\u00e9ries latino-am\u00e9ricaines, pour la construction d&rsquo;un monde plus fraternel.<\/p>\n<p>Pour en savoir plus: <a href=\"http:\/\/www.sumafraternidad.org\/\" target=\"_blank\" rel=\"noopener\">www.sumafraternidad.org<\/a> (<a href=\"http:\/\/www.sumafraternidad.org\/web\/\" target=\"_blank\" rel=\"noopener\">http:\/\/www.sumafraternidad.org\/web\/<\/a>)<\/p>\n<p>Contacts: <a href=\"mailto:info@sumafraternidad.org\" target=\"_blank\" rel=\"noopener\">info@sumafraternidad.org<\/a> (AR) \/ <a href=\"mailto:uniredes@focolares.org.br\" target=\"_blank\" rel=\"noopener\">uniredes@focolares.org.br<\/a> (BR)<\/p>\n<p><strong>Organisations qui font partie de UNIRedes:<\/strong><br \/> <img loading=\"lazy\" decoding=\"async\" class=\"alignright wp-image-115837\" src=\"https:\/\/www.focolare.org\/wp-content\/uploads\/2014\/12\/mapa-UNIRedes2014.jpg\" alt=\"mapa-UNIRedes2014\" width=\"350\" height=\"350\" \/><a href=\"https:\/\/www.facebook.com\/apadis.degarin?fref=ts\" target=\"_blank\" rel=\"noopener\">Apadis (Asociaci\u00f3n de Padres de Ayuda al Discapacitado)<\/a> \u2013 AR<br \/> <a href=\"http:\/\/www.asociacionnuevosol.org.ar\/\" target=\"_blank\" rel=\"noopener\">Asociaci\u00f3n Civil Nuevo Sol<\/a> \u2013 AR<br \/> Associa\u00e7\u00e3o de Apoio \u00e0 Crian\u00e7a e ao Adolescente (AACA) \u2013 BR<br \/> Associa\u00e7\u00e3o de Apoio \u00e0 Fam\u00edlia, ao Grupo e \u00e0 Comunidade do Distrito Federal (Afago-DF) \u2013 BR<br \/> <a href=\"https:\/\/www.focolare.org\/news\/2007\/04\/19\/brasile-per-il-superamento-del-divario-tecnologico\/\" target=\"_blank\" rel=\"noopener\">Associa\u00e7\u00e3o de Apoio \u00e0 Fam\u00edlia, ao Grupo e \u00e0 Comunidade de S\u00e3o Paulo<\/a> (Afago-SP) \u2013 BR<br \/> Associa\u00e7\u00e3o Fam\u00edlias em Solidariedade (Afaso) \u2013 BR<br \/> Associa\u00e7\u00e3o Fam\u00edlias em Solidariedade de Cascavel (Afasovel) \u2013 BR<br \/> <a href=\"http:\/\/www.anpecom.com.br\/\" target=\"_blank\" rel=\"noopener\">Associa\u00e7\u00e3o Nacional por uma Economia de Comunh\u00e3o<\/a> (Anpecom) \u2013 BR<br \/> Associa\u00e7\u00e3o Civitas &#8211; BR<br \/> Associa\u00e7\u00e3o Pr\u00f3-Ado\u00e7\u00f5es a Dist\u00e2ncia (Apadi) \u2013 BR<br \/> Associa\u00e7\u00e3o Nossa Senhora Rainha da Paz (Anspaz) \u2013 BR<br \/> <a href=\"https:\/\/www.focolare.org\/news\/2013\/12\/09\/bolivia-la-casa-de-los-ninos\/\" target=\"_blank\" rel=\"noopener\">Casa de los Ni\u00f1os<\/a> \u2013 Bolivia<br \/> Casa do Menor S\u00e3o Miguel Arcanjo \u2013 BR<br \/> Centro de Atenci\u00f3n Integral Las \u00c1guilas \u2013 MEX<br \/> Centro Social Roger Cunha &#8211; BR<br \/> Codeso (Comuni\u00f3n para el Desarrollo Social) \u2013 UY<br \/> <a href=\"https:\/\/www.focolare.org\/news\/2012\/04\/02\/messico-scuola-santa-maria-laboratorio-di-promozione\/\" target=\"_blank\" rel=\"noopener\">Col\u00e9gio Santa Maria<\/a> \u2013 MEX<br \/> Dispensario Medico Igino Giordani \u2013 MEX<br \/> <a href=\"http:\/\/www.cidadenova.org.br\/\" target=\"_blank\" rel=\"noopener\">Editora Cidade Nova<\/a> \u2013 BR<br \/> <a href=\"https:\/\/www.focolare.org\/news\/2014\/04\/18\/la-fazenda-da-esperanca-e-il-carisma-dellunita\/\" target=\"_blank\" rel=\"noopener\">Fazenda da Esperan\u00e7a<\/a> \u2013 BR<br \/> Fundaci\u00f3n Unisol \u2013 BO<br \/> Fundaci\u00f3n Mundo Mejor \u2013 CO<br \/> Grupo Pensar \u2013 BR<br \/> Hacienda de la Esperanza de Guadalajara \u2013 MEX<br \/> Instituto Mundo Unido \u2013 BR<br \/> N\u00facleo de A\u00e7\u00e3o Comunit\u00e1ria (NAC)\/N\u00facleo Educacional Fiore \u2013 BR<br \/> N\u00facleo de A\u00e7\u00e3o Volunt\u00e1ria (NAV) \u2013 BR<br \/> Promoci\u00f3n Integral de la Persona para una Sociedad Fraterna \u2013 MEX<br \/> Ref\u00fagio Urbano \u2013 MEX<br \/> Sa\u00fade, Di\u00e1logo e Comunh\u00e3o \u2013 BR<br \/> Sociedade Movimento dos Focolari Nordeste\/Escola Santa Maria \u2013 BR<br \/> Sociedade Movimento dos Focolari \u2013 BR<br \/> <a href=\"https:\/\/www.facebook.com\/escuela.unipar?fref=ts\" target=\"_blank\" rel=\"noopener\">Unipar <\/a>(Unidad y Participaci\u00f3n) \u2013 PY<\/p>\n<p>UNIRedes est pr\u00e9sent \u00e0 travers des initiatives sociales et des mouvements \u00e9galement au Chili, Cuba, El Salvador, Guatemala et V\u00e9n\u00e9zuela.<\/p>\n","protected":false},"excerpt":{"rendered":"<p>En la Jornada Internacional de los Derechos Humanos, el manifiesto firmado por las organizaciones de UNIRedes promueve un plan de acci\u00f3n por un mundo m\u00e1s fraterno y m\u00e1s unido socialmente.<\/p>\n","protected":false},"author":34,"featured_media":0,"comment_status":"open","ping_status":"open","sticky":false,"template":"","format":"standard","meta":{"give_campaign_id":0,"_seopress_robots_primary_cat":"","_seopress_titles_title":"","_seopress_titles_desc":"","_seopress_robots_index":"","_et_pb_use_builder":"","_et_pb_old_content":"","_et_gb_content_width":"","footnotes":""},"categories":[906],"tags":[],"class_list":["post-330064","post","type-post","status-publish","format-standard","hentry","category-focolare-worldwide-2-3"],"_links":{"self":[{"href":"https:\/\/www.focolare.org\/fr\/wp-json\/wp\/v2\/posts\/330064","targetHints":{"allow":["GET"]}}],"collection":[{"href":"https:\/\/www.focolare.org\/fr\/wp-json\/wp\/v2\/posts"}],"about":[{"href":"https:\/\/www.focolare.org\/fr\/wp-json\/wp\/v2\/types\/post"}],"author":[{"embeddable":true,"href":"https:\/\/www.focolare.org\/fr\/wp-json\/wp\/v2\/users\/34"}],"replies":[{"embeddable":true,"href":"https:\/\/www.focolare.org\/fr\/wp-json\/wp\/v2\/comments?post=330064"}],"version-history":[{"count":0,"href":"https:\/\/www.focolare.org\/fr\/wp-json\/wp\/v2\/posts\/330064\/revisions"}],"wp:attachment":[{"href":"https:\/\/www.focolare.org\/fr\/wp-json\/wp\/v2\/media?parent=330064"}],"wp:term":[{"taxonomy":"category","embeddable":true,"href":"https:\/\/www.focolare.org\/fr\/wp-json\/wp\/v2\/categories?post=330064"},{"taxonomy":"post_tag","embeddable":true,"href":"https:\/\/www.focolare.org\/fr\/wp-json\/wp\/v2\/tags?post=330064"}],"curies":[{"name":"wp","href":"https:\/\/api.w.org\/{rel}","templated":true}]}}