{"id":330120,"date":"2014-12-26T08:26:44","date_gmt":"2014-12-26T07:26:44","guid":{"rendered":"https:\/\/www.focolare.org\/le-noel-de-lucio-dal-soglio\/"},"modified":"2024-05-16T15:10:40","modified_gmt":"2024-05-16T13:10:40","slug":"le-noel-de-lucio-dal-soglio","status":"publish","type":"post","link":"https:\/\/www.focolare.org\/fr\/le-noel-de-lucio-dal-soglio\/","title":{"rendered":"Le No\u00ebl de Lucio Dal Soglio"},"content":{"rendered":"<p><a href=\"https:\/\/www.focolare.org\/wp-content\/uploads\/2014\/12\/LucioDalSoglio1.jpg\"><img loading=\"lazy\" decoding=\"async\" class=\"alignright wp-image-116662\" src=\"https:\/\/www.focolare.org\/wp-content\/uploads\/2014\/12\/LucioDalSoglio1.jpg\" alt=\"LucioDalSoglio\" width=\"178\" height=\"258\" \/><\/a><strong>\u201cTu t\u2019en es all\u00e9 sans bruit, presque \u00e0 la d\u00e9rob\u00e9e et sans d\u00e9ranger personne.<\/strong> Peut-\u00eatre d\u00e9sirais-tu arriver \u00e0 temps pour f\u00eater ton No\u00ebl d\u00e9finitif l\u00e0-haut, ta naissance au ciel\u2026 \u00bb, \u00e9crit un des <a href=\"https:\/\/www.focolare.org\/fr\/movimento-dei-focolari\/scelte-e-impegno\/focolarini\/\">focolarini<\/a> qui a v\u00e9cu avec lui ces derni\u00e8res ann\u00e9es \u00e0 Rocca di Papa.  <strong>N\u00e9 \u00e0 Vicenza (Italie) le 22 f\u00e9vrier 1927,<\/strong> c\u2019est lorsqu\u2019il est \u00e9tudiant en m\u00e9decine \u00e0 Pise qu\u2019il fait connaissance avec l\u2019Id\u00e9al de l\u2019unit\u00e9. Apr\u00e8s quelques ann\u00e9es pass\u00e9es \u00e0 Rome, Pescara et Turin, voil\u00e0 qu\u2019<strong>advient le grand tournant de sa vie : l\u2019Afrique.<\/strong>  Nous sommes d\u00e9but octobre 1962 lorsque <a href=\"https:\/\/www.focolare.org\/fr\/chiara-lubich\/chi-e-chiara\/\">Chiara Lubich<\/a> et don Foresi lui demandent, ainsi qu\u2019\u00e0 Nicasio Triolo, un autre m\u00e9decin focolarino : \u00ab Vous \u00eates pr\u00eats \u00e0 partir en Afrique ? \u00bb  <strong>Le 11 f\u00e9vrier 1963 ils arrivent au Cameroun avec Danilo Gioacchin<\/strong>, v\u00e9t\u00e9rinaire, lui aussi originaire, comme Lucio, de la R\u00e9gion Venise. Dans ce nouveau contexte, chaque jour se pr\u00e9sente avec son lot d\u2019interrogations par rapport au monde qui les entoure, mais pour eux, il s\u2019agit avant tout d\u2019approcher avec respect et loyaut\u00e9 une culture et un peuple qui jusque-l\u00e0 leur \u00e9taient compl\u00e8tement \u00e9trangers. Stup\u00e9faction, incertitudes, d\u00e9couvertes leur font terriblement prendre conscience de leurs limites face \u00e0 ce qui leur appara\u00eet myst\u00e9rieux, mais leur ouverture inconditionnelle aux plans de Dieu transformera tout cela en un magnifique \u00ab chant d\u2019amour \u00bb qui accompagne la fondation du Mouvement et la diffusion de la spiritualit\u00e9 de l\u2019unit\u00e9 sur tout le continent africain. Lucio vivra cette p\u00e9riode tr\u00e8s particuli\u00e8re en lien \u00e9troit avec <strong>Chiara Lubich qui se rendra au Cameroun en 1965, 1966 et 1969.<\/strong> Plus tard, en 1992, elle ira au <a href=\"https:\/\/www.focolare.org\/fr\/focolare-worldwide\/africa\/kenya\/\">Kenya<\/a>, puis de nouveau \u00e0 <strong>Fontem (Cameroun), o\u00f9 entre temps est n\u00e9e la premi\u00e8re Cit\u00e9 pilote des focolari en Afrique.<\/strong> Elle y retournera une derni\u00e8re fois en 2000. Lucio en est tr\u00e8s heureux: \u00ab En l\u2019espace de 35 ans, constate-t-il, le r\u00eave de Chiara est devenu r\u00e9alit\u00e9, Dieu est pr\u00e9sent, l\u2019amour est vrai et l\u2019amour r\u00e9ciproque est le secret du bonheur ; et cela parce que la Vierge Marie nous a tous rassembl\u00e9s en une seule famille \u00bb.  <div id=\"attachment_116655\" style=\"width: 360px\" class=\"wp-caption alignleft\"><a href=\"https:\/\/www.focolare.org\/wp-content\/uploads\/2014\/12\/Lucio-e-Marilen-a-Fontem.jpg\"><img loading=\"lazy\" decoding=\"async\" aria-describedby=\"caption-attachment-116655\" class=\"wp-image-116655\" src=\"https:\/\/www.focolare.org\/wp-content\/uploads\/2014\/12\/Lucio-e-Marilen-a-Fontem.jpg\" alt=\"FONTEM 1970-75\" width=\"350\" height=\"233\" \/><\/a><p id=\"caption-attachment-116655\" class=\"wp-caption-text\">Da sinistra: Lucio Dal Soglio, Georges Mani, Dominic Nyukilim, Teresina Tumuhairwe, Benedict Murac Manjo, Marilen Holzhauser, d. Adolfo Raggio, Nicolette Manka Ndingsa.<\/p><\/div>  <strong>Lucio n\u2019aimait pas parler de lui, il ne se mettait jamais en avant et restait tr\u00e8s discret.<\/strong> Mais pour ceux qui ont eu la chance de le conna\u00eetre, c\u2019\u00e9tait un \u00ab grand Baobab \u00bb &#8211; comme l\u2019ont \u00e9crit quelques amis africains ces jours-ci. De nombreux \u00e9chos nous parviennent d\u2019Afrique : \u00ab Nous ne le remercierons jamais assez pour tout ce qu\u2019il a fait pour l\u2019\u0152uvre de Marie ici en Afrique !!! \u00bb \u00ab Son amour pour chacun \u00e9tait infini, car pour lui chaque personne \u00e9tait un autre Christ, ce Christ qu\u2019il aimait sans faux-semblants\u2026 \u00bb \u00ab Le souvenir qu\u2019il laisse c\u2019est sa fa\u00e7on radicale et sinc\u00e8re de vivre l\u2019Evangile, celui d\u2019un fr\u00e8re a\u00een\u00e9, d\u2019un v\u00e9ritable ami qui nous a toujours accompagn\u00e9 au cours de notre saint voyage en cette vie \u00bb. \u00ab J\u2019imagine Marie Africaine en train d\u2019accueillir les bras grands ouverts ce fils ch\u00e9ri, et avec elle ses nombreux amis qui ont v\u00e9cu, souffert, travaill\u00e9 et aim\u00e9 sans mesure pour r\u00e9pandre l\u2019Id\u00e9al de l\u2019unit\u00e9 sur toutes les terres d\u2019Afrique. Ce n\u2019est pas un moment de tristesse, mais plut\u00f4t l\u2019occasion de remercier profond\u00e9ment Dieu pour avoir eu la chance de parcourir une partie de notre saint voyage avec Lucio qui a \u00e9t\u00e9 pour nous un p\u00e8re, un fr\u00e8re a\u00een\u00e9 et un ami \u00bb  La Parole de l\u2019Evangile choisie par Chiara Lubich pour l\u2019\u00e9clairer sa vie: \u201cEt ayant laiss\u00e9 les quatre vingt-dix-neuf autres brebis, il s\u2019en alla \u00e0 la recherche de celle qui s\u2019\u00e9tait perdue\u201d (Mt 18, 12)  \u00abPrions pour lui, \u00e9crit <a href=\"https:\/\/www.focolare.org\/fr\/news\/2014\/09\/15\/maria-voce\/\">Maria Voce<\/a> aux membres des Focolari, et demandons-lui d\u2019aider toute l\u2019\u0152uvre de Marie \u00e0 r\u00e9aliser le dessein de Dieu, afin que tous soient un \u00bb<\/p>\n","protected":false},"excerpt":{"rendered":"<p>Le 23 d\u00e9cembre dernier Lucio Dal Soglio s\u2019est \u00e9teint. Ce fut le premier \u00e0 faire conna\u00eetre la spiritualit\u00e9 des focolari en Afrique.Le peuple africain et partout dans le monde le Mouvement des focolari se souviennent de lui, le c\u0153ur empli d\u2019une immense gratitude.<\/p>\n","protected":false},"author":33,"featured_media":0,"comment_status":"open","ping_status":"open","sticky":false,"template":"","format":"standard","meta":{"give_campaign_id":0,"_seopress_robots_primary_cat":"","_seopress_titles_title":"","_seopress_titles_desc":"","_seopress_robots_index":"","_et_pb_use_builder":"","_et_pb_old_content":"","_et_gb_content_width":"","footnotes":""},"categories":[906],"tags":[],"class_list":["post-330120","post","type-post","status-publish","format-standard","hentry","category-focolare-worldwide-2-3"],"_links":{"self":[{"href":"https:\/\/www.focolare.org\/fr\/wp-json\/wp\/v2\/posts\/330120","targetHints":{"allow":["GET"]}}],"collection":[{"href":"https:\/\/www.focolare.org\/fr\/wp-json\/wp\/v2\/posts"}],"about":[{"href":"https:\/\/www.focolare.org\/fr\/wp-json\/wp\/v2\/types\/post"}],"author":[{"embeddable":true,"href":"https:\/\/www.focolare.org\/fr\/wp-json\/wp\/v2\/users\/33"}],"replies":[{"embeddable":true,"href":"https:\/\/www.focolare.org\/fr\/wp-json\/wp\/v2\/comments?post=330120"}],"version-history":[{"count":0,"href":"https:\/\/www.focolare.org\/fr\/wp-json\/wp\/v2\/posts\/330120\/revisions"}],"wp:attachment":[{"href":"https:\/\/www.focolare.org\/fr\/wp-json\/wp\/v2\/media?parent=330120"}],"wp:term":[{"taxonomy":"category","embeddable":true,"href":"https:\/\/www.focolare.org\/fr\/wp-json\/wp\/v2\/categories?post=330120"},{"taxonomy":"post_tag","embeddable":true,"href":"https:\/\/www.focolare.org\/fr\/wp-json\/wp\/v2\/tags?post=330120"}],"curies":[{"name":"wp","href":"https:\/\/api.w.org\/{rel}","templated":true}]}}