{"id":330204,"date":"2015-01-22T05:00:18","date_gmt":"2015-01-22T04:00:18","guid":{"rendered":"https:\/\/www.focolare.org\/a-cannes-le-prix-chiara-lubich-pour-la-fraternite\/"},"modified":"2024-05-16T15:10:58","modified_gmt":"2024-05-16T13:10:58","slug":"a-cannes-le-prix-chiara-lubich-pour-la-fraternite","status":"publish","type":"post","link":"https:\/\/www.focolare.org\/fr\/a-cannes-le-prix-chiara-lubich-pour-la-fraternite\/","title":{"rendered":"A Cannes le \u00ab\u00a0Prix Chiara Lubich pour la Fraternit\u00e9\u00a0\u00bb"},"content":{"rendered":"<p><strong>La ville de Cannes a emport\u00e9 la sixi\u00e8me \u00e9dition du \u00ab\u00a0<\/strong><a href=\"http:\/\/www.cittaperlafraternita.org\/premio-internazionale-chiara-lubich-per-la-fraternita\/\" target=\"_blank\" rel=\"noopener\">Prix Chiara Lubich pour la fraternit\u00e9<\/a><strong>\u00ab\u00a0<\/strong>. C&rsquo;est le projet <strong>\u00ab\u00a0Vivre ensemble \u00e0 Cannes\u00a0\u00bb<\/strong> qui a suscit\u00e9 cette <strong><a href=\"https:\/\/www.focolare.org\/wp-content\/uploads\/2015\/01\/logo_cittaperlafraternita.png\"><img loading=\"lazy\" decoding=\"async\" class=\"alignright size-full wp-image-118111\" src=\"https:\/\/www.focolare.org\/wp-content\/uploads\/2015\/01\/logo_cittaperlafraternita.png\" alt=\"logo_cittaperlafraternita\" width=\"186\" height=\"190\" \/><\/a><\/strong>reconnaissance en raison d&rsquo;une s\u00e9rie d&rsquo;initiatives en faveur d&rsquo;une convivialit\u00e9 pacifique qui a mobilis\u00e9 des citoyens la\u00efcs et croyants de plusieurs religions. La signature du maire de Cannes en vue de la candidature de sa ville pour le prix arrive le 7 janvier, jour de l\u2019<a href=\"https:\/\/www.focolare.org\/fr\/news\/2015\/01\/08\/charlie-hebdo-il-dialogo-per-frenare-la-barbarie\/\" target=\"_blank\" rel=\"noopener\">attentat<\/a> du si\u00e8ge de Charlie Hebdo \u00e0 Paris. \u00ab Il y a le symbole de la haine et il y a le symbole de la paix : nous voulons mettre en valeur celui de la paix \u00bb d\u00e9clare<strong> Vladimir Gaudrat<\/strong>, le P\u00e8re Abb\u00e9 cistercien, pr\u00e9sent avec la d\u00e9l\u00e9gation fran\u00e7aise \u00e0 la remise du Prix.  <strong>La c\u00e9r\u00e9monie s\u2019est d\u00e9roul\u00e9e \u00e0 Rome, le 17 janvier dernier,<\/strong> au cours d\u2019un congr\u00e8s sur le th\u00e8me \u201cDialogue et communaut\u00e9, quel lien avec la fraternit\u00e9?\u201d, organis\u00e9 par <a href=\"http:\/\/www.cittaperlafraternita.org\/lassociazione\/chi-siamo\/\" target=\"_blank\" rel=\"noopener\">l\u2019Association \u00ab Citt\u00e0 per la Fraternit\u00e0 \u00bb<\/a> (Ville pour la Fraternit\u00e9) qui a promu le prix. Le lieu choisi, le Capitole, rappelle l\u2019histoire <strong>qui relie la ville de Rome<\/strong> \u00e0 la personne dont le nom est associ\u00e9 \u00e0 ce Prix.  <strong>Le 22 janvier 2000, jour de son 80\u00e8me anniversaire, Chiara Lubich recevait en effet la citoyennet\u00e9 romaine<\/strong>. En 1949, Chiara, \u00e9tablie depuis peu dans la capitale \u2013 o\u00f9 elle a v\u00e9cu pendant dix ans \u2013 dans un article intitul\u00e9 <strong>\u00ab R\u00e9surrection de Rome \u00bb<\/strong>, d\u00e9crivait cette ville d\u00e9figur\u00e9e par la guerre et par la mis\u00e8re qui mettait \u00e0 l\u2019\u00e9preuve la dignit\u00e9 de ses habitants. Dans cet \u00e9crit elle exprimait la volont\u00e9 de contribuer \u00e0 ramener la lumi\u00e8re et l\u2019amour dan les maisons, les rues, les \u00e9tablissements scolaires, les lieux de travail, au Parlement, partout. Un souhait qu\u2019elle formula \u00e0 nouveau en juin 2000. Pour y parvenir elle indiqua une voie, celle de l\u2019art d\u2019aimer, en parfait accord avec le nom de la capitale \u00ab ROMA \u00bb qui devient \u00ab AMOR \u00bb si on le lit \u00e0 l\u2019envers. Un art qui r\u00e9sulte des valeurs de l\u2019Evangile.  <strong><a href=\"https:\/\/www.focolare.org\/wp-content\/uploads\/2015\/01\/DSC_1507-560x292.jpg\"><img loading=\"lazy\" decoding=\"async\" class=\"alignleft wp-image-118110\" src=\"https:\/\/www.focolare.org\/wp-content\/uploads\/2015\/01\/DSC_1507-560x292.jpg\" alt=\"DSC_1507-560x292\" width=\"320\" height=\"167\" \/><\/a>De ces intuitions na\u00eetra la conception que Chiara Lubich a de la ville<\/strong> et dont s\u2019inspire l\u2019Association qui regroupe actuellement 140 communes italiennes : autant de lieux de croissance communautaire, tous susceptibles de dilater leurs confins int\u00e9rieurs et ext\u00e9rieurs \u00e0 travers le jeu complexe des relations entre habitants et aussi entre citoyens et institutions. \u00ab Les villes \u2013 explique lors de son intervention <strong>Pasquale Ferrara<\/strong>, secr\u00e9taire g\u00e9n\u00e9ral de L\u2019Institut Europ\u00e9en de Florence \u2013 sont depuis toujours des lieux de pluralisme et de diversit\u00e9s, o\u00f9 les diff\u00e9rentes associations collaborent avec les institutions locales en vue de r\u00e9soudre les probl\u00e8mes \u00bb  <strong>Le cardinal Joao Braz de Aviz<\/strong>, pr\u00e9fet de la Congr\u00e9gation pour les Instituts de Vie consacr\u00e9e, a aussi t\u00e9moign\u00e9 de l\u2019importance de la fraternit\u00e9 pour la vie citoyenne, en rappelant ses exp\u00e9riences au Br\u00e9sil. \u00ab Le Mouvement des Focolari \u2013 a-t-il rappel\u00e9 \u2013 m\u2019a appris \u00e0 m\u2019ouvrir \u00e0 la diversit\u00e9, une chose que j\u2019ai pu ensuite exp\u00e9rimenter \u00e0 Brasilia\u2026jusqu\u2019au moment de mon arriv\u00e9e \u00e0 Rome o\u00f9 cette fraternit\u00e9 m\u2019invite \u00e0 \u00e9tablir des contacts ouverts avec tous \u00bb  <strong>\u201cEn ces jours o\u00f9 nous voyons de nombreux conflits ouverts,<\/strong> il nous semblait tr\u00e8s important de r\u00e9fl\u00e9chir sur le dialogue et la fraternit\u00e9, dans une communaut\u00e9 en pleine transformation et travers\u00e9e par de nombreuses sensibilit\u00e9s, de d\u00e9dier un apr\u00e8s-midi \u00e0 cette question pour envisager comment susciter une nouvelle coh\u00e9sion sociale \u00bb, d\u00e9clare devant les micros de Radio Vatican Lina Ciampi, secr\u00e9taire de l\u2019association Citt\u00e0 per la Fraternit\u00e0. \u00ab Cannes a pr\u00e9sent\u00e9 un projet \u00e0 caract\u00e8re multiculturel et interreligieux, qui mobilise des bouddhistes, des juifs, des musulmans\u2026 ce qui semblait tr\u00e8s bien correspondre \u00e0 tout ce que l\u2019Association se propose de faire \u00bb. Outre la ville fran\u00e7aise de Cannes, les communes de San Severino et Tolentino (Marches) ont \u00e9t\u00e9 prim\u00e9es pour leurs projets en faveur des couches les plus fragiles de leur population, tandis qu\u2019une Mention tr\u00e8s honorable a \u00e9t\u00e9 attribu\u00e9e \u00e0 la ville de Trieste pour son projet Education \u00e0 la Paix qui a permis l\u2019installation du d\u00e9 de la Paix dans un parc public.<\/p>\n","protected":false},"excerpt":{"rendered":"<p>Le premier prix a \u00e9t\u00e9 attribu\u00e9 \u00e0 la ville fran\u00e7aise, les autres reconnaissances sont all\u00e9es aux communes de Cannara et Foligno, San Severino et Tolentino, ainsi qu&rsquo;aux villes de Trieste et Pisa. Un rassemblement au Capitole (Rome) pr\u00f4ne la n\u00e9cessit\u00e9 d\u2019une coh\u00e9sion sociale dans les villes.<\/p>\n","protected":false},"author":34,"featured_media":0,"comment_status":"open","ping_status":"open","sticky":false,"template":"","format":"standard","meta":{"give_campaign_id":0,"_seopress_robots_primary_cat":"","_seopress_titles_title":"","_seopress_titles_desc":"","_seopress_robots_index":"","_et_pb_use_builder":"","_et_pb_old_content":"","_et_gb_content_width":"","footnotes":""},"categories":[906],"tags":[],"class_list":["post-330204","post","type-post","status-publish","format-standard","hentry","category-focolare-worldwide-2-3"],"_links":{"self":[{"href":"https:\/\/www.focolare.org\/fr\/wp-json\/wp\/v2\/posts\/330204","targetHints":{"allow":["GET"]}}],"collection":[{"href":"https:\/\/www.focolare.org\/fr\/wp-json\/wp\/v2\/posts"}],"about":[{"href":"https:\/\/www.focolare.org\/fr\/wp-json\/wp\/v2\/types\/post"}],"author":[{"embeddable":true,"href":"https:\/\/www.focolare.org\/fr\/wp-json\/wp\/v2\/users\/34"}],"replies":[{"embeddable":true,"href":"https:\/\/www.focolare.org\/fr\/wp-json\/wp\/v2\/comments?post=330204"}],"version-history":[{"count":0,"href":"https:\/\/www.focolare.org\/fr\/wp-json\/wp\/v2\/posts\/330204\/revisions"}],"wp:attachment":[{"href":"https:\/\/www.focolare.org\/fr\/wp-json\/wp\/v2\/media?parent=330204"}],"wp:term":[{"taxonomy":"category","embeddable":true,"href":"https:\/\/www.focolare.org\/fr\/wp-json\/wp\/v2\/categories?post=330204"},{"taxonomy":"post_tag","embeddable":true,"href":"https:\/\/www.focolare.org\/fr\/wp-json\/wp\/v2\/tags?post=330204"}],"curies":[{"name":"wp","href":"https:\/\/api.w.org\/{rel}","templated":true}]}}