{"id":330206,"date":"2015-01-22T15:57:57","date_gmt":"2015-01-22T14:57:57","guid":{"rendered":"https:\/\/www.focolare.org\/loppiano-le-premier-doctorat-h-c-de-linstitut-universitaire-sophia-decerne-au-patriarche-bartholomee-1er\/"},"modified":"2024-05-16T15:10:59","modified_gmt":"2024-05-16T13:10:59","slug":"loppiano-le-premier-doctorat-h-c-de-linstitut-universitaire-sophia-decerne-au-patriarche-bartholomee-1er","status":"publish","type":"post","link":"https:\/\/www.focolare.org\/fr\/loppiano-le-premier-doctorat-h-c-de-linstitut-universitaire-sophia-decerne-au-patriarche-bartholomee-1er\/","title":{"rendered":"Loppiano \u2013 Le premier Doctorat h.c. de l\u2019Institut Universitaire Sophia d\u00e9cern\u00e9 au Patriarche Bartholom\u00e9e 1er."},"content":{"rendered":"<p><a href=\"http:\/\/www.loppiano.it\/streaming\/C\/Streaming_loppiano-1820762LUO5452063023\">Live streaming &#8211; Loppiano, 26.10.2015, 17:00 CET<\/a> <strong><a href=\"https:\/\/www.focolare.org\/wp-content\/uploads\/2015\/10\/PatriarchBartholomew.jpeg\"><img loading=\"lazy\" decoding=\"async\" class=\" size-full wp-image-129969 alignleft\" src=\"https:\/\/www.focolare.org\/wp-content\/uploads\/2015\/10\/PatriarchBartholomew.jpeg\" alt=\"PatriarchBartholomew\" width=\"463\" height=\"231\" \/><\/a><\/strong><strong>Dans la motivation officielle de l\u2019attribution du Doctorat, <\/strong>le pr\u00e9sident de <a href=\"https:\/\/www.focolare.org\/fr\/all-opera\/studio-e-formazione\/istituto-universitario-sophia\/\">IUS<\/a>, le professeur Piero Coda, explique que le Patriarche s\u2019est r\u00e9v\u00e9l\u00e9 \u00eatre un protagoniste convaincu et actif dans le chemin \u0153cum\u00e9nique vers la pleine unit\u00e9 des chr\u00e9tiens et dans le dialogue entre personnes de religions et de convictions diff\u00e9rentes. En outre il s\u2019est distingu\u00e9 par ses actions en faveur de la justice, de la paix, du respect de l\u2019environnement et de la nature, et cela conform\u00e9ment \u00e0 la vision de l\u2019humanit\u00e9, de l\u2019histoire et du cosmos que la tradition spirituelle et th\u00e9ologique de l\u2019Orient chr\u00e9tien a toujours d\u00e9fendue et continue de d\u00e9fendre.  <strong>L\u2019<\/strong><a href=\"https:\/\/www.focolare.org\/fr\/in-dialogo\/chiese-cristiane\/\">histoire<\/a><strong> des relations fraternelles entre le Mouvement des Focolari et les Orthodoxes<\/strong> remonte \u00e0 la rencontre extraordinaire de <a href=\"https:\/\/www.focolare.org\/fr\/chiara-lubich\/chi-e-chiara\/\">Chiara Lubich<\/a> avec le patriarche de Constantinople <a href=\"https:\/\/www.focolare.org\/fr\/news\/2012\/07\/04\/athenagoras-i-e-chiara-lubich\/\">Ath\u00e9nagoras <\/a>1er. \u00abC\u2019\u00e9tait le 13 juin 1967 \u2013 raconte Chiara. Il m\u2019a accueillie comme s\u2019il m\u2019avait toujours connue. \u201cJe vous attendais\u201d, s\u2019est-il exclam\u00e9 et il a voulu que je lui raconte les contacts du Mouvement avec les luth\u00e9riens et les anglicans \u00bb Chiara a eu vingt-cinq audiences avec Ath\u00e9nagoras 1er. Ces relations ont ensuite continu\u00e9 avec le Patriarche D\u00e9m\u00e9trios 1er. Et les contacts avec l\u2019actuel patriarche \u0153cum\u00e9nique Bartholom\u00e9e 1er participent du m\u00eame esprit d\u2019estime et d\u2019amiti\u00e9. Entre-temps la spiritualit\u00e9 du Mouvement a \u00e9t\u00e9 aussi accueillie par des chr\u00e9tiens des Anciennes Eglises d\u2019Orient, c\u2019est ainsi que le dialogue s\u2019est d\u00e9velopp\u00e9 avec <strong>les chr\u00e9tiens syro-orthodoxes, coptes, \u00e9thiopiens, arm\u00e9niens et assyriens.<\/strong>  Cet \u00e9v\u00e9nement vient compl\u00e9ter la mosa\u00efque des relations d\u2019amiti\u00e9 et de communion avec le Mouvement des Focolari et prend place dans les <a href=\"http:\/\/www.loppiano.it\/stealthV3_pubblica\/1850692LTG4173096085.pdf\" target=\"_blank\" rel=\"noopener\">festivit\u00e9s du 50\u00e8me anniversaire <\/a>de la naissance de la Cit\u00e9 pilote de Loppiano qui ont d\u00e9but\u00e9 en septembre 2014 avec<a href=\"http:\/\/loppiano.it\/dettaglio50\/loppianolab\/C\/loppianolab-1820466LTO6671040005\" target=\"_blank\" rel=\"noopener\"> LoppianoLab<\/a>.  <a href=\"http:\/\/www.loppiano.it\" target=\"_blank\" rel=\"noopener\">www.loppiano.it<\/a><\/p>\n","protected":false},"excerpt":{"rendered":"<p>L\u2019Institut Universitaire Sophia (IUS) remettra son premier Doctorat Honoris Causa en \u00ab Culture de l\u2019Unit\u00e9 \u00bb au Patriarche \u0153cum\u00e9nique Bartholom\u00e9e 1er de Constantinople en octobre 2015, \u00e0 une date qui sera pr\u00e9cis\u00e9e.<\/p>\n","protected":false},"author":27,"featured_media":0,"comment_status":"open","ping_status":"open","sticky":false,"template":"","format":"standard","meta":{"give_campaign_id":0,"_seopress_robots_primary_cat":"","_seopress_titles_title":"","_seopress_titles_desc":"","_seopress_robots_index":"","_et_pb_use_builder":"","_et_pb_old_content":"","_et_gb_content_width":"","footnotes":""},"categories":[47],"tags":[],"class_list":["post-330206","post","type-post","status-publish","format-standard","hentry","category-non-classifiee"],"_links":{"self":[{"href":"https:\/\/www.focolare.org\/fr\/wp-json\/wp\/v2\/posts\/330206","targetHints":{"allow":["GET"]}}],"collection":[{"href":"https:\/\/www.focolare.org\/fr\/wp-json\/wp\/v2\/posts"}],"about":[{"href":"https:\/\/www.focolare.org\/fr\/wp-json\/wp\/v2\/types\/post"}],"author":[{"embeddable":true,"href":"https:\/\/www.focolare.org\/fr\/wp-json\/wp\/v2\/users\/27"}],"replies":[{"embeddable":true,"href":"https:\/\/www.focolare.org\/fr\/wp-json\/wp\/v2\/comments?post=330206"}],"version-history":[{"count":0,"href":"https:\/\/www.focolare.org\/fr\/wp-json\/wp\/v2\/posts\/330206\/revisions"}],"wp:attachment":[{"href":"https:\/\/www.focolare.org\/fr\/wp-json\/wp\/v2\/media?parent=330206"}],"wp:term":[{"taxonomy":"category","embeddable":true,"href":"https:\/\/www.focolare.org\/fr\/wp-json\/wp\/v2\/categories?post=330206"},{"taxonomy":"post_tag","embeddable":true,"href":"https:\/\/www.focolare.org\/fr\/wp-json\/wp\/v2\/tags?post=330206"}],"curies":[{"name":"wp","href":"https:\/\/api.w.org\/{rel}","templated":true}]}}