{"id":330248,"date":"2015-02-11T06:25:14","date_gmt":"2015-02-11T05:25:14","guid":{"rendered":"https:\/\/www.focolare.org\/itchiara-lubich-non-ce-porzione-di-vita-indegna-di-essere-vissuta\/"},"modified":"2024-05-16T15:11:08","modified_gmt":"2024-05-16T13:11:08","slug":"itchiara-lubich-non-ce-porzione-di-vita-indegna-di-essere-vissuta","status":"publish","type":"post","link":"https:\/\/www.focolare.org\/fr\/itchiara-lubich-non-ce-porzione-di-vita-indegna-di-essere-vissuta\/","title":{"rendered":"[:it]Chiara Lubich: \u00abNon c&rsquo;\u00e8 porzione di vita indegna di essere vissuta\u00bb"},"content":{"rendered":"<p><p><img loading=\"lazy\" decoding=\"async\" class=\"alignright wp-image-119345\" src=\"https:\/\/www.focolare.org\/wp-content\/uploads\/2015\/02\/20140211ChiaraLubich1986.jpg\" alt=\"20140211ChiaraLubich1986\" width=\"350\" height=\"234\" \/><\/p>\n<p><strong>\u00abSi nous mettons \u00e0 la base des lois ou des initiatives sociales,<\/strong> un esprit de non-respect pour celui qui souffre, pour la personne handicap\u00e9e, la personne \u00e2g\u00e9e, nous cr\u00e9ons petit \u00e0 petit une soci\u00e9t\u00e9 fausse, car nous ne donnons du poids qu\u2019\u00e0 certaines valeurs, comme la sant\u00e9 physique, la force, la productivit\u00e9 intensive, le pouvoir, et nous modifions compl\u00e8tement le but pour lequel vit un \u00c9tat, qui est le bien de l\u2019homme et de la soci\u00e9t\u00e9.<\/p>\n<p><strong>On le sait bien, la sant\u00e9 est un don pr\u00e9cieux qu\u2019il convient de sauvegarder.<\/strong><\/p>\n<p>C\u2019est pourquoi il est n\u00e9cessaire de faire en sorte que notre physique et celui de nos fr\u00e8res se nourrisse, se repose, ne s\u2019expose pas aux maladies, aux accidents, \u00e0 une pratique sportive exag\u00e9r\u00e9e.<\/p>\n<p><strong>En effet, le corps aussi est important pour un chr\u00e9tien.<\/strong><\/p>\n<p>Mais, si l\u2019int\u00e9grit\u00e9 du corps venait \u00e0 \u00eatre compromise, nous devons nous souvenir qu\u2019il y a une Vie qui n\u2019est pas conditionn\u00e9e par notre \u00e9tat de sant\u00e9, mais par l\u2019amour surnaturel qui br\u00fble en notre c\u0153ur.<\/p>\n<p>Et c\u2019est cette Vie sup\u00e9rieure qui donne sa valeur \u00e0 la vie physique, m\u00eame dans la maladie.<\/p>\n<p>En effet, si nous consid\u00e9rons les maladies seulement avec un regard humain, on ne peut qu\u2019affirmer qu\u2019elles sont des malheurs. Mais, si nous avons un regard chr\u00e9tien, nous voyons qu\u2019elles sont des \u00e9preuves qui peuvent nous permettent de nous entra\u00eener pour la grande \u00e9preuve qui nous attend tous, quand nous devrons affronter le passage \u00e0 l\u2019Autre vie.<\/p>\n<p><strong>Le Saint P\u00e8re n\u2019a-t-il pas dit r\u00e9cemment que les maladies sont des exercices spirituels (des retraites) que Dieu lui-m\u00eame nous pr\u00eache ?<\/strong><\/p>\n<p>Les malades ont une richesse de plus que les autres, d\u2019un autre genre.<\/p>\n<p>En asc\u00e9tisme et en mystique, l\u2019\u00c9glise parle des maladies non seulement comme appartenant au domaine de la m\u00e9decine, mais comme des purifications que Dieu envoie, donc comme des \u00e9chelons vers l\u2019union \u00e0 Dieu.<\/p>\n<p>La foi nous dit aussi que, dans la maladie, l\u2019homme participe aux souffrances du Christ. C\u2019est donc un autre Christ crucifi\u00e9 qui peut offrir sa souffrance pour ce qui vaut le plus : le salut \u00e9ternel des hommes.<\/p>\n<p>Nous, dans le tourbillon du travail et de la vie quotidienne, nous sommes parfois tent\u00e9s de voir dans les personnes souffrantes uniquement des cas marginaux \u00e0 aider pour qu\u2019elles surmontent vite leur maladie et qu\u2019elles reprennent rapidement leurs activit\u00e9s et nous ne pensons pas qu\u2019elles sont celles qui, actuellement, peuvent faire davantage, agir davantage.<\/p>\n<p>Cependant, les malades sont en mesure de bien remplir leur r\u00f4le en faveur de l\u2019humanit\u00e9 s\u2019ils sont compris et aim\u00e9s. C\u2019est gr\u00e2ce \u00e0 l\u2019amour qu\u2019ils pourront \u00eatre aid\u00e9s \u00e0 donner son sens \u00e0 leur \u00e9tat, \u00e0 \u00eatre conscients de ce qu\u2019ils repr\u00e9sentent.<\/p>\n<p>Et ce qui vaut pour les malades, vaut pour les handicap\u00e9s. Celui qui est porteur de handicap a besoin d\u2019amour lui aussi. Il a l&rsquo;exigence d\u2019\u00eatre reconnu pour la valeur qu\u2019a sa vie : (une vie) sacr\u00e9e comme toute autre vie, avec toute la dignit\u00e9 qui en d\u00e9coule. Il a besoin d\u2019\u00eatre consid\u00e9r\u00e9 comme une personne qui doit vivre le plus possible une &lsquo;vie ensemble&rsquo;, normale, au milieu des autres hommes.<\/p>\n<p><strong>Et que dire des personnes \u00e2g\u00e9es ?<\/strong><\/p>\n<p><strong>Chaque vie demande de l\u2019amour. Les personnes \u00e2g\u00e9es aussi ont besoin d\u2019amour.<\/strong><\/p>\n<p>Aujourd\u2019hui, les personnes \u00e2g\u00e9es constituent m\u00eame un probl\u00e8me, parce qu\u2019on peut noter une forte augmentation de cette cat\u00e9gorie d\u2019\u00e2ge, en raison du prolongement de la moyenne du niveau de vie.<\/p>\n<p>On observe, dans la soci\u00e9t\u00e9, une tendance \u00e0 mettre les personnes \u00e2g\u00e9es de c\u00f4t\u00e9, \u00e0 les consid\u00e9rer comme un poids social, car ils ne sont pas productifs. On parle des vieux comme d\u2019une cat\u00e9gorie \u00e0 part, comme s\u2019il ne s&rsquo;agissait plus d\u2019\u00eatres humains. Ensuite, chez les personnes \u00e2g\u00e9es eux-m\u00eames, \u00e0 la d\u00e9ch\u00e9ance physique s\u2019ajoute souvent un grave malaise psychologique : se sentir d\u00e9pass\u00e9s.<\/p>\n<p>Il faut redonner l\u2019esp\u00e9rance aux personnes \u00e2g\u00e9es. L\u2019\u00e2ge avanc\u00e9 n\u2019est que la troisi\u00e8me saison de l\u2019existence.<\/p>\n<p>La vie qui na\u00eet, la vie qui cro\u00eet, la vie qui d\u00e9cline ne sont que trois aspects du myst\u00e8re de l\u2019existence qui puise en Dieu-Amour.<\/p>\n<p>En certains Pays asiatiques et africains, l\u2019ancien est valoris\u00e9 parce qu\u2019il est consid\u00e9r\u00e9 comme un guide de vie, parce qu\u2019il poss\u00e8de la sagesse.<\/p>\n<p>En effet, l\u2019ancien est une personne qui met en \u00e9vidence ce qui est essentiel, ce qu\u2019il y a de plus important.<\/p>\n<p>Souvenons-nous des paroles de Saint Jean l\u2019\u00c9vang\u00e9liste, d\u00e9sormais octog\u00e9naire, alors qu\u2019il visitait les communaut\u00e9s chr\u00e9tiennes et qu\u2019il lui \u00e9tait demand\u00e9 quel avait \u00e9t\u00e9 le message de J\u00e9sus, il r\u00e9p\u00e9tait toujours : \u201cAimez-vous les uns les autres\u201d comme s\u2019il n\u2019avait rien d\u2019autre \u00e0 ajouter. Mais, avec ces mots, il centrait vraiment la pens\u00e9e du Christ.<\/p>\n<p><strong>Se priver des personnes \u00e2g\u00e9es, c\u2019est se priver d\u2019un patrimoine.<\/strong><\/p>\n<p>Il convient de les valoriser, en les aimant. Et les valoriser aussi quand ils sont malades et malades graves, quand les espoirs humains n&rsquo;existent plus et que la demande d\u2019assistance se fait plus exigeante.<\/p>\n<p><strong>Pour Dieu, il n\u2019y a pas de vies, pas de moments de vie indignes d\u2019\u00eatre v\u00e9cus.<\/strong><\/p>\n<p>&nbsp;<\/p>\n<p><a href=\"http:\/\/www.centrochiaralubich.org\/fr\/documents-fr\/textes\/155-scritto-fr\/1747-aucun-moment-de-la-vie-n-est-indigne-d-etre-vecu.html\" target=\"_blank\" rel=\"noopener\">Centro Chiara Lubich<\/a><\/p>\n<p><a href=\"http:\/\/www.centrochiaralubich.org\/it\/documenti\/video.html\" target=\"_blank\" rel=\"noopener\">Video<\/a> (<span id=\"result_box\" class=\"short_text\" lang=\"fr\"><span class=\"hps\">en italien<\/span><\/span>)<\/p><\/p>\n","protected":false},"excerpt":{"rendered":"<p>Quando l\u2019integrit\u00e0 del corpo viene compromessa, per malattia o decadimento fisico, c\u2019\u00e8 una \u201cVita superiore che d\u00e0 valore alla vita fisica\u201d ci ricorda Chiara in questo discorso ad una Giornata del Movimento per la vita, (Firenze, 17 maggio 1986).<\/p>\n","protected":false},"author":34,"featured_media":0,"comment_status":"open","ping_status":"open","sticky":false,"template":"","format":"standard","meta":{"give_campaign_id":0,"_seopress_robots_primary_cat":"","_seopress_titles_title":"","_seopress_titles_desc":"","_seopress_robots_index":"","_et_pb_use_builder":"","_et_pb_old_content":"","_et_gb_content_width":"","footnotes":""},"categories":[47],"tags":[],"class_list":["post-330248","post","type-post","status-publish","format-standard","hentry","category-non-classifiee"],"_links":{"self":[{"href":"https:\/\/www.focolare.org\/fr\/wp-json\/wp\/v2\/posts\/330248","targetHints":{"allow":["GET"]}}],"collection":[{"href":"https:\/\/www.focolare.org\/fr\/wp-json\/wp\/v2\/posts"}],"about":[{"href":"https:\/\/www.focolare.org\/fr\/wp-json\/wp\/v2\/types\/post"}],"author":[{"embeddable":true,"href":"https:\/\/www.focolare.org\/fr\/wp-json\/wp\/v2\/users\/34"}],"replies":[{"embeddable":true,"href":"https:\/\/www.focolare.org\/fr\/wp-json\/wp\/v2\/comments?post=330248"}],"version-history":[{"count":0,"href":"https:\/\/www.focolare.org\/fr\/wp-json\/wp\/v2\/posts\/330248\/revisions"}],"wp:attachment":[{"href":"https:\/\/www.focolare.org\/fr\/wp-json\/wp\/v2\/media?parent=330248"}],"wp:term":[{"taxonomy":"category","embeddable":true,"href":"https:\/\/www.focolare.org\/fr\/wp-json\/wp\/v2\/categories?post=330248"},{"taxonomy":"post_tag","embeddable":true,"href":"https:\/\/www.focolare.org\/fr\/wp-json\/wp\/v2\/tags?post=330248"}],"curies":[{"name":"wp","href":"https:\/\/api.w.org\/{rel}","templated":true}]}}