{"id":330302,"date":"2015-03-07T05:00:02","date_gmt":"2015-03-07T04:00:02","guid":{"rendered":"https:\/\/www.focolare.org\/chiara-lubich-aimer-la-patrie-de-lautre-comme-la-sienne\/"},"modified":"2024-05-16T15:11:18","modified_gmt":"2024-05-16T13:11:18","slug":"chiara-lubich-aimer-la-patrie-de-lautre-comme-la-sienne","status":"publish","type":"post","link":"https:\/\/www.focolare.org\/fr\/chiara-lubich-aimer-la-patrie-de-lautre-comme-la-sienne\/","title":{"rendered":"Chiara Lubich : \u00ab\u00a0Aimer la patrie de l&rsquo;autre comme la sienne\u00a0\u00bb"},"content":{"rendered":"<p><p>\u00ab\u00a0Gr\u00e2ce \u00e0 cette spiritualit\u00e9, aujourd&rsquo;hui, des hommes et des femmes de presque toutes les nations du monde, lentement mais r\u00e9solument, tentent d&rsquo;\u00eatre, au moins dans leur milieu, les germes d&rsquo;un peuple nouveau, d&rsquo;un monde de paix, plus solidaire surtout des plus faibles, des plus pauvres, d&rsquo;un monde plus uni.<\/p>\n<p>Gr\u00e2ce \u00e0 elle, nous pensons devoir apporter notre contribution ici aussi, dans cette \u00ab\u00a0maison\u00a0\u00bb de rencontre des peuples, pour soutenir avec une plus grande force d&rsquo;\u00e2me les efforts qui sont faits pour que l&rsquo;ONU devienne un instrument ad\u00e9quat aux attentes de l&rsquo;humanit\u00e9.<\/p>\n<p>D&rsquo;ailleurs, la n\u00e9cessit\u00e9 de red\u00e9couvrir le sens de la r\u00e9ciprocit\u00e9 fait d\u00e9sormais partie du \u00ab\u00a0sentiment commun\u00a0\u00bb des leaders de la vie internationale. C&rsquo;est un des points fondamentaux des rapports internationaux et la r\u00e9ciprocit\u00e9 est aussi \u00e0 la base de notre spiritualit\u00e9 et donc de notre action. Elle requiert que l&rsquo;on d\u00e9passe les anciennes et nouvelles logiques d&rsquo;alliance, \u00e9tablissant au contraire des relations avec tous, comme l&rsquo;exige le v\u00e9ritable amour. Elle demande que l&rsquo;on agisse en premier, sans conditions et d\u00e9lai. Elle porte \u00e0 consid\u00e9rer l&rsquo;autre comme un autre soi-m\u00eame et donc \u00e0 concevoir, suivant cette ligne, tout type d&rsquo;initiative : d\u00e9sarmement, d\u00e9veloppement, coop\u00e9ration.<\/p>\n<p>Cette r\u00e9ciprocit\u00e9 est en mesure d&rsquo;amener chaque leader de la vie internationale \u00e0 vivre l&rsquo;autre, \u00e0 conna\u00eetre ses besoins et ses capacit\u00e9s, non seulement dans les situations d&rsquo;urgence, mais \u00e0 en partager chaque jour l&rsquo;existence.<\/p>\n<p>La paix, comme en t\u00e9moignent aussi les finalit\u00e9s et l&rsquo;action des Nations unies a des noms nouveaux et demande, en premier lieu, un effort que l&rsquo;ONU &#8211; avec votre apport sp\u00e9cial et la contribution de tous \u2011 peut soutenir : d\u00e9passer la cat\u00e9gorie de l&rsquo;ennemi, de n&rsquo;importe quel ennemi.<\/p>\n<p>Exclure la guerre ne suffit pas, il faut cr\u00e9er les conditions pour que chaque peuple puisse aimer la patrie de l&rsquo;autre comme la sienne, dans un \u00e9change de dons, r\u00e9ciproque et d\u00e9sint\u00e9ress\u00e9.<\/p>\n<p>Que Dieu, le P\u00e8re de tous, rende nos efforts f\u00e9conds ainsi que ceux de toutes les personnes qui se vouent \u00e0 la r\u00e9alisation du noble objectif de la paix\u00a0\u00bb.<\/p>\n<p><a href=\"https:\/\/www.focolare.org\/fr\/chiara-lubich\/\">Chiara Lubich<\/a><\/p><\/p>\n","protected":false},"excerpt":{"rendered":"<p>Un court extrait du discours de Chiara aux Nations Unies, le 28 novembre 1997 \u00e0 New York : Vers l&rsquo;unit\u00e9 des Nations et des peuples. #politcs4unity<\/p>\n","protected":false},"author":27,"featured_media":0,"comment_status":"open","ping_status":"open","sticky":false,"template":"","format":"standard","meta":{"give_campaign_id":0,"_seopress_robots_primary_cat":"","_seopress_titles_title":"","_seopress_titles_desc":"","_seopress_robots_index":"","_et_pb_use_builder":"","_et_pb_old_content":"","_et_gb_content_width":"","footnotes":""},"categories":[906],"tags":[],"class_list":["post-330302","post","type-post","status-publish","format-standard","hentry","category-focolare-worldwide-2-3"],"_links":{"self":[{"href":"https:\/\/www.focolare.org\/fr\/wp-json\/wp\/v2\/posts\/330302","targetHints":{"allow":["GET"]}}],"collection":[{"href":"https:\/\/www.focolare.org\/fr\/wp-json\/wp\/v2\/posts"}],"about":[{"href":"https:\/\/www.focolare.org\/fr\/wp-json\/wp\/v2\/types\/post"}],"author":[{"embeddable":true,"href":"https:\/\/www.focolare.org\/fr\/wp-json\/wp\/v2\/users\/27"}],"replies":[{"embeddable":true,"href":"https:\/\/www.focolare.org\/fr\/wp-json\/wp\/v2\/comments?post=330302"}],"version-history":[{"count":0,"href":"https:\/\/www.focolare.org\/fr\/wp-json\/wp\/v2\/posts\/330302\/revisions"}],"wp:attachment":[{"href":"https:\/\/www.focolare.org\/fr\/wp-json\/wp\/v2\/media?parent=330302"}],"wp:term":[{"taxonomy":"category","embeddable":true,"href":"https:\/\/www.focolare.org\/fr\/wp-json\/wp\/v2\/categories?post=330302"},{"taxonomy":"post_tag","embeddable":true,"href":"https:\/\/www.focolare.org\/fr\/wp-json\/wp\/v2\/tags?post=330302"}],"curies":[{"name":"wp","href":"https:\/\/api.w.org\/{rel}","templated":true}]}}