{"id":330334,"date":"2015-03-17T15:55:21","date_gmt":"2015-03-17T14:55:21","guid":{"rendered":"https:\/\/www.focolare.org\/chiara-lubich-comment-suivre-jesus\/"},"modified":"2024-05-16T15:11:26","modified_gmt":"2024-05-16T13:11:26","slug":"chiara-lubich-comment-suivre-jesus","status":"publish","type":"post","link":"https:\/\/www.focolare.org\/fr\/chiara-lubich-comment-suivre-jesus\/","title":{"rendered":"Chiara Lubich: comment suivre J\u00e9sus?"},"content":{"rendered":"<p><a href=\"https:\/\/www.focolare.org\/wp-content\/uploads\/2015\/03\/ChiaraLubich_GA.jpg\"><img loading=\"lazy\" decoding=\"async\" class=\"alignright size-full wp-image-121177\" src=\"https:\/\/www.focolare.org\/wp-content\/uploads\/2015\/03\/ChiaraLubich_GA.jpg\" alt=\"ChiaraLubich_GA\" width=\"295\" height=\"166\" \/><\/a>\u00abTr\u00e8s chers Gen,<\/p>\n<p>Peut-\u00eatre souhaiteriez-vous conna\u00eetre une parole qui en vaut la peine : une parole qui exprime tout, qui r\u00e9sume la v\u00e9rit\u00e9, qui peut vous fournir une recette pour la vraie vie.<\/p>\n<p>C\u2019est ce sur quoi je m\u00e9dite ces jours-ci.<\/p>\n<p>Eh bien, Gen, je suis arriv\u00e9e \u00e0 la conviction qu\u2019il n\u2019existe pas de chemin plus s\u00fbr, pour parvenir \u00e0 la vie parfaite, que celui de la souffrance que l&rsquo;on \u00e9treint avec amour.<\/p>\n<p>C\u2019est ce qu&rsquo;ont pens\u00e9 les Saints, tout au long des si\u00e8cles.<\/p>\n<p>Chacun d&rsquo;eux a voulu suivre J\u00e9sus, et Lui, il a parl\u00e9 clairement : \u00ab Si quelqu\u2019un veut venir \u00e0 ma suite, qu\u2019il se renie lui-m\u00eame et prenne sa croix, et qu\u2019il me suive \u00bb. (Marc 8, 34)<\/p>\n<p>\u00ab\u2026Qu\u2019il prenne sa croix \u00bb.<\/p>\n<p>Pour Le suivre, Lui qui est Parfait, chacun n\u2019a d&rsquo;autre moyen que celui d&rsquo;accueillir dans son c\u0153ur sa propre croix et ses propres souffrances.<\/p>\n<p>Nous en avons tous. Eh bien ! Levons-nous le matin avec un c\u0153ur transform\u00e9. Nous le savons bien, nous voudrions tous \u00e9loigner la souffrance, la mettre de c\u00f4t\u00e9, l\u2019oublier. L\u2019\u00eatre humain est ainsi fait. Mais pas le chr\u00e9tien. \u00c9tant disciple de J\u00e9sus, il sait reconna\u00eetre que la souffrance est pr\u00e9cieuse, qu\u2019il lui faut l\u2019accepter, comme l\u2019a fait J\u00e9sus avec sa croix, et il l\u2019\u00e9treint avec tout l\u2019\u00e9lan de son c\u0153ur.<\/p>\n<p>Qu&rsquo;en r\u00e9sultera-t-il ? Quel en sera le fruit ?<\/p>\n<p>Toutes les vertus appara\u00eetront : la patience, la puret\u00e9, la douceur, la pauvret\u00e9, la temp\u00e9rance etc.<\/p>\n<p>Et avec toutes les vertus, la perfection et la vraie vie.<\/p>\n<p>Vous \u00eates d&rsquo;accord ?<\/p>\n<p>Chaque personne qui veut atteindre un but, doit se soumettre \u00e0 des entra\u00eenements, des sacrifices, des efforts.<\/p>\n<p>Notre objectif est J\u00e9sus.<\/p>\n<p>Pour Le suivre il nous faut d\u00e9couvrir la valeur de la souffrance et l&rsquo;aimer.<\/p>\n<p>Ciao Gen, tous mes souhaits pour que vous sachiez \u00eatre dignes de Lui\u00bb.<\/p>\n<p><strong>Chiara Lubich<\/strong><\/p>\n<p>(extrait de l\u2019\u00e9ditorial de \u201cGen\u201d, octobre &#8211; novembre 1979)<\/p>\n<p><a href=\"http:\/\/www.centrochiaralubich.org\/fr\/\" target=\"_blank\" rel=\"noopener\">.centrochiaralubich<\/a><\/p>\n","protected":false},"excerpt":{"rendered":"<p>Chiara Lubich s\u2019adresse en 1979 \u00e0 un groupe de jeunes du Mouvement des Focolari et les invite \u00e0 \u00eatre des disciples de J\u00e9sus \u00ab\u00a0en prenant leur propre croix\u00a0\u00bb, comme le rappelle la parole de Vie du mois de mars.<\/p>\n","protected":false},"author":27,"featured_media":0,"comment_status":"open","ping_status":"open","sticky":false,"template":"","format":"standard","meta":{"give_campaign_id":0,"_seopress_robots_primary_cat":"","_seopress_titles_title":"","_seopress_titles_desc":"","_seopress_robots_index":"","_et_pb_use_builder":"","_et_pb_old_content":"","_et_gb_content_width":"","footnotes":""},"categories":[47],"tags":[],"class_list":["post-330334","post","type-post","status-publish","format-standard","hentry","category-non-classifiee"],"_links":{"self":[{"href":"https:\/\/www.focolare.org\/fr\/wp-json\/wp\/v2\/posts\/330334","targetHints":{"allow":["GET"]}}],"collection":[{"href":"https:\/\/www.focolare.org\/fr\/wp-json\/wp\/v2\/posts"}],"about":[{"href":"https:\/\/www.focolare.org\/fr\/wp-json\/wp\/v2\/types\/post"}],"author":[{"embeddable":true,"href":"https:\/\/www.focolare.org\/fr\/wp-json\/wp\/v2\/users\/27"}],"replies":[{"embeddable":true,"href":"https:\/\/www.focolare.org\/fr\/wp-json\/wp\/v2\/comments?post=330334"}],"version-history":[{"count":0,"href":"https:\/\/www.focolare.org\/fr\/wp-json\/wp\/v2\/posts\/330334\/revisions"}],"wp:attachment":[{"href":"https:\/\/www.focolare.org\/fr\/wp-json\/wp\/v2\/media?parent=330334"}],"wp:term":[{"taxonomy":"category","embeddable":true,"href":"https:\/\/www.focolare.org\/fr\/wp-json\/wp\/v2\/categories?post=330334"},{"taxonomy":"post_tag","embeddable":true,"href":"https:\/\/www.focolare.org\/fr\/wp-json\/wp\/v2\/tags?post=330334"}],"curies":[{"name":"wp","href":"https:\/\/api.w.org\/{rel}","templated":true}]}}