{"id":330362,"date":"2015-03-30T04:00:12","date_gmt":"2015-03-30T02:00:12","guid":{"rendered":"https:\/\/www.focolare.org\/edc-au-cameroun-une-proposition-de-vie\/"},"modified":"2024-05-16T15:11:32","modified_gmt":"2024-05-16T13:11:32","slug":"edc-au-cameroun-une-proposition-de-vie","status":"publish","type":"post","link":"https:\/\/www.focolare.org\/fr\/edc-au-cameroun-une-proposition-de-vie\/","title":{"rendered":"EdC au Cameroun : une \u00ab proposition de vie \u00bb"},"content":{"rendered":"<p><p><strong><a href=\"https:\/\/www.focolare.org\/wp-content\/uploads\/2015\/03\/20150330-01.jpg\"><img loading=\"lazy\" decoding=\"async\" class=\"alignright size-full wp-image-121886\" src=\"https:\/\/www.focolare.org\/wp-content\/uploads\/2015\/03\/20150330-01.jpg\" alt=\"20150330-01\" width=\"300\" height=\"232\" \/><\/a>\u00ab\u00a0L&rsquo;Economie de Communion veut grandir en Afrique pour l&rsquo;aimer,<\/strong> pour apprendre de sa culture de la vie, pour pratiquer la communion et la r\u00e9ciprocit\u00e9\u00a0\u00bb, a affirm\u00e9 Luigino Bruni, coordinateur international du projet EdC, en vue du rendez-vous international de mai.<\/p>\n<p>En effet, \u00e0 Nairobi, au Kenya, toutes les personnes impliqu\u00e9es au niveau mondial dans le r\u00eave de l\u2019\u00c9conomie de Communion pour faire le point sur cr\u00e9ativit\u00e9 et g\u00e9n\u00e9rativit\u00e9, innovation et production, mais aussi travail, microcr\u00e9dit, injustices et pauvret\u00e9 se sont donn\u00e9es rendez-vous. Les entreprises africaines qui depuis cette ann\u00e9e, ont commenc\u00e9 \u00e0 verser les b\u00e9n\u00e9fices pour soutenir les pauvres dans le monde, sont mont\u00e9es au nombre de 10, tandis que 12 autres se sont approch\u00e9es du projet. Ce d\u00e9veloppement est possible gr\u00e2ce \u00e0 la diffusion d&rsquo;une culture de l\u2019\u00c9conomie de Communion, qui en Afrique, trouve un terrain fertile.<strong><br \/> <\/strong><\/p>\n<p><strong>La r\u00e9cente conf\u00e9rence internationale le d\u00e9montre <\/strong>(9-13 f\u00e9vrier). Elle est organis\u00e9e par une universit\u00e9 camerounaise, la CUIB ( Catholic University Institute of Buea), \u00e0 la demande du recteur de l&rsquo;Universit\u00e9 elle-m\u00eame, Fr. <strong>George Nkeze<\/strong>, et de l\u2019\u00c9v\u00eaque, Mons. <strong>Emmanuel Bushu.\u00a0 <\/strong>Avec pour conf\u00e9renciers\u00a0: <strong class=\"color\">Benedetto Gui<\/strong>, enseignant \u00e0 l\u2019<a href=\"http:\/\/www.iu-sophia.org\/en-US\/\" target=\"_blank\" rel=\"noopener\">Institut Universitaire Sophia<\/a> (Florence, Italie), et <strong class=\"color\">Brice Kemguem<\/strong>, Directeur national en R\u00e9publique Centre Africaine de l\u2019ONG internationale AHA (Agence Humanitaire Africaine)\u00a0; et pour intervenants accompagnateurs\u00a0: <strong class=\"color\">Steve William Azeumo<\/strong>, de la Commission \u00c9deC de la zone de l\u2019Afrique centrale, <strong class=\"color\">Winnifred Nwafor<\/strong>, de la Commission \u00c9deC de Fontem, Cameroun, <strong class=\"color\">Isabel Awungnjia Atem <\/strong>et<strong class=\"color\"> Mabih Nji<\/strong>, tous deux dipl\u00f4m\u00e9s de l\u2019Institut Universitaire Sophia, et assumant le r\u00f4le de facilitateurs \u00e0 la CUIB.<\/p>\n<p><strong><a href=\"https:\/\/www.focolare.org\/wp-content\/uploads\/2015\/03\/20150330-03.jpg\"><img loading=\"lazy\" decoding=\"async\" class=\"alignright size-full wp-image-121888\" src=\"https:\/\/www.focolare.org\/wp-content\/uploads\/2015\/03\/20150330-03.jpg\" alt=\"20150330-03\" width=\"300\" height=\"146\" \/><\/a><\/strong>Le programme a pass\u00e9 en revue\u00a0: les th\u00e9matiques \u00e9conomiques d\u2019aujourd\u2019hui, ch\u00e8res \u00e0 la doctrine Sociale de l\u2019\u00c9glise, et que l\u2019on retrouve dans les valeurs et les principes de l\u2019\u00c9deC\u00a0; les grands probl\u00e8mes socio-\u00e9conomiques de notre temps\u00a0; la carence en eau potable\u00a0; les \u00e9pid\u00e9mies\u00a0; les conflits avec armes de destruction massive.<\/p>\n<p>Gr\u00e2ce \u00e0 des liaisons en vid\u00e9oconf\u00e9rence, il a \u00e9t\u00e9 possible de conna\u00eetre des exp\u00e9riences de diverses parties du monde. La liaison avec l\u2019Institut Universitaire Sophia a permis un \u00e9change entre \u00e9tudiants des deux instituts. Deux entrepreneurs \u00c9deC ont ensuite fait part de leur exp\u00e9rience\u00a0: <strong class=\"color\">Alberto Ferrucci<\/strong>, Administrateur d\u00e9l\u00e9gu\u00e9 d\u2019une entreprise de software pour des raffineries, a soulign\u00e9 plusieurs aspects d\u2019une \u00e9conomie de partage, nouvelle proposition pour r\u00e9soudre les probl\u00e8mes \u00e9conomiques de notre \u00e9poque. Et <strong class=\"color\">Teresa Ganzon<\/strong> (Administratrice de la Banque rurale philippine Bangko Kabayan) a rappel\u00e9 les principes de la bonne gestion d\u2019entreprise qui l\u2019ont port\u00e9e \u00e0 reprendre les \u00e9tudes \u00e0 l\u2019\u00e2ge adulte, en vue des comp\u00e9tences n\u00e9cessaires au d\u00e9veloppement de la banque dans le domaine de la\u00a0 micro-finance en milieu rural (microcr\u00e9dit pour agriculteurs et petits commer\u00e7ants).<\/p>\n<p><strong><a href=\"https:\/\/www.focolare.org\/wp-content\/uploads\/2015\/03\/20150330-02.jpg\"><img loading=\"lazy\" decoding=\"async\" class=\"alignleft wp-image-121887 size-full\" src=\"https:\/\/www.focolare.org\/wp-content\/uploads\/2015\/03\/20150330-02.jpg\" alt=\"20150330-02\" width=\"300\" height=\"165\" \/><\/a><\/strong>Des exp\u00e9riences camerounaises ont aussi \u00e9t\u00e9 partag\u00e9es, comme celle de\u00a0<strong class=\"color\">Fobella Morfaw <\/strong>et de sa femme, fondateurs en 2003 d\u2019une \u00e9cole \u00e0 Dschang, comprenant aujourd\u2019hui une \u00e9cole maternelle, primaire et secondaire\u00a0; celle aussi du bureau d\u2019\u00e9tudes en Ing\u00e9nierie Civile BSE (Bridge Structure Engineering Consulting), qui, fort de la grande comp\u00e9tence d\u2019un associ\u00e9 \u00ab\u00a0senior\u00a0\u00bb, est parvenu \u00e0 se faire une place dans une concurrence tr\u00e8s aguerrie. Le bureau a obtenu le soutien financier et moral des \u00e9poux <strong class=\"color\">Gimou<\/strong>, dont l\u2019\u00e9pouse, <strong class=\"color\">Marie-Madeleine<\/strong>, a quitt\u00e9 cette vie juste avant ce colloque, suscitant grande \u00e9motion parmi les participants\u00a0; le mari, <strong class=\"color\">Victor Gimou<\/strong>, ing\u00e9nieur avec 23 ans d\u2019exp\u00e9rience, continue de soutenir le jeune bureau d\u2019\u00e9tudes, mettant \u00e0 sa disposition sa documentation, fruit de 30 ann\u00e9es de travail.<\/p>\n<p>Les <strong>ateliers<\/strong>, l\u2019apr\u00e8s-midi, ont \u00e9t\u00e9 une partie importante du programme, en vue d\u2019\u00e9tudier des cas d\u2019entreprise et de pr\u00e9parer des projets de microcr\u00e9dit\u00a0: ateliers tr\u00e8s actifs et qui ont surpris par la qualit\u00e9 des travaux pr\u00e9sent\u00e9s en pl\u00e9ni\u00e8re\u00a0; en conclusion, le meilleur projet d\u2019entreprise a re\u00e7u un prix.<\/p>\n<p>Il s\u2019est agi, en fin de compte, d\u2019une semaine vraiment fructueuse, gr\u00e2ce au travail de pr\u00e9paration de l\u2019Universit\u00e9, gr\u00e2ce \u00e0 l\u2019attitude tr\u00e8s positive des jeunes, qui se sont personnellement engag\u00e9s comme participants, encourag\u00e9s par le cr\u00e9dit acquis en vue des r\u00e9sultats scolaires.<\/p>\n<p>L\u2019 ambiance \u00e9tait all\u00e8gre, avec musique et danse pour animer les pauses\u00a0; et \u2013 ambiance garantie &#8211; les jeunes, \u00e0 la soir\u00e9e de f\u00eate qu\u2019ils ont organis\u00e9e, ont chant\u00e9 et dans\u00e9 \u00e0 la lumi\u00e8re des portables, en raison d\u2019une coupure du courant.<\/p>\n<p>Les impressions des participants ont \u00e9t\u00e9 tr\u00e8s favorables\u00a0: beaucoup ont r\u00e9alis\u00e9 que, outre la proposition d\u2019un style de gestion d\u2019entreprise, l\u2019\u00c9deC est une \u00ab\u00a0proposition de vie\u00a0\u00bb que l\u2019on peut tout de suite mettre en pratique, et ils ont d\u00e9clar\u00e9 vouloir la suivre. En synth\u00e8se\u00a0: grande positivit\u00e9, d\u00e9sir d\u2019agir et de s\u2019engager pour un monde meilleur.<\/p>\n<p><span id=\"result_box\" class=\"short_text\" lang=\"fr\"><span class=\"hps\">Voir aussi:<a href=\"http:\/\/edc-online.org\/fr\/accueil\/evenements\/10309-cameroun-buea-edec-une-proposition-de-vie.html\" target=\"_blank\" rel=\"noopener\">edc-online.<\/a><\/span><\/span><\/p>\n<p><strong>Vid\u00e9o-Photo Galerie de la conf\u00e9rence:<\/strong><\/p>\n<p>https:\/\/www.youtube.com\/watch?v=RxwKXsEvmn0<\/p><\/p>\n","protected":false},"excerpt":{"rendered":"<p>A Buea, sur les pentes du mont Cameroun, une semaine sous l&rsquo;enseigne de l\u2019\u00c9conomie de Communion avec les \u00e9tudiants de l&rsquo;Universit\u00e9 catholique de Buea. Premi\u00e8re approche vers le grand rendez-vous EdC au Kenya.<\/p>\n","protected":false},"author":34,"featured_media":0,"comment_status":"open","ping_status":"open","sticky":false,"template":"","format":"standard","meta":{"give_campaign_id":0,"_seopress_robots_primary_cat":"","_seopress_titles_title":"","_seopress_titles_desc":"","_seopress_robots_index":"","_et_pb_use_builder":"","_et_pb_old_content":"","_et_gb_content_width":"","footnotes":""},"categories":[906],"tags":[],"class_list":["post-330362","post","type-post","status-publish","format-standard","hentry","category-focolare-worldwide-2-3"],"_links":{"self":[{"href":"https:\/\/www.focolare.org\/fr\/wp-json\/wp\/v2\/posts\/330362","targetHints":{"allow":["GET"]}}],"collection":[{"href":"https:\/\/www.focolare.org\/fr\/wp-json\/wp\/v2\/posts"}],"about":[{"href":"https:\/\/www.focolare.org\/fr\/wp-json\/wp\/v2\/types\/post"}],"author":[{"embeddable":true,"href":"https:\/\/www.focolare.org\/fr\/wp-json\/wp\/v2\/users\/34"}],"replies":[{"embeddable":true,"href":"https:\/\/www.focolare.org\/fr\/wp-json\/wp\/v2\/comments?post=330362"}],"version-history":[{"count":0,"href":"https:\/\/www.focolare.org\/fr\/wp-json\/wp\/v2\/posts\/330362\/revisions"}],"wp:attachment":[{"href":"https:\/\/www.focolare.org\/fr\/wp-json\/wp\/v2\/media?parent=330362"}],"wp:term":[{"taxonomy":"category","embeddable":true,"href":"https:\/\/www.focolare.org\/fr\/wp-json\/wp\/v2\/categories?post=330362"},{"taxonomy":"post_tag","embeddable":true,"href":"https:\/\/www.focolare.org\/fr\/wp-json\/wp\/v2\/tags?post=330362"}],"curies":[{"name":"wp","href":"https:\/\/api.w.org\/{rel}","templated":true}]}}